{"id":30321,"date":"2025-06-24T12:19:18","date_gmt":"2025-06-24T15:19:18","guid":{"rendered":"https:\/\/diariotribuna.com.br\/?p=30321"},"modified":"2025-06-24T12:19:18","modified_gmt":"2025-06-24T15:19:18","slug":"vale-do-aco-vai-ganhar-usina","status":"publish","type":"post","link":"https:\/\/diariotribuna.com.br\/?p=30321","title":{"rendered":"Vale do A\u00e7o vai ganhar usina\u00a0"},"content":{"rendered":"<p><strong><span>COLUNA MG<\/span><\/strong><\/p>\n<p><span>Principais destaques dos jornais e portais integrantes da rede Sindijori MG\u00a0<\/span><\/p>\n<p><span><a href=\"http:\/\/www.sindijorimg.com.br\/\">www.sindijorimg.com.br<\/a><\/span><\/p>\n<p><span><\/span><\/p>\n\n<p><strong><span>Vale do A\u00e7o vai ganhar usina<\/span><\/strong><\/p>\n<p><span>A cidade de Engenheiro Caldas, passa a contar, a partir de julho, com um dos maiores empreendimentos em energia solar da regi\u00e3o. A Usina Fotovoltaica Vale do A\u00e7o I, que entra em opera\u00e7\u00e3o no dia 5 de julho, ter\u00e1 uma capacidade de produ\u00e7\u00e3o de 5 milh\u00f5es de quilowatt-hora (kWh), o maior valor j\u00e1 registrado em uma usina solar fotovoltaica no Vale do Rio Doce. O empreendimento representa um avan\u00e7o expressivo na gera\u00e7\u00e3o de energia limpa em Minas Gerais. Sua capacidade corresponde a 40% da produ\u00e7\u00e3o da Usina Advogado Eduardo Soares, em Montes Claros, considerada atualmente a maior usina solar do estado. O investimento total na usina foi de R$ 17 milh\u00f5es. (Di\u00e1rio do Rio Doce \u2013 Governador Valadares)<\/span><\/p>\n<p><span><a href=\"https:\/\/drd.com.br\/engenheiro-caldas-recebera-a-maior-usina-solar-do-vale-do-rio-doce\/\">https:\/\/drd.com.br\/engenheiro-caldas-recebera-a-maior-usina-solar-do-vale-do-rio-doce\/<\/a><\/span><\/p>\n<p><span><\/span><\/p>\n\n<p><strong><span>Gerentes Municipais t\u00eam capacita\u00e7\u00e3o<\/span><\/strong><\/p>\n<p><span>A Caixa Econ\u00f4mica Federal realizou uma capacita\u00e7\u00e3o para Gerentes Municipais de Conv\u00eanios e Contratos, em parceria com a Associa\u00e7\u00e3o dos Munic\u00edpios da Microrregi\u00e3o do Vale do Mucuri, na semana passada, visando qualificar os profissionais respons\u00e1veis pela gest\u00e3o de conv\u00eanios e contratos nos munic\u00edpios, para aprimorar a execu\u00e7\u00e3o de projetos e a gest\u00e3o dos recursos p\u00fablicos. A capacita\u00e7\u00e3o \u00e9 para que os Gerentes se tornem refer\u00eancia na gest\u00e3o de conv\u00eanios e contratos, promovendo mais efici\u00eancia, seguran\u00e7a e alinhamento estrat\u00e9gico. (Di\u00e1rio Tribuna \u2013 Te\u00f3filo Otoni0<\/span><\/p>\n<p><span><a href=\"https:\/\/diariotribuna.com.br\/?p=30280\">https:\/\/diariotribuna.com.br\/?p=30280<\/a><\/span><\/p>\n<p><span><\/span><\/p>\n\n<p><strong><span>JF tem projeto de tarifa zero<\/span><\/strong><\/p>\n<p><span>A Prefeitura de Juiz de Fora protocolou, na segunda-feira, 23, na C\u00e2mara Municipal, um Projeto de Lei que prop\u00f5e a implementa\u00e7\u00e3o da Tarifa Zero no transporte coletivo urbano. A medida, caso aprovada, tornar\u00e1 o munic\u00edpio o primeiro do pa\u00eds com mais de 500 mil habitantes a oferecer gratuidade total a todos os usu\u00e1rios do sistema. O financiamento do novo modelo ser\u00e1 viabilizado por meio de um fundo municipal de transporte, sustentado em parte por uma contribui\u00e7\u00e3o de empresas com mais de dez empregados. Pequenos neg\u00f3cios estar\u00e3o isentos da cobran\u00e7a. (Portal RCW TV)<\/span><\/p>\n<p><span><a href=\"https:\/\/www.rcwtv.com.br\/noticia\/prefeitura-de-juiz-de-fora-propoe-gratuidade-total-no-transporte-coletivo-urbano\">https:\/\/www.rcwtv.com.br\/noticia\/prefeitura-de-juiz-de-fora-propoe-gratuidade-total-no-transporte-coletivo-urbano<\/a><\/span><\/p>\n<p><span><\/span><\/p>\n\n<p><strong><span>MG aumenta produ\u00e7\u00e3o de a\u00e7o<\/span><\/strong><\/p>\n<p><span>Em maio deste ano, a produ\u00e7\u00e3o de a\u00e7o bruto em Minas Gerais totalizou 809 mil toneladas, o que representa um crescimento de 5,3% em rela\u00e7\u00e3o ao mesmo intervalo de 2024. Esse foi o primeiro avan\u00e7o anual desde fevereiro, quando o volume subiu 1,8%. Em abril, houve queda de 6,6% e, em mar\u00e7o, de 2,4%, de acordo com os dados do Instituto A\u00e7o Brasil. Com esse volume, o Estado seguiu na lideran\u00e7a nacional, respondendo por 29,9% das 2,71 milh\u00f5es de toneladas produzidas no Pa\u00eds. Na segunda posi\u00e7\u00e3o ficou o Rio de Janeiro, com 23,7%, e na terceira, S\u00e3o Paulo, com um percentual bem inferior, de 6,8%. (Di\u00e1rio do Com\u00e9rcio \u2013 Belo Horizonte)<\/span><\/p>\n<p><span><a href=\"https:\/\/diariodocomercio.com.br\/economia\/producao-aco-bruto-sobe-minas-gerais\/\">https:\/\/diariodocomercio.com.br\/economia\/producao-aco-bruto-sobe-minas-gerais\/<\/a><\/span><\/p>\n<p><span><\/span><\/p>\n\n<p><strong><span>IPC de Vi\u00e7osa tem queda<\/span><\/strong><\/p>\n<p><span>O \u00cdndice de Pre\u00e7os ao Consumidor (IPC) de Vi\u00e7osa apresentou, no m\u00eas de maio, uma infla\u00e7\u00e3o de 0,63%, seu menor n\u00famero em 2025. Ainda assim, os pre\u00e7os continuam subindo de forma significativa no munic\u00edpio, sempre bem vinculado ao \u00e2mbito nacional, calculado pelo \u00cdndice de Pre\u00e7os ao Consumidor Amplo (IPCA). Em maio, dos sete grupos que comp\u00f5em o IPC-Vi\u00e7osa, cinco tiveram varia\u00e7\u00f5es positivas. As varia\u00e7\u00f5es negativas ficaram por conta dos grupos Transporte e Comunica\u00e7\u00e3o (-0,37%) e Vestu\u00e1rio (-3,31%). O valor da cesta b\u00e1sica registrou sua primeira queda em 2025, assim como nos \u00faltimos 12 meses, com uma redu\u00e7\u00e3o de 3,75% no custo. (Folha da Mata \u2013 Vi\u00e7osa)<\/span><\/p>\n<p><span><a href=\"https:\/\/www.folhadamata.com.br\/ipc-vicosa-registra-menor-inflacao-de-2025-e-queda-no-preco-da-cesta-basica\">https:\/\/www.folhadamata.com.br\/ipc-vicosa-registra-menor-inflacao-de-2025-e-queda-no-preco-da-cesta-basica<\/a><\/span><\/p>\n<p><span><\/span><\/p>\n\n<p><strong><span>Ped\u00e1gios sobem na BR-050<\/span><\/strong><\/p>\n<p><span>Ped\u00e1gios na BR-050 entre Delta e Cristalina sobem 5,66% a partir do dia 8 de julho, quando entram em vigor os novos valores de ped\u00e1gio na BR-050, trecho que liga Cristalina (GO) \u00e0 divisa de Minas Gerais com S\u00e3o Paulo, administrado pela concession\u00e1ria Ecovias Minas Goi\u00e1s (Eco050). Com isso, a viagem de carro no trecho, que hoje custa R$42,40, sobe para R$44,80. O aumento ser\u00e1 aplicado nas seis pra\u00e7as de ped\u00e1gio ao longo do trajeto: Ipameri (P1), Campo Alegre de Goi\u00e1s (P2), Araguari (P3 e P4), Uberaba (P5) e Delta (P6). (Jornal da Manh\u00e3 \u2013 Uberaba)<\/span><\/p>\n<p><span><a href=\"https:\/\/jmonline.com.br\/politica\/pedagios-da-br-050-ficam-5-66-mais-caros-a-partir-de-8-de-julho-1.516391\">https:\/\/jmonline.com.br\/politica\/pedagios-da-br-050-ficam-5-66-mais-caros-a-partir-de-8-de-julho-1.516391<\/a><\/span><\/p>\n<p><span><\/span><\/p>\n\n<p><strong><span>Po\u00e7os debate terras raras<\/span><\/strong><\/p>\n<p><span>A Comiss\u00e3o de Direito Ambiental e Miner\u00e1rio da OAB Po\u00e7os de Caldas vai realizar o evento \u201cMinera\u00e7\u00e3o Terras Raras: Impactos no Planalto de Po\u00e7os de Caldas\u201d, que ocorrer\u00e1 nesta quarta, 25.O encontro visa debater as quest\u00f5es ambientais e os desafios da minera\u00e7\u00e3o, com foco nas terras raras e seu impacto no desenvolvimento da regi\u00e3o.<\/span><\/p>\n<p><span>Al\u00e9m das palestras, o evento ter\u00e1 uma entrada solid\u00e1ria, em parceria com a Comiss\u00e3o OAB Social. (Jornal Mantiqueira \u2013 Po\u00e7os de Caldas)<\/span><\/p>\n<p><span><a href=\"https:\/\/www.jornalmantiqueira.com.br\/2025\/06\/24\/oab-pocos-realiza-evento-sobre-impactos-da-mineracao-no-planalto\/\">https:\/\/www.jornalmantiqueira.com.br\/2025\/06\/24\/oab-pocos-realiza-evento-sobre-impactos-da-mineracao-no-planalto\/<\/a><\/span><\/p>\n<p><span><\/span><\/p>\n\n<p>\u00a0<\/p>","protected":false},"excerpt":{"rendered":"<p>COLUNA MG Principais destaques dos jornais e portais integrantes da rede Sindijori MG\u00a0 www.sindijorimg.com.br Vale do A\u00e7o vai ganhar usina A cidade de Engenheiro Caldas, passa a contar, a partir de julho, com um dos maiores empreendimentos em energia solar da regi\u00e3o. A Usina Fotovoltaica Vale do A\u00e7o I, que entra em opera\u00e7\u00e3o no dia [&hellip;]<\/p>\n","protected":false},"author":0,"featured_media":30322,"comment_status":"open","ping_status":"open","sticky":false,"template":"","format":"standard","meta":{"rop_custom_images_group":[],"rop_custom_messages_group":[],"rop_publish_now":"initial","rop_publish_now_accounts":[],"rop_publish_now_history":[],"rop_publish_now_status":"pending","footnotes":""},"categories":[6745],"tags":[],"class_list":["post-30321","post","type-post","status-publish","format-standard","has-post-thumbnail","hentry","category-coluna-sindijori"],"_links":{"self":[{"href":"https:\/\/diariotribuna.com.br\/index.php?rest_route=\/wp\/v2\/posts\/30321"}],"collection":[{"href":"https:\/\/diariotribuna.com.br\/index.php?rest_route=\/wp\/v2\/posts"}],"about":[{"href":"https:\/\/diariotribuna.com.br\/index.php?rest_route=\/wp\/v2\/types\/post"}],"replies":[{"embeddable":true,"href":"https:\/\/diariotribuna.com.br\/index.php?rest_route=%2Fwp%2Fv2%2Fcomments&post=30321"}],"version-history":[{"count":0,"href":"https:\/\/diariotribuna.com.br\/index.php?rest_route=\/wp\/v2\/posts\/30321\/revisions"}],"wp:featuredmedia":[{"embeddable":true,"href":"https:\/\/diariotribuna.com.br\/index.php?rest_route=\/wp\/v2\/media\/30322"}],"wp:attachment":[{"href":"https:\/\/diariotribuna.com.br\/index.php?rest_route=%2Fwp%2Fv2%2Fmedia&parent=30321"}],"wp:term":[{"taxonomy":"category","embeddable":true,"href":"https:\/\/diariotribuna.com.br\/index.php?rest_route=%2Fwp%2Fv2%2Fcategories&post=30321"},{"taxonomy":"post_tag","embeddable":true,"href":"https:\/\/diariotribuna.com.br\/index.php?rest_route=%2Fwp%2Fv2%2Ftags&post=30321"}],"curies":[{"name":"wp","href":"https:\/\/api.w.org\/{rel}","templated":true}]}}