{"id":30327,"date":"2025-06-24T17:05:11","date_gmt":"2025-06-24T20:05:11","guid":{"rendered":"https:\/\/diariotribuna.com.br\/?p=30327"},"modified":"2025-06-24T17:07:33","modified_gmt":"2025-06-24T20:07:33","slug":"policia-militar-prende-autor-de-roubo-na-zona-rural-de-jequitinhonha","status":"publish","type":"post","link":"https:\/\/diariotribuna.com.br\/?p=30327","title":{"rendered":"Pol\u00edcia Militar prende autor de roubo na zona rural de Jequitinhonha"},"content":{"rendered":"\n<figure class=\"wp-block-image size-full is-resized\"><img loading=\"lazy\" decoding=\"async\" width=\"700\" height=\"393\" src=\"https:\/\/diariotribuna.com.br\/wp-content\/uploads\/2025\/06\/Imagem-do-WhatsApp-de-2025-06-21-as-10.32.38_8d9bf269.jpg\" alt=\"\" class=\"wp-image-30328\" style=\"width:471px;height:auto\" srcset=\"https:\/\/diariotribuna.com.br\/wp-content\/uploads\/2025\/06\/Imagem-do-WhatsApp-de-2025-06-21-as-10.32.38_8d9bf269.jpg 700w, https:\/\/diariotribuna.com.br\/wp-content\/uploads\/2025\/06\/Imagem-do-WhatsApp-de-2025-06-21-as-10.32.38_8d9bf269-300x168.jpg 300w, https:\/\/diariotribuna.com.br\/wp-content\/uploads\/2025\/06\/Imagem-do-WhatsApp-de-2025-06-21-as-10.32.38_8d9bf269-696x391.jpg 696w\" sizes=\"(max-width: 700px) 100vw, 700px\" \/><\/figure>\n\n\n\n<p>Na sexta-feira, 20 de junho, a Pol\u00edcia Militar de Minas Gerais prendeu R.L.J., 20 anos, autor de um roubo na zona rural de Jequitinhonha. Segundo a PM, ap\u00f3s fazer uso de bebida alco\u00f3lica com a v\u00edtima R.F.O., 53 anos, na Fazenda Panela, o autor saiu da sede da fazenda e retornou tempo depois, encapuzado, revirou a resid\u00eancia e atacou R.F.O. que estava dormindo, com v\u00e1rios golpes de faca.<\/p>\n\n\n\n<p>O autor das agress\u00f5es fugiu levando R$ 250 e um telefone celular pertencente \u00e0 v\u00edtima. A v\u00edtima saiu de sua casa \u00e0 procura de socorro, e um morador da localidade fez contato com a propriet\u00e1ria da fazenda, sendo providenciado um transporte ao Hospital S\u00e3o Miguel, onde ele ficou internado em observa\u00e7\u00e3o.<\/p>\n\n\n\n<p>A PM foi solicitada pela recep\u00e7\u00e3o do hospital, iniciando levantamentos que culminaram na localiza\u00e7\u00e3o e pris\u00e3o do autor do crime que estava na fazenda Santa Maria, a 2 km do local do fato. Ele ainda estava na posse do celular roubado, foi preso e encaminhado \u00e0 delegacia de plant\u00e3o da Pol\u00edcia Civil, em Almenara, para os procedimentos de pol\u00edcia judici\u00e1ria. <strong>Equipe PM:<\/strong> sargento Celso Mendes e soldado Ferraz. (Informa\u00e7\u00f5es\/Foto: sargento Celso).<\/p>\n","protected":false},"excerpt":{"rendered":"<p>Na sexta-feira, 20 de junho, a Pol\u00edcia Militar de Minas Gerais prendeu R.L.J., 20 anos, autor de um roubo na zona rural de Jequitinhonha. Segundo a PM, ap\u00f3s fazer uso de bebida alco\u00f3lica com a v\u00edtima R.F.O., 53 anos, na Fazenda Panela, o autor saiu da sede da fazenda e retornou tempo depois, encapuzado, revirou [&hellip;]<\/p>\n","protected":false},"author":1,"featured_media":30328,"comment_status":"open","ping_status":"open","sticky":false,"template":"","format":"standard","meta":{"rop_custom_images_group":[],"rop_custom_messages_group":[],"rop_publish_now":"initial","rop_publish_now_accounts":[],"rop_publish_now_history":[],"rop_publish_now_status":"pending","footnotes":""},"categories":[25,20],"tags":[1820,3734,297,76,649],"class_list":["post-30327","post","type-post","status-publish","format-standard","has-post-thumbnail","hentry","category-destaque","category-policia","tag-autor-de-roubo","tag-celular","tag-jequitinhonha","tag-policia-militar","tag-prisao"],"_links":{"self":[{"href":"https:\/\/diariotribuna.com.br\/index.php?rest_route=\/wp\/v2\/posts\/30327"}],"collection":[{"href":"https:\/\/diariotribuna.com.br\/index.php?rest_route=\/wp\/v2\/posts"}],"about":[{"href":"https:\/\/diariotribuna.com.br\/index.php?rest_route=\/wp\/v2\/types\/post"}],"author":[{"embeddable":true,"href":"https:\/\/diariotribuna.com.br\/index.php?rest_route=\/wp\/v2\/users\/1"}],"replies":[{"embeddable":true,"href":"https:\/\/diariotribuna.com.br\/index.php?rest_route=%2Fwp%2Fv2%2Fcomments&post=30327"}],"version-history":[{"count":2,"href":"https:\/\/diariotribuna.com.br\/index.php?rest_route=\/wp\/v2\/posts\/30327\/revisions"}],"predecessor-version":[{"id":30331,"href":"https:\/\/diariotribuna.com.br\/index.php?rest_route=\/wp\/v2\/posts\/30327\/revisions\/30331"}],"wp:featuredmedia":[{"embeddable":true,"href":"https:\/\/diariotribuna.com.br\/index.php?rest_route=\/wp\/v2\/media\/30328"}],"wp:attachment":[{"href":"https:\/\/diariotribuna.com.br\/index.php?rest_route=%2Fwp%2Fv2%2Fmedia&parent=30327"}],"wp:term":[{"taxonomy":"category","embeddable":true,"href":"https:\/\/diariotribuna.com.br\/index.php?rest_route=%2Fwp%2Fv2%2Fcategories&post=30327"},{"taxonomy":"post_tag","embeddable":true,"href":"https:\/\/diariotribuna.com.br\/index.php?rest_route=%2Fwp%2Fv2%2Ftags&post=30327"}],"curies":[{"name":"wp","href":"https:\/\/api.w.org\/{rel}","templated":true}]}}