{"id":30336,"date":"2025-06-25T08:18:07","date_gmt":"2025-06-25T11:18:07","guid":{"rendered":"https:\/\/diariotribuna.com.br\/?p=30336"},"modified":"2025-06-25T08:18:07","modified_gmt":"2025-06-25T11:18:07","slug":"a-forca-que-move-minas-gerais","status":"publish","type":"post","link":"https:\/\/diariotribuna.com.br\/?p=30336","title":{"rendered":"A for\u00e7a que move Minas Gerais\u00a0"},"content":{"rendered":"<p class=\"MsoNormal\"><span>FAEMG SENAR | Divulga\u00e7\u00e3o<\/span><\/p>\n<p><span><\/span><span><\/span><span><\/span><span><\/span><span><\/span><span><\/span><span><\/span><\/p>\n<p><em>Por Ant\u00f4nio Pitangui de Salvo, engenheiro agr\u00f4nomo e presidente da Federa\u00e7\u00e3o da Agricultura e Pecu\u00e1ria do Estado de Minas Gerais (Faemg)<\/em><\/p>\n<p>Minas Gerais tem vivido, nas \u00faltimas d\u00e9cadas, uma profunda transforma\u00e7\u00e3o no campo. De um passado marcado pela agricultura e pecu\u00e1ria de subsist\u00eancia \u2014 muitas vezes invis\u00edvel aos olhos da popula\u00e7\u00e3o urbana \u2014, o estado conquistou protagonismo nacional com uma agropecu\u00e1ria diversificada, competitiva e em constante evolu\u00e7\u00e3o.<\/p>\n<p>Antes pouco conhecida, a produ\u00e7\u00e3o rural mineira hoje lidera cadeias como a <strong>cafeicultura<\/strong>, a <strong>pecu\u00e1ria leiteira<\/strong>, as <strong>florestas plantadas<\/strong> e a <strong>equinocultura<\/strong> \u2014 \u00e1rea em que Minas det\u00e9m o maior rebanho equino do Brasil \u2014, entre v\u00e1rias outras. Esse avan\u00e7o \u00e9 resultado de investimentos cont\u00ednuos em <strong>tecnologia, qualifica\u00e7\u00e3o, assist\u00eancia t\u00e9cnica e gest\u00e3o<\/strong>, conduzidos por um esfor\u00e7o coletivo que envolve produtores, cooperativas, sindicatos rurais, ind\u00fastria, com\u00e9rcio, transporte e, de forma decisiva, a atua\u00e7\u00e3o permanente do <strong>Sistema Faemg Senar<\/strong>.<\/p>\n<p>Esse trabalho come\u00e7a a ser reconhecido de forma mais ampla pela sociedade. A mais recente <strong>pesquisa Quaest-Faemg<\/strong> revela que <strong>80% dos mineiros t\u00eam uma imagem positiva da agropecu\u00e1ria<\/strong> \u2014 o setor mais bem avaliado do estado, \u00e0 frente de atividades tradicionais como minera\u00e7\u00e3o, ind\u00fastria e servi\u00e7os. Mais do que n\u00fameros, esse dado reflete a confian\u00e7a da popula\u00e7\u00e3o e o entendimento de que o agro \u00e9 motor de desenvolvimento, gera\u00e7\u00e3o de emprego e qualidade de vida.<\/p>\n<p>Para <strong>43% dos entrevistados<\/strong>, a agropecu\u00e1ria \u00e9 a <strong>principal atividade econ\u00f4mica de Minas Gerais<\/strong> \u2014 um reconhecimento que vai al\u00e9m da expressiva contribui\u00e7\u00e3o ao PIB estadual, hoje em torno de 22%. Essa percep\u00e7\u00e3o est\u00e1 diretamente ligada ao nosso compromisso com a <strong>responsabilidade socioambiental<\/strong> e \u00e0 entrega de <strong>alimentos de qualidade<\/strong> \u00e0 popula\u00e7\u00e3o.<\/p>\n<p>A pesquisa tamb\u00e9m revelou uma oportunidade estrat\u00e9gica: <strong>12% dos entrevistados t\u00eam vis\u00e3o neutra sobre o setor<\/strong> e, entre esses, <strong>43% afirmam desconhecer a atividade agropecu\u00e1ria<\/strong>. Esse dado refor\u00e7a a import\u00e2ncia de <strong>ampliarmos o di\u00e1logo com a sociedade urbana<\/strong>, mostrando com transpar\u00eancia e proximidade a realidade do campo.<\/p>\n<p>Temos um caminho promissor pela frente, que exige <strong>comunica\u00e7\u00e3o clara, acess\u00edvel e cont\u00ednua<\/strong>, para que mais mineiros compreendam que o alimento cultivado em nosso solo representa <strong>emprego, renda, inova\u00e7\u00e3o e futuro<\/strong>. Nosso desafio \u00e9 aproximar ainda mais o campo da cidade, fortalecendo a conex\u00e3o entre quem produz e quem consome.<\/p>\n\n<p>O <strong>Sistema Faemg Senar<\/strong> seguir\u00e1 firme nesse prop\u00f3sito, investindo na qualifica\u00e7\u00e3o dos produtores e na valoriza\u00e7\u00e3o da agropecu\u00e1ria mineira. <strong>Minas \u00e9 agro.<\/strong> Por isso, atuaremos com ainda mais vigor na nossa comunica\u00e7\u00e3o, para tornar mais vis\u00edvel o trabalho do produtor rural e os benef\u00edcios que a atividade gera \u00e0 sociedade. <strong>Quem conhece o campo mineiro, respeita e se orgulha da for\u00e7a que move Minas Gerais.<\/strong><\/p>\n<p>\u00a0<\/p>","protected":false},"excerpt":{"rendered":"<p>FAEMG SENAR | Divulga\u00e7\u00e3o Por Ant\u00f4nio Pitangui de Salvo, engenheiro agr\u00f4nomo e presidente da Federa\u00e7\u00e3o da Agricultura e Pecu\u00e1ria do Estado de Minas Gerais (Faemg) Minas Gerais tem vivido, nas \u00faltimas d\u00e9cadas, uma profunda transforma\u00e7\u00e3o no campo. De um passado marcado pela agricultura e pecu\u00e1ria de subsist\u00eancia \u2014 muitas vezes invis\u00edvel aos olhos da popula\u00e7\u00e3o [&hellip;]<\/p>\n","protected":false},"author":0,"featured_media":30337,"comment_status":"open","ping_status":"open","sticky":false,"template":"","format":"standard","meta":{"rop_custom_images_group":[],"rop_custom_messages_group":[],"rop_publish_now":"initial","rop_publish_now_accounts":[],"rop_publish_now_history":[],"rop_publish_now_status":"pending","footnotes":""},"categories":[6745],"tags":[],"class_list":["post-30336","post","type-post","status-publish","format-standard","has-post-thumbnail","hentry","category-coluna-sindijori"],"_links":{"self":[{"href":"https:\/\/diariotribuna.com.br\/index.php?rest_route=\/wp\/v2\/posts\/30336"}],"collection":[{"href":"https:\/\/diariotribuna.com.br\/index.php?rest_route=\/wp\/v2\/posts"}],"about":[{"href":"https:\/\/diariotribuna.com.br\/index.php?rest_route=\/wp\/v2\/types\/post"}],"replies":[{"embeddable":true,"href":"https:\/\/diariotribuna.com.br\/index.php?rest_route=%2Fwp%2Fv2%2Fcomments&post=30336"}],"version-history":[{"count":0,"href":"https:\/\/diariotribuna.com.br\/index.php?rest_route=\/wp\/v2\/posts\/30336\/revisions"}],"wp:featuredmedia":[{"embeddable":true,"href":"https:\/\/diariotribuna.com.br\/index.php?rest_route=\/wp\/v2\/media\/30337"}],"wp:attachment":[{"href":"https:\/\/diariotribuna.com.br\/index.php?rest_route=%2Fwp%2Fv2%2Fmedia&parent=30336"}],"wp:term":[{"taxonomy":"category","embeddable":true,"href":"https:\/\/diariotribuna.com.br\/index.php?rest_route=%2Fwp%2Fv2%2Fcategories&post=30336"},{"taxonomy":"post_tag","embeddable":true,"href":"https:\/\/diariotribuna.com.br\/index.php?rest_route=%2Fwp%2Fv2%2Ftags&post=30336"}],"curies":[{"name":"wp","href":"https:\/\/api.w.org\/{rel}","templated":true}]}}