{"id":30339,"date":"2025-06-25T12:26:32","date_gmt":"2025-06-25T15:26:32","guid":{"rendered":"https:\/\/diariotribuna.com.br\/?p=30339"},"modified":"2025-06-25T12:26:32","modified_gmt":"2025-06-25T15:26:32","slug":"carne-pesa-na-cesta-de-uberlandia","status":"publish","type":"post","link":"https:\/\/diariotribuna.com.br\/?p=30339","title":{"rendered":"Carne pesa na cesta de Uberl\u00e2ndia\u00a0"},"content":{"rendered":"<p class=\"MsoNoSpacing\"><span>Foto: Seapa MG<\/span><\/p>\n<p><\/p>\n<p class=\"MsoNoSpacing\"><span><\/span><\/p>\n<p>\u00a0<\/p>\n<p><\/p>\n<p class=\"MsoNoSpacing\"><span><\/span><\/p>\n<p>\u00a0<\/p>\n<p><\/p>\n<p class=\"MsoNoSpacing\"><strong><span>COLUNA MG<\/span><\/strong><\/p>\n<p><\/p>\n<p class=\"MsoNoSpacing\"><span>Principais destaques dos jornais e portais integrantes da rede Sindijori MG <\/span><\/p>\n<p><\/p>\n<p class=\"MsoNoSpacing\"><span><a href=\"http:\/\/www.sindijorimg.com.br\/\">www.sindijorimg.com.br<\/a><\/span><\/p>\n<p><\/p>\n<p class=\"MsoNoSpacing\"><span><\/span><\/p>\n<p>\u00a0<\/p>\n<p><\/p>\n<p class=\"MsoNoSpacing\"><span><\/span><\/p>\n<p>\u00a0<\/p>\n<p><\/p>\n<p class=\"MsoNoSpacing\"><strong><span>Carne pesa na cesta de Uberl\u00e2ndia<\/span><\/strong><\/p>\n<p><\/p>\n<p class=\"MsoNoSpacing\"><span>O custo m\u00e9dio da Cesta B\u00e1sica de Alimentos (CBA) no m\u00eas de maio foi de R$734,33, em Uberl\u00e2ndia. Segundo levantamento do Centro de Estudos, Pesquisas e Projetos Econ\u00f4mico-Sociais da Universidade Federal de Uberl\u00e2ndia, a carne bovina segue representando maior peso no or\u00e7amento das fam\u00edlias, sendo respons\u00e1vel por mais de 30% do custo total da cesta. Ainda de acordo com os dados, o custo da cesta b\u00e1sica viu 0,1% em rela\u00e7\u00e3o ao m\u00eas de abril, quando o valor m\u00e9dio do conjunto de produtos foi de R$ 735,09. (Di\u00e1rio de Uberl\u00e2ndia)<\/span><\/p>\n<p><\/p>\n<p class=\"MsoNoSpacing\"><span><a href=\"https:\/\/diariodeuberlandia.com.br\/noticia\/38251\/carne-bovina-responsavel-de-30-valor-cesta\">https:\/\/diariodeuberlandia.com.br\/noticia\/38251\/carne-bovina-responsavel-de-30-valor-cesta<\/a><\/span><\/p>\n<p><\/p>\n<p class=\"MsoNoSpacing\"><span><\/span><\/p>\n<p class=\"MsoNoSpacing\"><span><\/span><\/p>\n<p>\u00a0<\/p>\n<p><\/p>\n<p class=\"MsoNoSpacing\"><strong><span>Valadares reajusta tarifas de \u00f4nibus<\/span><\/strong><\/p>\n<p><\/p>\n<p class=\"MsoNoSpacing\"><span>A Prefeitura de Governador Valadares publicou no Di\u00e1rio Oficial do Munic\u00edpio, nesta quarta-feira (18), o Decreto n\u00ba 12.270\/2025, que estabelece um novo reajuste na tarifa do transporte coletivo urbano. A partir de 1\u00ba de julho, a passagem paga com o cart\u00e3o eletr\u00f4nico passar\u00e1 de R$ 4,25 para R$ 4,35, enquanto o valor para quem paga em dinheiro subir\u00e1 de R$ 4,90 para R$ 5,00. O aumento representa um acr\u00e9scimo de R$ 0,10 em ambas as modalidades. (Di\u00e1rio do Rio Doce)<\/span><\/p>\n<p><\/p>\n<p class=\"MsoNoSpacing\"><span><a href=\"https:\/\/drd.com.br\/prefeitura-de-valadares-publica-novo-reajuste-na-tarifa-de-onibus-a-partir-de-julho\/\">https:\/\/drd.com.br\/prefeitura-de-valadares-publica-novo-reajuste-na-tarifa-de-onibus-a-partir-de-julho\/<\/a><\/span><\/p>\n<p><\/p>\n<p class=\"MsoNoSpacing\"><span><\/span><\/p>\n<p class=\"MsoNoSpacing\"><span><\/span><\/p>\n<p>\u00a0<\/p>\n<p><\/p>\n<p class=\"MsoNoSpacing\"><strong><span>ExpoQueijo come\u00e7a em Arax\u00e1<\/span><\/strong><\/p>\n<p><\/p>\n<p class=\"MsoNoSpacing\"><span>Arax\u00e1 \u00e9 o palco da ExpoQueijo Brasil 2025 \u2013 Arax\u00e1 International Cheese Awards, o maior concurso de queijos das Am\u00e9ricas. De 26 a 29 de junho, o Grande Hotel e Termas de Arax\u00e1 recebe cerca de 200 jurados nacionais e internacionais, de sete pa\u00edses, para avaliar mil inscri\u00e7\u00f5es de queijos provenientes de 16 pa\u00edses e 18 estados brasileiros, al\u00e9m do Distrito Federal. O corpo de jurados \u00e9 composto por pesquisadores, professores, jornalistas, chefs de cozinha e especialistas em an\u00e1lise sensorial da Argentina, Brasil, Chile, It\u00e1lia, Peru, Portugal e Uruguai. (Clarin \u2013 Arax\u00e1)<\/span><\/p>\n<p><\/p>\n<p class=\"MsoNoSpacing\"><span><a href=\"https:\/\/clarim.net.br\/maior-concurso-de-queijos-das-americas-reune-jurados-de-sete-paises-em-minas-gerais\/\">https:\/\/clarim.net.br\/maior-concurso-de-queijos-das-americas-reune-jurados-de-sete-paises-em-minas-gerais\/<\/a><\/span><\/p>\n<p><\/p>\n<p class=\"MsoNoSpacing\"><span><\/span><\/p>\n<p class=\"MsoNoSpacing\"><span><\/span><\/p>\n<p>\u00a0<\/p>\n<p><\/p>\n<p class=\"MsoNoSpacing\"><strong><span>L\u00edtio faz mudan\u00e7as no Jequitinhonha<\/span><\/strong><\/p>\n<p><\/p>\n<p class=\"MsoNoSpacing\"><span>Historicamente fora da rota dos investimentos privados \u2013 e, por vezes, dos p\u00fablicos \u2013, o Vale do Jequitinhonha come\u00e7a a despontar no mapa econ\u00f4mico em Minas Gerais em fun\u00e7\u00e3o do protagonismo geogr\u00e1fico para a explora\u00e7\u00e3o do mineral que \u00e9 pe\u00e7a-chave para a ind\u00fastria de carros el\u00e9tricos e h\u00edbridos. O local tem o maior potencial para a explora\u00e7\u00e3o de l\u00edtio do pa\u00eds, com cerca de 45 dep\u00f3sitos do mineral na regi\u00e3o, concentrando aproximadamente 85% das reservas nacionais desse mineral, segundo dados recentes do Servi\u00e7o Geol\u00f3gico do Brasil (SGB). O volume chama a aten\u00e7\u00e3o de empresas, que, entre 2025 e 2029, planejam investir mais de R$ 5 bilh\u00f5es para explora\u00e7\u00e3o do mineral, classificado como estrat\u00e9gico no cen\u00e1rio de transi\u00e7\u00e3o energ\u00e9tica mundial. (Gazeta de Ara\u00e7ua\u00ed)<\/span><\/p>\n<p><\/p>\n<p class=\"MsoNoSpacing\"><span><a href=\"https:\/\/gazetadearacuai.com.br\/noticia\/1028\/de-r-5-bilhoes-investimentos-ate-2029\">https:\/\/gazetadearacuai.com.br\/noticia\/1028\/de-r-5-bilhoes-investimentos-ate-2029<\/a><\/span><\/p>\n<p><\/p>\n<p class=\"MsoNoSpacing\"><span><\/span><\/p>\n<p class=\"MsoNoSpacing\"><span><\/span><\/p>\n<p>\u00a0<\/p>\n<p><\/p>\n<p class=\"MsoNoSpacing\"><strong><span>Colheita de caf\u00e9 avan\u00e7a para 24,3%<\/span><\/strong><\/p>\n<p><\/p>\n<p class=\"MsoNoSpacing\"><span>Boletim semanal informa o andamento da safra nas regi\u00f5es produtoras de caf\u00e9 da cooperativa mineira. O balan\u00e7o da colheita da Cooxup\u00e9 mostra que, at\u00e9 o dia 20 de junho, a cooperativa colheu 24,3% do volume esperado para 2025. A safra cafeeira dos mais de 20 mil cooperados corresponde \u00e0s regi\u00f5es do Sul de Minas, Cerrado Mineiro, Matas de Minas e m\u00e9dia mogiana do estado de S\u00e3o Paulo. A cooperativa, com matriz em Guaxup\u00e9, est\u00e1 presente em mais de 360 munic\u00edpios. (Portal Muzambinho)<\/span><\/p>\n<p><\/p>\n<p class=\"MsoNoSpacing\"><span><a href=\"https:\/\/muzambinho.com.br\/2025\/06\/24\/colheita-de-cafe-avanca-para-243-na-area-de-acao-da-cooxupe\/\">https:\/\/muzambinho.com.br\/2025\/06\/24\/colheita-de-cafe-avanca-para-243-na-area-de-acao-da-cooxupe\/<\/a><\/span><\/p>\n<p><\/p>\n<p class=\"MsoNoSpacing\"><span><\/span><\/p>\n<p>\u00a0<\/p>\n<p><\/p>\n<p class=\"MsoNoSpacing\"><strong><span>Sem\u00e1foros inteligentes em Uberaba<\/span><\/strong><\/p>\n<p><\/p>\n<p class=\"MsoNoSpacing\"><span>Uberaba poder\u00e1 contar com um sistema de sem\u00e1foros inteligentes, com controle centralizado, at\u00e9 2029. A previs\u00e3o faz parte do Plano de Mobilidade Urbana (PlanMob), que est\u00e1 em fase final de elabora\u00e7\u00e3o. A informa\u00e7\u00e3o foi confirmada por Ricardo Mendanha, coordenador t\u00e9cnico do Cons\u00f3rcio PlanMob. Segundo Mendanha, a proposta \u00e9 modernizar toda a rede semaf\u00f3rica de Uberaba, substituindo os controladores atuais por equipamentos interligados a uma central de controle via internet. Esse sistema ser\u00e1 capaz de analisar em tempo real o fluxo de ve\u00edculos, ajustar automaticamente a programa\u00e7\u00e3o dos sinais e sincronizar os sem\u00e1foros entre si. (Jornal da Manh\u00e3 \u2013 Uberaba)<\/span><\/p>\n<p><\/p>\n<p class=\"MsoNoSpacing\"><span><a href=\"https:\/\/www.jmonline.com.br\/cidade\/uberaba-pode-ganhar-sistema-de-semaforos-inteligentes-ate-2029-1.516468\">https:\/\/www.jmonline.com.br\/cidade\/uberaba-pode-ganhar-sistema-de-semaforos-inteligentes-ate-2029-1.516468<\/a><\/span><\/p>\n<p><\/p>\n<p>\u00a0<\/p>","protected":false},"excerpt":{"rendered":"<p>Foto: Seapa MG \u00a0 \u00a0 COLUNA MG Principais destaques dos jornais e portais integrantes da rede Sindijori MG www.sindijorimg.com.br \u00a0 \u00a0 Carne pesa na cesta de Uberl\u00e2ndia O custo m\u00e9dio da Cesta B\u00e1sica de Alimentos (CBA) no m\u00eas de maio foi de R$734,33, em Uberl\u00e2ndia. Segundo levantamento do Centro de Estudos, Pesquisas e Projetos Econ\u00f4mico-Sociais [&hellip;]<\/p>\n","protected":false},"author":0,"featured_media":30340,"comment_status":"open","ping_status":"open","sticky":false,"template":"","format":"standard","meta":{"rop_custom_images_group":[],"rop_custom_messages_group":[],"rop_publish_now":"initial","rop_publish_now_accounts":[],"rop_publish_now_history":[],"rop_publish_now_status":"pending","footnotes":""},"categories":[6745],"tags":[],"class_list":["post-30339","post","type-post","status-publish","format-standard","has-post-thumbnail","hentry","category-coluna-sindijori"],"_links":{"self":[{"href":"https:\/\/diariotribuna.com.br\/index.php?rest_route=\/wp\/v2\/posts\/30339"}],"collection":[{"href":"https:\/\/diariotribuna.com.br\/index.php?rest_route=\/wp\/v2\/posts"}],"about":[{"href":"https:\/\/diariotribuna.com.br\/index.php?rest_route=\/wp\/v2\/types\/post"}],"replies":[{"embeddable":true,"href":"https:\/\/diariotribuna.com.br\/index.php?rest_route=%2Fwp%2Fv2%2Fcomments&post=30339"}],"version-history":[{"count":0,"href":"https:\/\/diariotribuna.com.br\/index.php?rest_route=\/wp\/v2\/posts\/30339\/revisions"}],"wp:featuredmedia":[{"embeddable":true,"href":"https:\/\/diariotribuna.com.br\/index.php?rest_route=\/wp\/v2\/media\/30340"}],"wp:attachment":[{"href":"https:\/\/diariotribuna.com.br\/index.php?rest_route=%2Fwp%2Fv2%2Fmedia&parent=30339"}],"wp:term":[{"taxonomy":"category","embeddable":true,"href":"https:\/\/diariotribuna.com.br\/index.php?rest_route=%2Fwp%2Fv2%2Fcategories&post=30339"},{"taxonomy":"post_tag","embeddable":true,"href":"https:\/\/diariotribuna.com.br\/index.php?rest_route=%2Fwp%2Fv2%2Ftags&post=30339"}],"curies":[{"name":"wp","href":"https:\/\/api.w.org\/{rel}","templated":true}]}}