{"id":30347,"date":"2025-06-26T09:30:44","date_gmt":"2025-06-26T12:30:44","guid":{"rendered":"https:\/\/diariotribuna.com.br\/?p=30347"},"modified":"2025-06-26T09:30:44","modified_gmt":"2025-06-26T12:30:44","slug":"previsao-de-inverno-chuvoso-traz-alivio-e-alerta-para-produtores-rurais","status":"publish","type":"post","link":"https:\/\/diariotribuna.com.br\/?p=30347","title":{"rendered":"Previs\u00e3o de inverno chuvoso traz al\u00edvio e alerta para produtores rurais\u00a0"},"content":{"rendered":"<p class=\"MsoNormal\"><span>FAEMG SENAR | Divulga\u00e7\u00e3o<\/span><\/p>\n<p><span><\/span><span><\/span><span><\/span><span><\/span><span><\/span><span><\/span><span><\/span><\/p>\n<h3><strong>Mesmo com mais umidade, risco de inc\u00eandios em pastos e planta\u00e7\u00f5es permanece<\/strong><\/h3>\n<p>Apesar da previs\u00e3o de chuvas acima da m\u00e9dia para o inverno deste ano, especialistas e autoridades alertam para o risco de inc\u00eandios em \u00e1reas rurais. A esta\u00e7\u00e3o, que teve in\u00edcio em 20 de junho, exige aten\u00e7\u00e3o redobrada dos produtores para preven\u00e7\u00e3o e mitiga\u00e7\u00e3o de preju\u00edzos no campo.<\/p>\n<p>De acordo com o meteorologista <strong>Ruibran dos Reis<\/strong>, o Brasil encerrou recentemente um per\u00edodo de influ\u00eancia do fen\u00f4meno <strong>La Ni\u00f1a<\/strong>, que eleva os n\u00edveis de umidade. Agora, o pa\u00eds atravessa uma fase de neutralidade clim\u00e1tica, o que, segundo o especialista, deve resultar em um <strong>inverno mais \u00famido e com menor amplitude t\u00e9rmica<\/strong>.<\/p>\n<p>\u201cA chuva ajuda a regular a temperatura, impedindo varia\u00e7\u00f5es extremas ao longo do dia\u201d, explica Ruibran.<\/p>\n<p>Al\u00e9m disso, <strong>n\u00e3o h\u00e1 previs\u00e3o de geadas severas<\/strong> em regi\u00f5es serranas, o que representa um al\u00edvio em rela\u00e7\u00e3o a anos anteriores. Em 2020 e 2021, Minas Gerais enfrentou epis\u00f3dios da chamada <strong>Geada Negra<\/strong>, quando o frio intenso congela as seivas das plantas, causando grandes perdas.<\/p>\n<p>\u201cForam algumas das piores geadas da hist\u00f3ria\u201d, relembra o meteorologista.<\/p>\n<h3>Inc\u00eandios continuam sendo uma amea\u00e7a<\/h3>\n<p>Mesmo com o cen\u00e1rio mais \u00famido, o <strong>Corpo de Bombeiros<\/strong> alerta para a possibilidade de inc\u00eandios florestais. A pedido do <strong>Sistema Faemg Senar<\/strong>, o <strong>4\u00ba Batalh\u00e3o de Bombeiros Militares de Minas Gerais<\/strong> realizou um levantamento das ocorr\u00eancias registradas no inverno de 2024.<br \/>O relat\u00f3rio mostra <strong>2.580 ocorr\u00eancias na Zona da Mata e no Campo das Vertentes<\/strong>, sendo <strong>834 em pastagens<\/strong> e <strong>166 em \u00e1reas rurais n\u00e3o protegidas<\/strong>.<\/p>\n<p>O produtor <strong>Paulo Mendes<\/strong>, de S\u00e3o Jo\u00e3o del Rei, vivenciou uma dessas situa\u00e7\u00f5es.<\/p>\n<p>\u201cEm uma manh\u00e3 de julho, vi fuma\u00e7a no terreno ao lado e, em pouco tempo, o fogo se espalhou. Com os bombeiros, apag\u00e1vamos de um lado e acendia do outro\u201d, relata.<br \/>O inc\u00eandio atingiu <strong>quatro propriedades e consumiu 50 hectares<\/strong>. Na fazenda de Paulo, o caf\u00e9 foi preservado, mas houve <strong>perda de cercas, capim, p\u00e9s de laranja e cana-de-a\u00e7\u00facar<\/strong>, com preju\u00edzo estimado entre <strong>R$ 20 mil e R$ 30 mil<\/strong>.<\/p>\n<h3>Preven\u00e7\u00e3o: a melhor defesa<\/h3>\n<p>Uma das principais estrat\u00e9gias de preven\u00e7\u00e3o \u00e9 o <strong>aceiro<\/strong> \u2014 faixa de terreno limpa ao redor das planta\u00e7\u00f5es. Segundo o <strong>tenente Jo\u00e3o Victor<\/strong>, do Corpo de Bombeiros, a limpeza deve ter largura de pelo menos <strong>duas vezes e meia a altura da vegeta\u00e7\u00e3o local<\/strong>.<\/p>\n<p>\u201cTentar apagar o fogo sem preparo \u00e9 extremamente perigoso. O fogo se comporta de forma imprevis\u00edvel e exige preparo f\u00edsico e equipamento adequado\u201d, alerta.<\/p>\n<p>O <strong>Sistema Faemg Senar<\/strong>, por meio dos <strong>Sindicatos de Produtores Rurais<\/strong>, oferece cursos de <strong>brigadista florestal e org\u00e2nico<\/strong>, nos n\u00edveis b\u00e1sico e complementar, para <strong>capacita\u00e7\u00e3o em preven\u00e7\u00e3o e combate a inc\u00eandios<\/strong>.<\/p>\n<p>Por fim, \u00e9 fundamental: <strong>ao identificar um foco de inc\u00eandio, acione imediatamente o Corpo de Bombeiros pelo telefone 193<\/strong>. A rapidez no controle das chamas reduz significativamente os riscos de preju\u00edzos e acidentes graves.<\/p>\n<p>\u00a0<\/p>","protected":false},"excerpt":{"rendered":"<p>FAEMG SENAR | Divulga\u00e7\u00e3o Mesmo com mais umidade, risco de inc\u00eandios em pastos e planta\u00e7\u00f5es permanece Apesar da previs\u00e3o de chuvas acima da m\u00e9dia para o inverno deste ano, especialistas e autoridades alertam para o risco de inc\u00eandios em \u00e1reas rurais. A esta\u00e7\u00e3o, que teve in\u00edcio em 20 de junho, exige aten\u00e7\u00e3o redobrada dos produtores [&hellip;]<\/p>\n","protected":false},"author":0,"featured_media":30348,"comment_status":"open","ping_status":"open","sticky":false,"template":"","format":"standard","meta":{"rop_custom_images_group":[],"rop_custom_messages_group":[],"rop_publish_now":"initial","rop_publish_now_accounts":[],"rop_publish_now_history":[],"rop_publish_now_status":"pending","footnotes":""},"categories":[6745],"tags":[],"class_list":["post-30347","post","type-post","status-publish","format-standard","has-post-thumbnail","hentry","category-coluna-sindijori"],"_links":{"self":[{"href":"https:\/\/diariotribuna.com.br\/index.php?rest_route=\/wp\/v2\/posts\/30347"}],"collection":[{"href":"https:\/\/diariotribuna.com.br\/index.php?rest_route=\/wp\/v2\/posts"}],"about":[{"href":"https:\/\/diariotribuna.com.br\/index.php?rest_route=\/wp\/v2\/types\/post"}],"replies":[{"embeddable":true,"href":"https:\/\/diariotribuna.com.br\/index.php?rest_route=%2Fwp%2Fv2%2Fcomments&post=30347"}],"version-history":[{"count":0,"href":"https:\/\/diariotribuna.com.br\/index.php?rest_route=\/wp\/v2\/posts\/30347\/revisions"}],"wp:featuredmedia":[{"embeddable":true,"href":"https:\/\/diariotribuna.com.br\/index.php?rest_route=\/wp\/v2\/media\/30348"}],"wp:attachment":[{"href":"https:\/\/diariotribuna.com.br\/index.php?rest_route=%2Fwp%2Fv2%2Fmedia&parent=30347"}],"wp:term":[{"taxonomy":"category","embeddable":true,"href":"https:\/\/diariotribuna.com.br\/index.php?rest_route=%2Fwp%2Fv2%2Fcategories&post=30347"},{"taxonomy":"post_tag","embeddable":true,"href":"https:\/\/diariotribuna.com.br\/index.php?rest_route=%2Fwp%2Fv2%2Ftags&post=30347"}],"curies":[{"name":"wp","href":"https:\/\/api.w.org\/{rel}","templated":true}]}}