{"id":30354,"date":"2025-06-27T14:13:58","date_gmt":"2025-06-27T17:13:58","guid":{"rendered":"https:\/\/diariotribuna.com.br\/?p=30354"},"modified":"2025-06-30T20:10:02","modified_gmt":"2025-06-30T23:10:02","slug":"diario-tribuna-27-de-junho-de-2025-teofilo-otoni-mg","status":"publish","type":"post","link":"https:\/\/diariotribuna.com.br\/?p=30354","title":{"rendered":"Di\u00e1rio Tribuna, 27 de Junho de 2025, Te\u00f3filo Otoni &#8211; MG"},"content":{"rendered":"\n<figure class=\"wp-block-image size-full is-resized\"><img loading=\"lazy\" decoding=\"async\" width=\"688\" height=\"979\" src=\"https:\/\/diariotribuna.com.br\/wp-content\/uploads\/2025\/06\/Imagem-do-WhatsApp-de-2025-06-27-as-13.55.00_fd0854eb.jpg\" alt=\"\" class=\"wp-image-30359\" style=\"width:435px;height:auto\" srcset=\"https:\/\/diariotribuna.com.br\/wp-content\/uploads\/2025\/06\/Imagem-do-WhatsApp-de-2025-06-27-as-13.55.00_fd0854eb.jpg 688w, https:\/\/diariotribuna.com.br\/wp-content\/uploads\/2025\/06\/Imagem-do-WhatsApp-de-2025-06-27-as-13.55.00_fd0854eb-211x300.jpg 211w, https:\/\/diariotribuna.com.br\/wp-content\/uploads\/2025\/06\/Imagem-do-WhatsApp-de-2025-06-27-as-13.55.00_fd0854eb-295x420.jpg 295w\" sizes=\"(max-width: 688px) 100vw, 688px\" \/><\/figure>\n\n\n\n<h2 class=\"wp-block-heading\"><strong><strong><mark style=\"background-color:#ffffff\" class=\"has-inline-color has-vivid-red-color\">Acesse o link abaixo e veja a edi\u00e7\u00e3o completa do Di\u00e1rio Tribuna desta sexta-feira (27\/6\/2025)<\/mark><\/strong><\/strong><\/h2>\n\n\n\n<h2 class=\"wp-block-heading\"><a href=\"https:\/\/diariotribuna.com.br\/wp-content\/uploads\/2025\/06\/DIARIO-TRIBUNA-55-ANOS-27-JUNHO-2025.pdf\"><strong><mark style=\"background-color:#ffffff\" class=\"has-inline-color has-vivid-red-color\">https:\/\/diariotribuna.com.br\/wp-content\/uploads\/2025\/06\/DIARIO-TRIBUNA-55-ANOS-27-JUNHO-2025.pdf<\/mark><\/strong><\/a><\/h2>\n","protected":false},"excerpt":{"rendered":"<p>Acesse o link abaixo e veja a edi\u00e7\u00e3o completa do Di\u00e1rio Tribuna desta sexta-feira (27\/6\/2025) https:\/\/diariotribuna.com.br\/wp-content\/uploads\/2025\/06\/DIARIO-TRIBUNA-55-ANOS-27-JUNHO-2025.pdf<\/p>\n","protected":false},"author":1,"featured_media":30359,"comment_status":"open","ping_status":"open","sticky":false,"template":"","format":"standard","meta":{"rop_custom_images_group":[],"rop_custom_messages_group":[],"rop_publish_now":"initial","rop_publish_now_accounts":[],"rop_publish_now_history":[],"rop_publish_now_status":"pending","footnotes":""},"categories":[17,23],"tags":[7232,42,1010,75,867],"class_list":["post-30354","post","type-post","status-publish","format-standard","has-post-thumbnail","hentry","category-teofilootoni","category-ultimaedicao","tag-27-6-2025","tag-diario-tribuna","tag-nordeste-mineiro","tag-teofilo-otoni","tag-vale-do-mucuri"],"_links":{"self":[{"href":"https:\/\/diariotribuna.com.br\/index.php?rest_route=\/wp\/v2\/posts\/30354"}],"collection":[{"href":"https:\/\/diariotribuna.com.br\/index.php?rest_route=\/wp\/v2\/posts"}],"about":[{"href":"https:\/\/diariotribuna.com.br\/index.php?rest_route=\/wp\/v2\/types\/post"}],"author":[{"embeddable":true,"href":"https:\/\/diariotribuna.com.br\/index.php?rest_route=\/wp\/v2\/users\/1"}],"replies":[{"embeddable":true,"href":"https:\/\/diariotribuna.com.br\/index.php?rest_route=%2Fwp%2Fv2%2Fcomments&post=30354"}],"version-history":[{"count":1,"href":"https:\/\/diariotribuna.com.br\/index.php?rest_route=\/wp\/v2\/posts\/30354\/revisions"}],"predecessor-version":[{"id":30361,"href":"https:\/\/diariotribuna.com.br\/index.php?rest_route=\/wp\/v2\/posts\/30354\/revisions\/30361"}],"wp:featuredmedia":[{"embeddable":true,"href":"https:\/\/diariotribuna.com.br\/index.php?rest_route=\/wp\/v2\/media\/30359"}],"wp:attachment":[{"href":"https:\/\/diariotribuna.com.br\/index.php?rest_route=%2Fwp%2Fv2%2Fmedia&parent=30354"}],"wp:term":[{"taxonomy":"category","embeddable":true,"href":"https:\/\/diariotribuna.com.br\/index.php?rest_route=%2Fwp%2Fv2%2Fcategories&post=30354"},{"taxonomy":"post_tag","embeddable":true,"href":"https:\/\/diariotribuna.com.br\/index.php?rest_route=%2Fwp%2Fv2%2Ftags&post=30354"}],"curies":[{"name":"wp","href":"https:\/\/api.w.org\/{rel}","templated":true}]}}