{"id":30356,"date":"2025-06-27T12:03:20","date_gmt":"2025-06-27T15:03:20","guid":{"rendered":"https:\/\/diariotribuna.com.br\/?p=30356"},"modified":"2025-06-27T12:03:20","modified_gmt":"2025-06-27T15:03:20","slug":"15-bilhoes-em-investimentos-na-381-2","status":"publish","type":"post","link":"https:\/\/diariotribuna.com.br\/?p=30356","title":{"rendered":"15 bilh\u00f5es em investimentos NA 381\u00a0"},"content":{"rendered":"<p class=\"MsoNormal\"><span>Foto: Divulga\u00e7\u00e3o<\/span><\/p>\n<p><\/p>\n<p class=\"MsoNormal\"><span><\/span><\/p>\n<p>\u00a0<\/p>\n<p><\/p>\n<p class=\"MsoNormal\"><span><\/span><\/p>\n<p>\u00a0<\/p>\n<p><\/p>\n<p class=\"MsoNormal\"><span><\/span><\/p>\n<p>\u00a0<\/p>\n<p><\/p>\n<p class=\"MsoNormal\"><strong><span>COLUNA MG<\/span><\/strong><\/p>\n<p><\/p>\n<p class=\"MsoNormal\"><span>Principais destaques dos jornais e portais integrantes da rede Sindijori MG<\/span><\/p>\n<p><\/p>\n<p class=\"MsoNormal\"><span><a href=\"http:\/\/www.sindijorimg.com.br\/\">www.sindijorimg.com.br<\/a><\/span><\/p>\n<p><\/p>\n<p class=\"MsoNormal\"><span><\/span><\/p>\n<p>\u00a0<\/p>\n<p><\/p>\n<p class=\"MsoNormal\"><strong><span>15 bilh\u00f5es em investimentos NA 381<\/span><\/strong><\/p>\n<p><\/p>\n<p class=\"MsoNormal\"><span>A aprova\u00e7\u00e3o do novo contrato de concess\u00e3o da Rodovia Fern\u00e3o Dias (BR-381) pelo Tribunal de Contas da Uni\u00e3o, na quarta-feira, 25, marca o in\u00edcio de um novo ciclo de desenvolvimento para o Sul de Minas. A rodovia, que liga Belo Horizonte a S\u00e3o Paulo e atravessa 17 munic\u00edpios da regi\u00e3o, ser\u00e1 completamente modernizada, com investimentos da ordem de R$ 15 bilh\u00f5es ao longo dos pr\u00f3ximos anos. O plano de reestrutura\u00e7\u00e3o inclui a constru\u00e7\u00e3o de 108 km de faixas adicionais, 14 km de vias marginais, novos t\u00faneis e a recupera\u00e7\u00e3o completa do pavimento. (Pouso Alegre em Foco)<\/span><\/p>\n<p><\/p>\n<p class=\"MsoNormal\"><span><a href=\"https:\/\/pousoalegreemfoco.com.br\/noticia\/2182\/novo-contrato-fernao-dias-preve-r-15\">https:\/\/pousoalegreemfoco.com.br\/noticia\/2182\/novo-contrato-fernao-dias-preve-r-15<\/a><\/span><\/p>\n<p><\/p>\n<p class=\"MsoNormal\"><span><\/span><\/p>\n<p class=\"MsoNormal\"><span><\/span><\/p>\n<p>\u00a0<\/p>\n<p><\/p>\n<p class=\"MsoNormal\"><strong><span>Caet\u00e9 quer regular tr\u00e1fego<\/span><\/strong><\/p>\n<p><\/p>\n<p class=\"MsoNormal\"><span>O prefeito Alberto Pires enviou uma notifica\u00e7\u00e3o \u00e0s mineradoras que trafegam com ve\u00edculos pesados na cidade de Caet\u00e9, com o objetivo de viabilizar melhorias no tr\u00e2nsito e no fluxo de ve\u00edculos pesados. Essa demanda se tornou uma das prioridades da atual gest\u00e3o. Entre as medidas propostas est\u00e1 a restri\u00e7\u00e3o de ve\u00edculos com quatro ou mais eixos nas vias urbanas durante hor\u00e1rios espec\u00edficos. Al\u00e9m disso, as mineradoras dever\u00e3o elaborar um plano de medidas mitigat\u00f3rias, corretivas e\/ou compensat\u00f3rias para os impactos decorrentes do intenso fluxo de cargas pesadas, a ser entregue no prazo de 15 dias. (Jornal Opini\u00e3o \u2013 Caet\u00e9)<\/span><\/p>\n<p><\/p>\n<p class=\"MsoNormal\"><span><a href=\"https:\/\/www.opiniaocaete.com.br\/prefeitura-notifica-mineradoras-sobre-o-transito-de-veiculos-pesados\/\">https:\/\/www.opiniaocaete.com.br\/prefeitura-notifica-mineradoras-sobre-o-transito-de-veiculos-pesados\/<\/a><\/span><\/p>\n<p><\/p>\n<p class=\"MsoNormal\"><span><\/span><\/p>\n<p class=\"MsoNormal\"><span><\/span><\/p>\n<p>\u00a0<\/p>\n<p><\/p>\n<p class=\"MsoNormal\"><strong><span>Empres\u00e1rios do Vale no Jap\u00e3o<\/span><\/strong><\/p>\n<p><\/p>\n<p class=\"MsoNormal\"><span>O Presidente da Fiemg Regional Vale do A\u00e7o, Jo\u00e3o Batista Alves e empres\u00e1rios da regi\u00e3o se uniram a delega\u00e7\u00e3o empresarial composta por mais de 150 industriais dos setores metal\u00fargico e mec\u00e2nico; constru\u00e7\u00e3o civil, moda, energia, biotecnologia p\u00fablica dentre outros, al\u00e9m de autoridades, incluindo o governador de Minas Gerais, Romeu Zema para uma miss\u00e3o ao Jap\u00e3o. O objetivo \u00e9 discutir temas fundamentais para as rela\u00e7\u00f5es comerciais e econ\u00f4micas entre os dois pa\u00edses, visando fornecer ao p\u00fablico insights valiosos, oportunidades de neg\u00f3cios e networking. (Portal Silmara Freitas)<\/span><\/p>\n<p><\/p>\n<p class=\"MsoNormal\"><span><a href=\"https:\/\/www.silmaradefreitas.com.br\/empresarios-do-vale-do-aco-participam-de-missao-ao-japao\/\">https:\/\/www.silmaradefreitas.com.br\/empresarios-do-vale-do-aco-participam-de-missao-ao-japao\/<\/a><\/span><\/p>\n<p><\/p>\n<p class=\"MsoNormal\"><span><\/span><\/p>\n<p class=\"MsoNormal\"><span><\/span><\/p>\n<p>\u00a0<\/p>\n<p><\/p>\n<p class=\"MsoNormal\"><strong><span>Sabar\u00e1 faz confer\u00eancia das cidades<\/span><\/strong><\/p>\n<p><\/p>\n<p class=\"MsoNormal\"><span>A Prefeitura de Sabar\u00e1, por meio da Secretaria Municipal de Planejamento, Desenvolvimento e Gest\u00e3o, realizaa 1\u00aa Confer\u00eancia Municipal das Cidades. Com o tema \u201cConstruindo a Pol\u00edtica Nacional de Desenvolvimento Urbano: caminhos para cidades inclusivas, democr\u00e1ticas, sustent\u00e1veis e com justi\u00e7a social\u201d, o evento tem como objetivo debater e construir, junto \u00e0 comunidade, diretrizes para transformar Sabar\u00e1 em uma cidade mais justa e sustent\u00e1vel. (Folha de Sabar\u00e1)<\/span><\/p>\n<p><span><\/span><\/p>\n<p class=\"MsoNormal\"><span><a href=\"https:\/\/folhadesabara.com.br\/noticia\/46871\">https:\/\/folhadesabara.com.br\/noticia\/46871<\/a><\/span><\/p>\n<p><\/p>\n<p class=\"MsoNormal\"><span><\/span><\/p>\n<p class=\"MsoNormal\"><span><\/span><\/p>\n<p>\u00a0<\/p>\n<p><\/p>\n<p class=\"MsoNormal\"><span>Justi\u00e7a autoriza medicina em Varginha<\/span><\/p>\n<p><\/p>\n<p class=\"MsoNormal\"><span>A Justi\u00e7a Federal autorizou, nesta quarta-feira, 25, o funcionamento do curso de Medicina do Centro Universit\u00e1rio do Sul de Minas (UNIS), em Varginha. A decis\u00e3o, tomada por unanimidade pela 3\u00aa Turma do Tribunal Regional Federal da 6\u00aa Regi\u00e3o, mant\u00e9m v\u00e1lida a portaria que regulamenta a cria\u00e7\u00e3o da gradua\u00e7\u00e3o e nega recurso apresentado pela Uni\u00e3o. A abertura do curso havia sido inicialmente autorizada pelo Minist\u00e9rio da Educa\u00e7\u00e3o (MEC) no dia 9 de abril deste ano. No entanto, em 22 de abril, o pr\u00f3prio minist\u00e9rio voltou atr\u00e1s, suspendendo a autoriza\u00e7\u00e3o. (Gazeta de Varginha)<\/span><\/p>\n<p><\/p>\n<p class=\"MsoNormal\"><span><a href=\"https:\/\/www.gazetadevarginha.com.br\/post\/trf-da-6%C2%AA-regi%C3%A3o-mant%C3%A9m-autoriza%C3%A7%C3%A3o-para-curso-de-medicina-do-unis\">https:\/\/www.gazetadevarginha.com.br\/post\/trf-da-6%C2%AA-regi%C3%A3o-mant%C3%A9m-autoriza%C3%A7%C3%A3o-para-curso-de-medicina-do-unis<\/a><\/span><\/p>\n<p><\/p>\n<p class=\"MsoNormal\"><span><\/span><\/p>\n<p>\u00a0<\/p>\n<p><\/p>\n<p class=\"MsoNormal\"><strong><span>Secult lan\u00e7a Agenda Minas<\/span><\/strong><\/p>\n<p><\/p>\n<p class=\"MsoNormal\"><span>Com o objetivo de valorizar a diversidade express\u00f5es culturais, como as manifesta\u00e7\u00f5es populares, a f\u00e9, a cozinha mineira, al\u00e9m da natureza exuberante, a Secretaria de Estado de Cultura e Turismo de Minas Gerais (Secult-MG) lan\u00e7ou o Agenda Minas, uma nova vitrine digital para ampliar a visibilidade \u00e0 pluralidade de eventos que movimentam nosso territ\u00f3rio ao longo do ano. Publicada semanalmente, a Agenda Minas re\u00fane e destaca os principais eventos culturais, religiosos, gastron\u00f4micos e de natureza realizados nos munic\u00edpios mineiros, com o objetivo de fortalecer o turismo regional por meio de uma divulga\u00e7\u00e3o inteligente, acess\u00edvel e continuada. (MG Turismo \u2013 Belo Horizonte)<\/span><\/p>\n<p><\/p>\n<p class=\"MsoNormal\"><span><a href=\"https:\/\/mgturismo.com.br\/secult-lanca-agenda-minas-e-convida-municipios-a-potencializarem-a-promocao-de-seus-eventos-culturais-e-turisticos\/\">https:\/\/mgturismo.com.br\/secult-lanca-agenda-minas-e-convida-municipios-a-potencializarem-a-promocao-de-seus-eventos-culturais-e-turisticos\/<\/a><\/span><\/p>\n<p><\/p>\n<p class=\"MsoNormal\"><span><\/span><\/p>\n<p class=\"MsoNormal\"><span><\/span><\/p>\n<p>\u00a0<\/p>\n<p><\/p>\n<p class=\"MsoNormal\"><strong><span>Muria\u00e9 combate o ass\u00e9dio<\/span><\/strong><\/p>\n<p><\/p>\n<p class=\"MsoNormal\"><span>O Projeto de Lei N\u00ba 165\/2025, de autoria do Vereador Cleissinho (MDB) institui em Muria\u00e9, a Pol\u00edtica Municipal de Combate ao Ass\u00e9dio Sexual nos Meio de Transporte Coletivo, com o objetivo de prevenir e combater a pr\u00e1tica de ass\u00e9dio sexual nos transportes p\u00fablicos municipais; acolher e dar suporte \u00e0s v\u00edtimas; promover a igualdade de g\u00eanero e o respeito \u00e0 dignidade da pessoa humana no transporte coletivo urbano; e conscientizar a popula\u00e7\u00e3o sobre o problema e os meios de enfrentamento. (Gazeta de Muria\u00e9)<\/span><\/p>\n<p><\/p>\n<p class=\"MsoNormal\"><span><a href=\"https:\/\/gazetademuriae.com.br\/noticia\/detalhe\/16044\/camara-de-muriae-aprova-projeto-para-combater-assedios-em-transporte-publico\">https:\/\/gazetademuriae.com.br\/noticia\/detalhe\/16044\/camara-de-muriae-aprova-projeto-para-combater-assedios-em-transporte-publico<\/a><\/span><\/p>\n<p><\/p>\n<p>\u00a0<\/p>","protected":false},"excerpt":{"rendered":"<p>Foto: Divulga\u00e7\u00e3o \u00a0 \u00a0 \u00a0 COLUNA MG Principais destaques dos jornais e portais integrantes da rede Sindijori MG www.sindijorimg.com.br \u00a0 15 bilh\u00f5es em investimentos NA 381 A aprova\u00e7\u00e3o do novo contrato de concess\u00e3o da Rodovia Fern\u00e3o Dias (BR-381) pelo Tribunal de Contas da Uni\u00e3o, na quarta-feira, 25, marca o in\u00edcio de um novo ciclo de [&hellip;]<\/p>\n","protected":false},"author":0,"featured_media":30350,"comment_status":"open","ping_status":"open","sticky":false,"template":"","format":"standard","meta":{"rop_custom_images_group":[],"rop_custom_messages_group":[],"rop_publish_now":"initial","rop_publish_now_accounts":[],"rop_publish_now_history":[],"rop_publish_now_status":"pending","footnotes":""},"categories":[6745],"tags":[],"class_list":["post-30356","post","type-post","status-publish","format-standard","has-post-thumbnail","hentry","category-coluna-sindijori"],"_links":{"self":[{"href":"https:\/\/diariotribuna.com.br\/index.php?rest_route=\/wp\/v2\/posts\/30356"}],"collection":[{"href":"https:\/\/diariotribuna.com.br\/index.php?rest_route=\/wp\/v2\/posts"}],"about":[{"href":"https:\/\/diariotribuna.com.br\/index.php?rest_route=\/wp\/v2\/types\/post"}],"replies":[{"embeddable":true,"href":"https:\/\/diariotribuna.com.br\/index.php?rest_route=%2Fwp%2Fv2%2Fcomments&post=30356"}],"version-history":[{"count":0,"href":"https:\/\/diariotribuna.com.br\/index.php?rest_route=\/wp\/v2\/posts\/30356\/revisions"}],"wp:featuredmedia":[{"embeddable":true,"href":"https:\/\/diariotribuna.com.br\/index.php?rest_route=\/wp\/v2\/media\/30350"}],"wp:attachment":[{"href":"https:\/\/diariotribuna.com.br\/index.php?rest_route=%2Fwp%2Fv2%2Fmedia&parent=30356"}],"wp:term":[{"taxonomy":"category","embeddable":true,"href":"https:\/\/diariotribuna.com.br\/index.php?rest_route=%2Fwp%2Fv2%2Fcategories&post=30356"},{"taxonomy":"post_tag","embeddable":true,"href":"https:\/\/diariotribuna.com.br\/index.php?rest_route=%2Fwp%2Fv2%2Ftags&post=30356"}],"curies":[{"name":"wp","href":"https:\/\/api.w.org\/{rel}","templated":true}]}}