{"id":30357,"date":"2025-06-27T12:23:36","date_gmt":"2025-06-27T15:23:36","guid":{"rendered":"https:\/\/diariotribuna.com.br\/?p=30357"},"modified":"2025-06-27T12:23:36","modified_gmt":"2025-06-27T15:23:36","slug":"pib-de-valadares-perdeu-com-desastre","status":"publish","type":"post","link":"https:\/\/diariotribuna.com.br\/?p=30357","title":{"rendered":"PIB de Valadares perdeu com desastre\u00a0"},"content":{"rendered":"<p><span>Foto: Reprodu\u00e7\u00e3o DRD<\/span><\/p>\n\n<p><strong><span>COLUNA MG<\/span><\/strong><\/p>\n<p><span>Principais destaques dos jornais e portais integrantes da rede Sindijori MG\u00a0<\/span><\/p>\n<p><span><a href=\"http:\/\/www.sindijorimg.com.br\/\">www.sindijorimg.com.br<\/a><\/span><\/p>\n<p><span><\/span><\/p>\n\n<p><strong><span>PIB de Valadares perdeu com desastre<\/span><\/strong><\/p>\n<p><span>Governador Valadares \u00e9 uma das cidades que mais sofreram economicamente com o desastre de Mariana, ocorrido em novembro de 2015, quando a barragem de Fund\u00e3o da mineradora Samarco, controlada pela Vale e pela BHP Billiton, se rompeu em Mariana. Um estudo realizado pela economista Isabella Carraro Azevedo Batista e pelo professor e economista Vin\u00edcius de Azevedo Couto Firme, da Universidade Federal de Juiz de Fora \u2013 campus Governador Valadares (UFJF-GV), aponta que as perdas acumuladas no Produto Interno Bruto (PIB) local nos cinco anos ap\u00f3s o rompimento podem chegar a 23%. (Di\u00e1rio do Rio Doce \u2013 Governador Valadares)<\/span><\/p>\n<p><span><a href=\"https:\/\/drd.com.br\/pesquisa-aponta-que-valadares-perdeu-quase-23-do-pib-apos-rompimento-de-barragem\/\">https:\/\/drd.com.br\/pesquisa-aponta-que-valadares-perdeu-quase-23-do-pib-apos-rompimento-de-barragem\/<\/a><\/span><\/p>\n<p><span><\/span><\/p>\n\n<p><strong><span>Vaca bate recorde em torneio<\/span><\/strong><\/p>\n<p><span>O criador Miller Cresta \u00e9 o grande campe\u00e3o do Torneio Leiteiro 2025 realizado na Expass Agro 2025, a Feira de Agroneg\u00f3cio do Sindicato dos produtores Rurais de Passos com a vaca Bloguer Fiv Ribeir\u00e3o Grande, que teve uma produ\u00e7\u00e3o m\u00e9dia de 64,940. No campeonato ela foi a vencedora na categoria vaca jovem e bateu o recorde mundial antes da Broinha Fiv Cabo Verde, registrado em 2018 com 57.416 kg . (Folha da Manh\u00e3 \u2013 Passos)<\/span><\/p>\n<p><span><a href=\"https:\/\/clicfolha.com.br\/vaca-de-passos-quebra-recorde-mundial-no-torneio-leiteiro-2025\/\">https:\/\/clicfolha.com.br\/vaca-de-passos-quebra-recorde-mundial-no-torneio-leiteiro-2025\/<\/a><\/span><\/p>\n<p><span><\/span><\/p>\n\n<p><strong><span>Grupo de idosos faz Festival de M\u00fasica<\/span><\/strong><\/p>\n<p><span>Em Santana do Para\u00edso, um grupo de idosos que cultiva a amizade desde a inf\u00e2ncia transformou sua paix\u00e3o pela m\u00fasica em um projeto cultural emocionante: o Festival Seresta na Pra\u00e7a. Composto por m\u00fasicos da terceira idade, o grupo promove tr\u00eas apresenta\u00e7\u00f5es gratuitas e acess\u00edveis entre junho e agosto, levando can\u00e7\u00f5es nost\u00e1lgicas a diferentes bairros da cidade. Voltado para todas as idades e transmitido ao vivo nas redes sociais, o festival une arte, mem\u00f3ria e inclus\u00e3o, valorizando a cultura popular brasileira e promovendo encontros afetivos entre gera\u00e7\u00f5es. (Jornal Classivale \u2013 Ipatinga)<\/span><\/p>\n<p><span><a href=\"https:\/\/jornalclassivale.com.br\/noticia\/4482\/grupo-de-idosos-que-se-conheceram-na-infancia-promove-festival-de-musica\">https:\/\/jornalclassivale.com.br\/noticia\/4482\/grupo-de-idosos-que-se-conheceram-na-infancia-promove-festival-de-musica<\/a><\/span><\/p>\n<p><span><\/span><\/p>\n\n<p><strong><span>Risco m\u00e9dio de dengue em Divin\u00f3polis<\/span><\/strong><\/p>\n<p><span>Um levantamento da Secretaria Municipal de Sa\u00fade (Semusa) aponta que Divin\u00f3polis est\u00e1 em risco m\u00e9dio de epidemia de dengue, com \u00edndice de infesta\u00e7\u00e3o de 1,6% entre os dias 26 e 30 de maio de 2025. A vistoria em 5.912 im\u00f3veis revelou que 92% dos focos do mosquito Aedes aegypti est\u00e3o em resid\u00eancias, principalmente em bebedouros de animais e vasos de plantas. A cidade j\u00e1 soma 3.120 notifica\u00e7\u00f5es e 2.013 casos confirmados de dengue neste ano, mas nenhum \u00f3bito foi oficialmente confirmado. A Semusa destaca que atitudes simples da popula\u00e7\u00e3o, como eliminar \u00e1gua parada, s\u00e3o essenciais para o controle da doen\u00e7a. (G37.com \u2013 Divin\u00f3polis)<\/span><\/p>\n<p><span><a href=\"https:\/\/g37.com.br\/divinopolis\/levantamento-indica-risco-medio-de-epidemia-de-dengue-no-municipio-de-divinopolis\/\">https:\/\/g37.com.br\/divinopolis\/levantamento-indica-risco-medio-de-epidemia-de-dengue-no-municipio-de-divinopolis\/<\/a><\/span><\/p>\n<p><span><\/span><\/p>\n\n<p><strong><span>Em defesa da Lei do Mar de Minas<\/span><\/strong><\/p>\n<p><span>A preserva\u00e7\u00e3o do Lago de Furnas, o \u201cMar de Minas\u201d, avan\u00e7a com conquistas como a EC106, que o reconhece como patrim\u00f4nio dos mineiros, a recupera\u00e7\u00e3o da cota ideal e investimentos em saneamento e meio ambiente. As a\u00e7\u00f5es j\u00e1 mostram resultados, com regenera\u00e7\u00e3o ambiental e retomada econ\u00f4mica. Por\u00e9m, entidades como a Unelagos alertam para riscos de retrocessos e defendem a aprova\u00e7\u00e3o do \u201cProjeto de Lei do Mar de Minas\u201d para garantir prote\u00e7\u00e3o definitiva ao lago. A popula\u00e7\u00e3o \u00e9 chamada a apoiar a causa e acompanhar pelo perfil @unelagos no Instagram. (\u00daltimas Not\u00edcias \u2013 Formiga)<\/span><\/p>\n<p><span><a href=\"https:\/\/ultimasnoticias.inf.br\/noticia\/em-defesa-da-lei-do-mar-de-minas\/\">https:\/\/ultimasnoticias.inf.br\/noticia\/em-defesa-da-lei-do-mar-de-minas\/<\/a><\/span><\/p>\n<p><span><\/span><\/p>\n\n<p><strong><span>4\u00aa Colheita Cultural em Guaxup\u00e9<\/span><\/strong><\/p>\n<p><span>A 4\u00aa edi\u00e7\u00e3o da Colheita Cultural ser\u00e1 realizada nos dias 28 e 29 de junho de 2025, na Fazenda Tulha, em Guaxup\u00e9 (MG), celebrando arte, cultura popular e afeto em meio rural. Com entrada por contribui\u00e7\u00e3o espont\u00e2nea e capacidade limitada a 250 pessoas por turno, o evento re\u00fane m\u00fasica, teatro, oficinas, feira regional, colheita de caf\u00e9 e rodas de conversa, promovendo experi\u00eancias imersivas e interativas. Destaques incluem apresenta\u00e7\u00f5es de mamulengo, espet\u00e1culo com piano ao vivo na queima de cer\u00e2mica e transporte gratuito a partir do centro da cidade. (Jornal da Regi\u00e3o \u2013 Guaxup\u00e9)<\/span><\/p>\n<p><span><a href=\"https:\/\/www.jornaldaregiaoonline.com.br\/4a-colheita-cultural-celebra-arte-afeto-e-cultura-popular-em-cenario-rural-de-guaxupe\">https:\/\/www.jornaldaregiaoonline.com.br\/4a-colheita-cultural-celebra-arte-afeto-e-cultura-popular-em-cenario-rural-de-guaxupe<\/a><\/span><\/p>\n<p><span><\/span><\/p>\n\n<p><strong><span>Hospital passa por moderniza\u00e7\u00e3o\u00a0<\/span><\/strong><\/p>\n<p><span>O Centro Cir\u00fargico do Hospital M\u00e1rcio Cunha (HMC) passa por um processo de moderniza\u00e7\u00e3o com foco na efici\u00eancia e amplia\u00e7\u00e3o da capacidade. Com a consultoria da I-OMT e aplica\u00e7\u00e3o da metodologia Lean Healthcare, a unidade implantou um novo modelo de gest\u00e3o que j\u00e1 gerou aumento de 2,3% nas cirurgias realizadas entre fevereiro e maio de 2025. Ferramentas como Business Intelligence e um Command Center possibilitam monitoramento em tempo real e decis\u00f5es mais \u00e1geis. Al\u00e9m disso, o HMC II receber\u00e1 um investimento de R$ 16,8 milh\u00f5es para dobrar o n\u00famero de salas cir\u00fargicas (Portal da Cidade \u2013 Ipatinga)<\/span><\/p>\n<p><span><a href=\"https:\/\/ipatinga.portaldacidade.com\/noticias\/saude\/centro-cirurgico-do-hmc-passa-por-modernizacao-para-ampliar-capacidade-5905\">https:\/\/ipatinga.portaldacidade.com\/noticias\/saude\/centro-cirurgico-do-hmc-passa-por-modernizacao-para-ampliar-capacidade-5905<\/a><\/span><\/p>\n<p><span><\/span><\/p>\n\n<p>\u00a0<\/p>","protected":false},"excerpt":{"rendered":"<p>Foto: Reprodu\u00e7\u00e3o DRD COLUNA MG Principais destaques dos jornais e portais integrantes da rede Sindijori MG\u00a0 www.sindijorimg.com.br PIB de Valadares perdeu com desastre Governador Valadares \u00e9 uma das cidades que mais sofreram economicamente com o desastre de Mariana, ocorrido em novembro de 2015, quando a barragem de Fund\u00e3o da mineradora Samarco, controlada pela Vale e [&hellip;]<\/p>\n","protected":false},"author":0,"featured_media":30358,"comment_status":"open","ping_status":"open","sticky":false,"template":"","format":"standard","meta":{"rop_custom_images_group":[],"rop_custom_messages_group":[],"rop_publish_now":"initial","rop_publish_now_accounts":[],"rop_publish_now_history":[],"rop_publish_now_status":"pending","footnotes":""},"categories":[6745],"tags":[],"class_list":["post-30357","post","type-post","status-publish","format-standard","has-post-thumbnail","hentry","category-coluna-sindijori"],"_links":{"self":[{"href":"https:\/\/diariotribuna.com.br\/index.php?rest_route=\/wp\/v2\/posts\/30357"}],"collection":[{"href":"https:\/\/diariotribuna.com.br\/index.php?rest_route=\/wp\/v2\/posts"}],"about":[{"href":"https:\/\/diariotribuna.com.br\/index.php?rest_route=\/wp\/v2\/types\/post"}],"replies":[{"embeddable":true,"href":"https:\/\/diariotribuna.com.br\/index.php?rest_route=%2Fwp%2Fv2%2Fcomments&post=30357"}],"version-history":[{"count":0,"href":"https:\/\/diariotribuna.com.br\/index.php?rest_route=\/wp\/v2\/posts\/30357\/revisions"}],"wp:featuredmedia":[{"embeddable":true,"href":"https:\/\/diariotribuna.com.br\/index.php?rest_route=\/wp\/v2\/media\/30358"}],"wp:attachment":[{"href":"https:\/\/diariotribuna.com.br\/index.php?rest_route=%2Fwp%2Fv2%2Fmedia&parent=30357"}],"wp:term":[{"taxonomy":"category","embeddable":true,"href":"https:\/\/diariotribuna.com.br\/index.php?rest_route=%2Fwp%2Fv2%2Fcategories&post=30357"},{"taxonomy":"post_tag","embeddable":true,"href":"https:\/\/diariotribuna.com.br\/index.php?rest_route=%2Fwp%2Fv2%2Ftags&post=30357"}],"curies":[{"name":"wp","href":"https:\/\/api.w.org\/{rel}","templated":true}]}}