{"id":30362,"date":"2025-06-27T17:50:30","date_gmt":"2025-06-27T20:50:30","guid":{"rendered":"https:\/\/diariotribuna.com.br\/?p=30362"},"modified":"2025-06-27T17:50:31","modified_gmt":"2025-06-27T20:50:31","slug":"dois-homens-sao-condenados-a-mais-de-60-anos-de-reclusao-pelos-crimes-de-homicidio-e-organizacao-criminosa","status":"publish","type":"post","link":"https:\/\/diariotribuna.com.br\/?p=30362","title":{"rendered":"Dois homens s\u00e3o condenados a mais de 60 anos de reclus\u00e3o pelos crimes de homic\u00eddio e organiza\u00e7\u00e3o criminosa"},"content":{"rendered":"\n<figure class=\"wp-block-image size-full is-resized\"><img loading=\"lazy\" decoding=\"async\" width=\"690\" height=\"302\" src=\"https:\/\/diariotribuna.com.br\/wp-content\/uploads\/2025\/06\/MPMG-690x302-1.jpg\" alt=\"\" class=\"wp-image-30363\" style=\"width:422px;height:auto\" srcset=\"https:\/\/diariotribuna.com.br\/wp-content\/uploads\/2025\/06\/MPMG-690x302-1.jpg 690w, https:\/\/diariotribuna.com.br\/wp-content\/uploads\/2025\/06\/MPMG-690x302-1-300x131.jpg 300w\" sizes=\"(max-width: 690px) 100vw, 690px\" \/><\/figure>\n\n\n\n<p><strong>NANUQUE &#8211; <\/strong>Em sess\u00e3o do Tribunal do J\u00fari realizada na quarta-feira (25\/6), em Nanuque, dois homens, I.S.B. e A.S.R., foram condenados a penas de 69 anos, sete meses e 15 dias de reclus\u00e3o e 61 anos e um m\u00eas de reclus\u00e3o, respectivamente, pelo assassinato de um homem e a tentativa de homic\u00eddio de outros dois, e por integrarem organiza\u00e7\u00e3o criminosa armada e pela pr\u00e1tica de corrup\u00e7\u00e3o de menores.<\/p>\n\n\n\n<p>Conforme narrado na den\u00fancia oferecida pelo Minist\u00e9rio P\u00fablico de Minas Gerais (MPMG), na noite de 25 de fevereiro de 2021, em Nanuque, os dois r\u00e9us, juntamente com um adolescente e outros indiv\u00edduos n\u00e3o identificados, mataram um homem e tentaram matar outros dois. Adicionalmente, corromperam menor de 18 anos, praticando com ele a infra\u00e7\u00e3o penal dolosa contra a vida.&nbsp;<\/p>\n\n\n\n<p>Al\u00e9m disso, foi constatado que os acusados, em conjunto com R.P.S., j\u00e1 falecido, o adolescente e outros indiv\u00edduos, constitu\u00edram e integraram uma organiza\u00e7\u00e3o criminosa ao longo dos anos, especialmente entre 2020 e 2021, em Nanuque. O objetivo dessa organiza\u00e7\u00e3o era obter vantagem, principalmente econ\u00f4mica, atrav\u00e9s da pr\u00e1tica de infra\u00e7\u00f5es penais, como o tr\u00e1fico de drogas, culminando em outros crimes, incluindo homic\u00eddios.<\/p>\n\n\n\n<p>A organiza\u00e7\u00e3o criminosa apresentava uma estrutura hier\u00e1rquica definida, com divis\u00e3o de tarefas e fun\u00e7\u00f5es. R.P.S. era o l\u00edder, respons\u00e1vel pelo comando geral das atividades. I.S.B. exercia a fun\u00e7\u00e3o de ger\u00eancia, administrando os pequenos n\u00facleos, distribuindo drogas e observando a contabilidade, al\u00e9m de se envolver ativamente nas decis\u00f5es e execu\u00e7\u00e3o dos delitos e no aliciamento de novos integrantes. Na base da pir\u00e2mide, A.S.R., o adolescente e outros indiv\u00edduos n\u00e3o identificados atuavam como \u201csoldados\/oper\u00e1rios\u201d, respons\u00e1veis pelo transporte e venda de drogas, armazenamento, e execu\u00e7\u00e3o de crimes como homic\u00eddios e amea\u00e7as.<\/p>\n\n\n\n<p>Segundo a den\u00fancia, as provas indicam que R.P.S. e I.S.B. ordenaram a morte das v\u00edtimas, que tamb\u00e9m estavam envolvidas no tr\u00e1fico de drogas, com o objetivo de controlar o tr\u00e1fico no bairro da Reta. No dia do crime, as v\u00edtimas estavam sentadas em frente a um im\u00f3vel residencial. A.S.R. estava posicionado pr\u00f3ximo \u00e0 esquina para repassar informa\u00e7\u00f5es sobre a localiza\u00e7\u00e3o das v\u00edtimas e escoltar os comparsas. Em seguida, quatro indiv\u00edduos vestidos de preto se aproximaram e efetuaram disparos de arma de fogo, atingindo dois homens. Um deles morreu em decorr\u00eancia dos ferimentos. O outro, embora atingido, n\u00e3o faleceu devido a circunst\u00e2ncias alheias \u00e0 vontade dos denunciados, pois conseguiu correr e recebeu aux\u00edlio m\u00e9dico imediato. Um terceiro homem n\u00e3o foi atingido por erro na pontaria dos agressores e por ter conseguido correr e se esconder. (Informa\u00e7\u00f5es: Minist\u00e9rio P\u00fablico de Minas Gerais\/ Assessoria de Comunica\u00e7\u00e3o Integrada).<\/p>\n","protected":false},"excerpt":{"rendered":"<p>NANUQUE &#8211; Em sess\u00e3o do Tribunal do J\u00fari realizada na quarta-feira (25\/6), em Nanuque, dois homens, I.S.B. e A.S.R., foram condenados a penas de 69 anos, sete meses e 15 dias de reclus\u00e3o e 61 anos e um m\u00eas de reclus\u00e3o, respectivamente, pelo assassinato de um homem e a tentativa de homic\u00eddio de outros dois, [&hellip;]<\/p>\n","protected":false},"author":1,"featured_media":30363,"comment_status":"open","ping_status":"open","sticky":false,"template":"","format":"standard","meta":{"rop_custom_images_group":[],"rop_custom_messages_group":[],"rop_publish_now":"initial","rop_publish_now_accounts":[],"rop_publish_now_history":[],"rop_publish_now_status":"pending","footnotes":""},"categories":[25,31],"tags":[7233,107,122,2662],"class_list":["post-30362","post","type-post","status-publish","format-standard","has-post-thumbnail","hentry","category-destaque","category-juridico","tag-2-homens-condenados","tag-homicidio","tag-nanuque","tag-organizacao-criminosa"],"_links":{"self":[{"href":"https:\/\/diariotribuna.com.br\/index.php?rest_route=\/wp\/v2\/posts\/30362"}],"collection":[{"href":"https:\/\/diariotribuna.com.br\/index.php?rest_route=\/wp\/v2\/posts"}],"about":[{"href":"https:\/\/diariotribuna.com.br\/index.php?rest_route=\/wp\/v2\/types\/post"}],"author":[{"embeddable":true,"href":"https:\/\/diariotribuna.com.br\/index.php?rest_route=\/wp\/v2\/users\/1"}],"replies":[{"embeddable":true,"href":"https:\/\/diariotribuna.com.br\/index.php?rest_route=%2Fwp%2Fv2%2Fcomments&post=30362"}],"version-history":[{"count":1,"href":"https:\/\/diariotribuna.com.br\/index.php?rest_route=\/wp\/v2\/posts\/30362\/revisions"}],"predecessor-version":[{"id":30364,"href":"https:\/\/diariotribuna.com.br\/index.php?rest_route=\/wp\/v2\/posts\/30362\/revisions\/30364"}],"wp:featuredmedia":[{"embeddable":true,"href":"https:\/\/diariotribuna.com.br\/index.php?rest_route=\/wp\/v2\/media\/30363"}],"wp:attachment":[{"href":"https:\/\/diariotribuna.com.br\/index.php?rest_route=%2Fwp%2Fv2%2Fmedia&parent=30362"}],"wp:term":[{"taxonomy":"category","embeddable":true,"href":"https:\/\/diariotribuna.com.br\/index.php?rest_route=%2Fwp%2Fv2%2Fcategories&post=30362"},{"taxonomy":"post_tag","embeddable":true,"href":"https:\/\/diariotribuna.com.br\/index.php?rest_route=%2Fwp%2Fv2%2Ftags&post=30362"}],"curies":[{"name":"wp","href":"https:\/\/api.w.org\/{rel}","templated":true}]}}