{"id":30365,"date":"2025-06-27T17:54:18","date_gmt":"2025-06-27T20:54:18","guid":{"rendered":"https:\/\/diariotribuna.com.br\/?p=30365"},"modified":"2025-06-27T17:54:19","modified_gmt":"2025-06-27T20:54:19","slug":"policia-civil-de-teofilo-otoni-recupera-veiculo-furtado-em-belo-horizonte","status":"publish","type":"post","link":"https:\/\/diariotribuna.com.br\/?p=30365","title":{"rendered":"Pol\u00edcia Civil de Te\u00f3filo Otoni recupera ve\u00edculo furtado em Belo Horizonte"},"content":{"rendered":"\n<figure class=\"wp-block-image size-full is-resized\"><img loading=\"lazy\" decoding=\"async\" width=\"700\" height=\"421\" src=\"https:\/\/diariotribuna.com.br\/wp-content\/uploads\/2025\/06\/Imagem-do-WhatsApp-de-2025-06-25-as-18.10.14_419d368b.jpg\" alt=\"\" class=\"wp-image-30366\" style=\"width:471px;height:auto\" srcset=\"https:\/\/diariotribuna.com.br\/wp-content\/uploads\/2025\/06\/Imagem-do-WhatsApp-de-2025-06-25-as-18.10.14_419d368b.jpg 700w, https:\/\/diariotribuna.com.br\/wp-content\/uploads\/2025\/06\/Imagem-do-WhatsApp-de-2025-06-25-as-18.10.14_419d368b-300x180.jpg 300w, https:\/\/diariotribuna.com.br\/wp-content\/uploads\/2025\/06\/Imagem-do-WhatsApp-de-2025-06-25-as-18.10.14_419d368b-696x419.jpg 696w, https:\/\/diariotribuna.com.br\/wp-content\/uploads\/2025\/06\/Imagem-do-WhatsApp-de-2025-06-25-as-18.10.14_419d368b-698x420.jpg 698w\" sizes=\"(max-width: 700px) 100vw, 700px\" \/><\/figure>\n\n\n\n<p>A Pol\u00edcia Civil de Minas Gerais, por meio da Delegacia Especializada em Repress\u00e3o a Furtos e Roubos de Te\u00f3filo Otoni, durante dilig\u00eancias na zona norte da cidade, localizou o ve\u00edculo VW Nova Saveiro 2018 \u2013 cor azul, que havia sido furtado, em fevereiro de 2024, em Belo Horizonte. Segundo o delegado Eduardo Gil, a Delegacia Especializada tomou conhecimento de que o ve\u00edculo estaria transitando em Te\u00f3filo Otoni, em poder de um comerciante da regi\u00e3o norte.<\/p>\n\n\n\n<p>O Saveiro estava com placas de outro ve\u00edculo em circula\u00e7\u00e3o regular, tamb\u00e9m da capital mineira. Durante a\u00e7\u00f5es realizadas na zona norte da cidade a equipe localizou o ve\u00edculo em poder do comerciante que o adquiriu, sendo submetido \u00e0 fiscaliza\u00e7\u00e3o de tr\u00e2nsito e an\u00e1lise dos dados identificadores. Ao ser submetido a uma vistoria foi constatado que o ve\u00edculo ostentava placas falsas e estaria com os dados identificadores adulterados, tratando-se de um clone.<\/p>\n\n\n\n<p>\u201cDiante da evidente irregularidade do ve\u00edculo, ele foi removido, sendo o condutor encaminhado para a delegacia de Pol\u00edcia Civil para esclarecimentos\u201d, disse dr. Eduardo, destacando que, \u201cos crimes correlatos ao ve\u00edculo, envolvidos, e o neg\u00f3cio realizado, seguem sendo investigados pela Delegacia Especializada em Repress\u00e3o a Furtos e Roubos de Te\u00f3filo Otoni. Equipe PCMG: delegado Eduardo Gil. Investigadores Anderson Schultz, Cl\u00e1udio Borges, Erick Mateus e Igor Ganen. Escriv\u00e3es Anselmo e Lucas. (PCMG\/ Dr. Eduardo Gil).<\/p>\n","protected":false},"excerpt":{"rendered":"<p>A Pol\u00edcia Civil de Minas Gerais, por meio da Delegacia Especializada em Repress\u00e3o a Furtos e Roubos de Te\u00f3filo Otoni, durante dilig\u00eancias na zona norte da cidade, localizou o ve\u00edculo VW Nova Saveiro 2018 \u2013 cor azul, que havia sido furtado, em fevereiro de 2024, em Belo Horizonte. Segundo o delegado Eduardo Gil, a Delegacia [&hellip;]<\/p>\n","protected":false},"author":1,"featured_media":30366,"comment_status":"open","ping_status":"open","sticky":false,"template":"","format":"standard","meta":{"rop_custom_images_group":[],"rop_custom_messages_group":[],"rop_publish_now":"initial","rop_publish_now_accounts":[],"rop_publish_now_history":[],"rop_publish_now_status":"pending","footnotes":""},"categories":[25,20],"tags":[344,292,75,2233],"class_list":["post-30365","post","type-post","status-publish","format-standard","has-post-thumbnail","hentry","category-destaque","category-policia","tag-belo-horizonte","tag-policia-civil","tag-teofilo-otoni","tag-veiculo-furtado"],"_links":{"self":[{"href":"https:\/\/diariotribuna.com.br\/index.php?rest_route=\/wp\/v2\/posts\/30365"}],"collection":[{"href":"https:\/\/diariotribuna.com.br\/index.php?rest_route=\/wp\/v2\/posts"}],"about":[{"href":"https:\/\/diariotribuna.com.br\/index.php?rest_route=\/wp\/v2\/types\/post"}],"author":[{"embeddable":true,"href":"https:\/\/diariotribuna.com.br\/index.php?rest_route=\/wp\/v2\/users\/1"}],"replies":[{"embeddable":true,"href":"https:\/\/diariotribuna.com.br\/index.php?rest_route=%2Fwp%2Fv2%2Fcomments&post=30365"}],"version-history":[{"count":1,"href":"https:\/\/diariotribuna.com.br\/index.php?rest_route=\/wp\/v2\/posts\/30365\/revisions"}],"predecessor-version":[{"id":30367,"href":"https:\/\/diariotribuna.com.br\/index.php?rest_route=\/wp\/v2\/posts\/30365\/revisions\/30367"}],"wp:featuredmedia":[{"embeddable":true,"href":"https:\/\/diariotribuna.com.br\/index.php?rest_route=\/wp\/v2\/media\/30366"}],"wp:attachment":[{"href":"https:\/\/diariotribuna.com.br\/index.php?rest_route=%2Fwp%2Fv2%2Fmedia&parent=30365"}],"wp:term":[{"taxonomy":"category","embeddable":true,"href":"https:\/\/diariotribuna.com.br\/index.php?rest_route=%2Fwp%2Fv2%2Fcategories&post=30365"},{"taxonomy":"post_tag","embeddable":true,"href":"https:\/\/diariotribuna.com.br\/index.php?rest_route=%2Fwp%2Fv2%2Ftags&post=30365"}],"curies":[{"name":"wp","href":"https:\/\/api.w.org\/{rel}","templated":true}]}}