{"id":30370,"date":"2025-06-28T12:38:20","date_gmt":"2025-06-28T15:38:20","guid":{"rendered":"https:\/\/diariotribuna.com.br\/?p=30370"},"modified":"2025-06-28T12:38:20","modified_gmt":"2025-06-28T15:38:20","slug":"saude-da-regiao-de-jf-tera-300-milhoes","status":"publish","type":"post","link":"https:\/\/diariotribuna.com.br\/?p=30370","title":{"rendered":"Sa\u00fade da regi\u00e3o de JF ter\u00e1 300 milh\u00f5es\u00a0"},"content":{"rendered":"<p><span>Foto: Reprodu\u00e7\u00e3o<\/span><\/p>\n\n<p><span><strong>COLUNA MG<\/strong><\/span><\/p>\n<p><span>Principais destaques dos jornais e portais integrantes da rede Sindijori MG\u00a0<\/span><\/p>\n<p><span><a href=\"http:\/\/www.sindijorimg.com.br\/\">www.sindijorimg.com.br<\/a><\/span><\/p>\n\n<p><span><strong>Sa\u00fade da regi\u00e3o de JF ter\u00e1 300 milh\u00f5es\u00a0<\/strong><\/span><\/p>\n<p><span>O Governo de Minas Gerais, por meio da Secretaria de Estado de Sa\u00fade, em conjunto com a Secretaria de Estado de Infraestrutura, Mobilidade e Parcerias (Seinfra) e a Advocacia Geral do Estado, anunciou um investimento robusto de R$ 300 milh\u00f5es na regi\u00e3o, nesta sexta-feira, 27. A principal novidade \u00e9 a garantia de financiamento para a constru\u00e7\u00e3o de um novo Hospital Pronto-Socorro (HPS) em Juiz de Fora, obra aguardada h\u00e1 anos pela popula\u00e7\u00e3o. Obras devem ser feitas no Hospital Regional, paralisadas desde 2017. (Acessa.com \u2013 Juiz de Fora)<\/span><\/p>\n<p><span><a href=\"https:\/\/www.acessa.com\/cidade\/2025\/06\/252931-governo-do-estado-anuncia-rs-300-mi-para-saude-da-regiao-incluindo-novo-hps-em-juiz-de-fora.html\">https:\/\/www.acessa.com\/cidade\/2025\/06\/252931-governo-do-estado-anuncia-rs-300-mi-para-saude-da-regiao-incluindo-novo-hps-em-juiz-de-fora.html<\/a><\/span><\/p>\n\n<p><span><strong>Escolha para TCE se afunila<\/strong><\/span><\/p>\n<p><span>A novela relacionada ao debate para indica\u00e7\u00e3o de um deputado \u00e0 vaga de conselheiro do Tribunal de Contas do Estado de Minas Gerais (TCE-MG) parece caminhar para os cap\u00edtulos finais. Desde o dia 26 de junho come\u00e7ou a valer o prazo de dez dias \u00fateis, para inscri\u00e7\u00e3o dos nomes de parlamentares interessados na disputa do cobi\u00e7ado cargo de membro daquela Corte. (Edi\u00e7\u00e3o do Brasil \u2013 Belo Horizonte)<\/span><\/p>\n<p><span><a href=\"https:\/\/edicaodobrasil.com.br\/2025\/06\/27\/alencar-da-silveira-segue-como-favorito-para-conselheiro-do-tribunal-de-contas\/\">https:\/\/edicaodobrasil.com.br\/2025\/06\/27\/alencar-da-silveira-segue-como-favorito-para-conselheiro-do-tribunal-de-contas\/<\/a><\/span><\/p>\n\n<p><span><strong>L\u00f4 Borges abre Festival em Monte Verde<\/strong><\/span><\/p>\n<p><span>O cantor e compositor L\u00f4 Borges \u00e9 a atra\u00e7\u00e3o de abertura do Festival de Inverno de Monte Verde, que come\u00e7a neste s\u00e1bado e que prossegue at\u00e9 28 de julho. Conhecido oficialmente como Festival de Inverno das Montanhas, o evento tem se consolidado como um dos mais tradicionais de Minas Gerais, atraindo milhares de visitantes ao charmoso distrito de Camanducaia, carinhosamente apelidado de \u201cAlemanha mineira\u201d por seu clima frio, arquitetura europeia e paisagens naturais exuberantes. (O Debate \u2013 Varginha)<\/span><\/p>\n<p><span><a href=\"https:\/\/www.odebatenoticias.com.br\/post\/com-show-de-l%C3%B4-borges-festival-de-inverno-das-montanhas-come%C3%A7a-em-monte-verde\">https:\/\/www.odebatenoticias.com.br\/post\/com-show-de-l%C3%B4-borges-festival-de-inverno-das-montanhas-come%C3%A7a-em-monte-verde<\/a><\/span><\/p>\n\n<p><span><strong>Araguari usa educa\u00e7\u00e3o contra queimadas<\/strong><\/span><\/p>\n<p><span>A Prefeitura de Araguari lan\u00e7ou o projeto \u201cQueimada apaga a vida, acenda a consci\u00eancia!\u201d, por meio do Programa de Educa\u00e7\u00e3o Ambiental Gira Sol, com o objetivo de conscientizar a comunidade escolar sobre os preju\u00edzos causados pelas queimadas, comuns no inverno devido \u00e0 seca e aos ventos. A iniciativa, apresentada a diretores de escolas e centros de educa\u00e7\u00e3o infantil, inclui atividades pedag\u00f3gicas como m\u00fasicas, palestras, v\u00eddeos e blitz educativas. (Gazeta do Tri\u00e2ngulo \u2013 Araguari)<\/span><\/p>\n<p><span><a href=\"https:\/\/gazetadotriangulo.com.br\/queimada-apaga-a-vida-araguari-aposta-na-educacao-para-enfrentar-queimadas\/\">https:\/\/gazetadotriangulo.com.br\/queimada-apaga-a-vida-araguari-aposta-na-educacao-para-enfrentar-queimadas\/<\/a><\/span><\/p>\n\n<p><span><strong>Sebrae lan\u00e7a programa em Divin\u00f3polis<\/strong><\/span><\/p>\n<p><span>O Sebrae Minas, em parceria com a Prefeitura de Divin\u00f3polis e a Abrasel, lan\u00e7ou os programas Qualifica Turismo e Alta Gastronomia Divin\u00f3polis para impulsionar o turismo e a gastronomia local. O Qualifica Turismo foca na capacita\u00e7\u00e3o de hot\u00e9is e pousadas por meio de diagn\u00f3sticos, oficinas e consultorias, visando padroniza\u00e7\u00e3o e melhoria nos servi\u00e7os. J\u00e1 o Alta Gastronomia prop\u00f5e a cria\u00e7\u00e3o de um circuito gastron\u00f4mico-cultural que valorize a culin\u00e1ria local, atraia turistas e fortale\u00e7a bares e restaurantes, com capacita\u00e7\u00e3o e est\u00edmulo a parcerias com produtores locais. (G37.com \u2013 Divin\u00f3polis)<\/span><\/p>\n<p><span><a href=\"https:\/\/g37.com.br\/divinopolis\/sebrae-minas-lanca-programas-para-impulsionar-turismo-e-alta-gastronomia-em-divinopolis\/\">https:\/\/g37.com.br\/divinopolis\/sebrae-minas-lanca-programas-para-impulsionar-turismo-e-alta-gastronomia-em-divinopolis\/<\/a><\/span><\/p>\n\n<p><span><strong>Hospital no ranking de excel\u00eancia<\/strong><\/span><\/p>\n<p><span>O Hospital M\u00e1rcio Cunha (HMC), administrado pela Funda\u00e7\u00e3o S\u00e3o Francisco Xavier, reafirma sua posi\u00e7\u00e3o de protagonismo na medicina e excel\u00eancia em sa\u00fade. De acordo com o \u201cHospiRank 2025\u201d, levantamento realizado pela Global Health Intelligence (GHI) \u2014 empresa norte-americana especializada na an\u00e1lise de dados do mercado de sa\u00fade, o HMC est\u00e1 entre os hospitais privados mais bem equipados do Brasil, figurando com outras unidades como o Hospital Israelita Albert Einstein e S\u00edrio-Liban\u00eas. (Portal Silmara Freitas)<\/span><\/p>\n<p><span><a href=\"https:\/\/www.silmaradefreitas.com.br\/hospital-marcio-cunha-esta-entre-os-10-hospitais-privados-mais-bem-equipados-do-brasil-segundo-o-hospirank-2025\/\">https:\/\/www.silmaradefreitas.com.br\/hospital-marcio-cunha-esta-entre-os-10-hospitais-privados-mais-bem-equipados-do-brasil-segundo-o-hospirank-2025\/<\/a><\/span><\/p>\n\n<p><span><strong>Transporte de pets \u00e9 regulamentado<\/strong><\/span><\/p>\n<p><span>O transporte de c\u00e3es e gatos de pequeno porte em \u00f4nibus intermunicipais de Minas Gerais passa a ser regulamentado a partir de 27 de junho de 2025. A nova norma, elaborada pelo Governo do Estado em parceria com o CRMV-MG, Sindpas e MPMG, exige o uso de caixas de transporte compat\u00edveis, ventiladas e seguras, al\u00e9m de atestado veterin\u00e1rio v\u00e1lido por at\u00e9 30 dias. A medida visa garantir seguran\u00e7a e conforto para tutores, passageiros e animais, padronizando o servi\u00e7o no sistema rodovi\u00e1rio intermunicipal. (Jornal Classivale \u2013 Ipatinga)<\/span><\/p>\n<p><span><a href=\"https:\/\/jornalclassivale.com.br\/noticia\/4485\/transporte-de-pets-em-onibus-intermunicipais-e-regulamentado-em-minas\">https:\/\/jornalclassivale.com.br\/noticia\/4485\/transporte-de-pets-em-onibus-intermunicipais-e-regulamentado-em-minas<\/a><\/span><\/p>\n\n<p>\u00a0<\/p>","protected":false},"excerpt":{"rendered":"<p>Foto: Reprodu\u00e7\u00e3o COLUNA MG Principais destaques dos jornais e portais integrantes da rede Sindijori MG\u00a0 www.sindijorimg.com.br Sa\u00fade da regi\u00e3o de JF ter\u00e1 300 milh\u00f5es\u00a0 O Governo de Minas Gerais, por meio da Secretaria de Estado de Sa\u00fade, em conjunto com a Secretaria de Estado de Infraestrutura, Mobilidade e Parcerias (Seinfra) e a Advocacia Geral do [&hellip;]<\/p>\n","protected":false},"author":0,"featured_media":30371,"comment_status":"open","ping_status":"open","sticky":false,"template":"","format":"standard","meta":{"rop_custom_images_group":[],"rop_custom_messages_group":[],"rop_publish_now":"initial","rop_publish_now_accounts":[],"rop_publish_now_history":[],"rop_publish_now_status":"pending","footnotes":""},"categories":[6745],"tags":[],"class_list":["post-30370","post","type-post","status-publish","format-standard","has-post-thumbnail","hentry","category-coluna-sindijori"],"_links":{"self":[{"href":"https:\/\/diariotribuna.com.br\/index.php?rest_route=\/wp\/v2\/posts\/30370"}],"collection":[{"href":"https:\/\/diariotribuna.com.br\/index.php?rest_route=\/wp\/v2\/posts"}],"about":[{"href":"https:\/\/diariotribuna.com.br\/index.php?rest_route=\/wp\/v2\/types\/post"}],"replies":[{"embeddable":true,"href":"https:\/\/diariotribuna.com.br\/index.php?rest_route=%2Fwp%2Fv2%2Fcomments&post=30370"}],"version-history":[{"count":0,"href":"https:\/\/diariotribuna.com.br\/index.php?rest_route=\/wp\/v2\/posts\/30370\/revisions"}],"wp:featuredmedia":[{"embeddable":true,"href":"https:\/\/diariotribuna.com.br\/index.php?rest_route=\/wp\/v2\/media\/30371"}],"wp:attachment":[{"href":"https:\/\/diariotribuna.com.br\/index.php?rest_route=%2Fwp%2Fv2%2Fmedia&parent=30370"}],"wp:term":[{"taxonomy":"category","embeddable":true,"href":"https:\/\/diariotribuna.com.br\/index.php?rest_route=%2Fwp%2Fv2%2Fcategories&post=30370"},{"taxonomy":"post_tag","embeddable":true,"href":"https:\/\/diariotribuna.com.br\/index.php?rest_route=%2Fwp%2Fv2%2Ftags&post=30370"}],"curies":[{"name":"wp","href":"https:\/\/api.w.org\/{rel}","templated":true}]}}