{"id":30372,"date":"2025-06-30T11:35:00","date_gmt":"2025-06-30T14:35:00","guid":{"rendered":"https:\/\/diariotribuna.com.br\/?p=30372"},"modified":"2025-06-30T11:35:00","modified_gmt":"2025-06-30T14:35:00","slug":"hospital-oncologico-e-ampliado","status":"publish","type":"post","link":"https:\/\/diariotribuna.com.br\/?p=30372","title":{"rendered":"Hospital oncol\u00f3gico \u00e9 ampliado\u00a0"},"content":{"rendered":"<p><span>Foto: Divulga\u00e7\u00e3o FVS<\/span><\/p>\n\n<p><strong><span>COLUNA MG<\/span><\/strong><\/p>\n<p><span>Principais destaques dos jornais e portais integrantes da rede Sindijori MG\u00a0<\/span><\/p>\n<p><span><a href=\"http:\/\/www.sindijorimg.com.br\/\">www.sindijorimg.com.br<\/a><\/span><\/p>\n<p><span><\/span><\/p>\n\n<p><strong><span>Hospital oncol\u00f3gico \u00e9 ampliado<\/span><\/strong><\/p>\n<p><span>Centenas de pessoas acompanharam no domingo, 29, a inaugura\u00e7\u00e3o do 2\u00ba pavimento do Hospital Oncol\u00f3gico Samuel Lib\u00e2nio em Pouso Alegre. A inaugura\u00e7\u00e3o do 2\u00ba pavimento do Oncol\u00f3gico ocorre ap\u00f3s um ano da entrega do primeiro pavimento. J\u00e1 o lan\u00e7amento da pedra fundamental do Hospital Oncol\u00f3gico ocorreu em novembro de 2021. O presidente da Funda\u00e7\u00e3o de Ensino Superior do Vale do Sapuca\u00ed (mantenedora do hospital), J\u00falio C\u00e9sar da Silva Tavares, explica que o 2\u00ba pavimento possui majoritariamente espa\u00e7os para a quimioterapia dos pacientes, mas tamb\u00e9m conta com 10 consult\u00f3rios multidisciplinares focados na oncologia. (Estrada Nacional \u2013 Pouso Alegre)<\/span><\/p>\n<p><span><a href=\"https:\/\/www.estradanacional.info\/post\/para-o-sul-de-minas-2%C2%BA-pavimento-do-hospital-oncol%C3%B3gico-samuel-lib%C3%A2nio-est%C3%A1-conclu%C3%ADdo\">https:\/\/www.estradanacional.info\/post\/para-o-sul-de-minas-2%C2%BA-pavimento-do-hospital-oncol%C3%B3gico-samuel-lib%C3%A2nio-est%C3%A1-conclu%C3%ADdo<\/a><\/span><\/p>\n<p><span><\/span><\/p>\n\n<p><strong><span>Brasil conquista Super Ouro na ExpoQueijo\u00a0<\/span><\/strong><\/p>\n<p><span>O Brasil alcan\u00e7ou o cobi\u00e7ado Pr\u00eamio Super Ouro na ExpoQueijo Brasil \u2013 Arax\u00e1 International Cheese Awards 2025, a principal competi\u00e7\u00e3o de queijos artesanais das Am\u00e9ricas. O grande vencedor desta edi\u00e7\u00e3o foi o Queijo Pedra do Segredo, produzido pela Queijaria Pedra do Segredo, localizada em Alagoa, no Sul de Minas Gerais. O exemplar mineiro se destacou na categoria de queijo de leite cru, casca lisa e\/ou lavada, com ou sem aquecimento, e matura\u00e7\u00e3o superior a 180 dias. Ele obteve a pontua\u00e7\u00e3o mais alta entre as mil amostras inscritas por 16 pa\u00edses, garantindo a vit\u00f3ria in\u00e9dita para o pa\u00eds. (Clarin \u2013 Arax\u00e1)<\/span><\/p>\n<p><span><a href=\"https:\/\/clarim.net.br\/brasil-conquista-super-ouro-inedito-na-expoqueijo-2025\/\">https:\/\/clarim.net.br\/brasil-conquista-super-ouro-inedito-na-expoqueijo-2025\/<\/a><\/span><\/p>\n<p><span><\/span><\/p>\n\n<p><strong><span>Abastecimento ampliado em Caratinga<\/span><\/strong><\/p>\n<p><span>A Copasa concluiu e colocou em opera\u00e7\u00e3o a nova parte do sistema de abastecimento de \u00e1gua da empresa que foi constru\u00edda no munic\u00edpio de Caratinga. O importante empreendimento, que teve in\u00edcio em dezembro passado e j\u00e1 est\u00e1 beneficiando cerca de 12 mil clientes, refor\u00e7ou o abastecimento dos bairros Dr. Eduardo, Dario Grossi e T\u00e3ozinho Vilela, ampliou a reserva\u00e7\u00e3o de \u00e1gua para os bairros Floresta, Limoeiro, al\u00e9m de minimizar os efeitos de eventuais intermit\u00eancias. Com investimentos de R$ 1,6 milh\u00e3o, o sistema passou a contar com um reservat\u00f3rio met\u00e1lico. (Di\u00e1rio de Caratinga)<\/span><\/p>\n<p><span><a href=\"https:\/\/diariodecaratinga.com.br\/ampliacao-do-sistema-de-abastecimento-de-agua-e-concluido-em-caratinga\/\">https:\/\/diariodecaratinga.com.br\/ampliacao-do-sistema-de-abastecimento-de-agua-e-concluido-em-caratinga\/<\/a><\/span><\/p>\n<p><span><\/span><\/p>\n\n<p><strong><span>Pirapora tem unidade oncol\u00f3gica<\/span><\/strong><\/p>\n<p><span>Moradores de Pirapora e munic\u00edpios vizinhos agora contam com um importante refor\u00e7o na luta contra o c\u00e2ncer. Desde a semana passada, a Unidade de Extens\u00e3o Cl\u00ednica em Oncologia do Hospital Dilson Godinho (HDG) passou a ofertar, o tratamento de quimioterapia venosa e oral, hormonioterapia e imunoterapia para pacientes atendidos pelo Sistema \u00fanico de Sa\u00fade (SUS). O Hospital Dilson de Quadros Godinho j\u00e1 havia assumido em fevereiro de 2023, o servi\u00e7o de Nefrologia no munic\u00edpio de Pirapora, realizando diagn\u00f3sticos e tratamentos dos usu\u00e1rios daquela microrregi\u00e3o do M\u00e9dio S\u00e3o Francisco. (Gazeta Norte Mineira \u2013 Montes Claros)<\/span><\/p>\n<p><span><a href=\"https:\/\/gazetanm.com.br\/descentralizacao-em-oncologia\/\">https:\/\/gazetanm.com.br\/descentralizacao-em-oncologia\/<\/a><\/span><\/p>\n<p><span><\/span><\/p>\n\n<p><strong><span>Uberaba vai revitalizar via<\/span><\/strong><\/p>\n<p><span>O primeiro passo para a revitaliza\u00e7\u00e3o da rua Artur Machado ser\u00e1 dado na pr\u00f3xima quinta-feira, 3, com o in\u00edcio do escaneamento da via. A revitaliza\u00e7\u00e3o de uma das principais ruas comerciais da cidade integra o programa Desenvolve Uberaba da prefeitura. O escaneamento subterr\u00e2neo por georadar mapear\u00e1 redes e estruturas enterradas no subsolo, sem a necessidade de escava\u00e7\u00e3o. Com o uso de ondas eletromagn\u00e9ticas de alta frequ\u00eancia, o sistema produz imagens da subsuperf\u00edcie e permite a identifica\u00e7\u00e3o precisa de tubula\u00e7\u00f5es, cabos, dutos, tanques e demais elementos n\u00e3o vis\u00edveis. (Jornal de Uberaba)<\/span><\/p>\n<p><span><a href=\"https:\/\/www.jornaldeuberaba.com.br\/noticia\/114020\/desenvolve-uberaba-escaneamento-para-revitalizacao-da-artur-machado-comeca-nesta-semana\">https:\/\/www.jornaldeuberaba.com.br\/noticia\/114020\/desenvolve-uberaba-escaneamento-para-revitalizacao-da-artur-machado-comeca-nesta-semana<\/a><\/span><\/p>\n<p><span><\/span><\/p>\n\n<p><strong><span>UFV ganha pr\u00eamio internacional<\/span><\/strong><\/p>\n<p><span>A Universidade Federal de Vi\u00e7osa (UFV) conquistou mais um feito de reconhecimento internacional, dessa vez, na 34\u00aa edi\u00e7\u00e3o da International Association for Management of Technology Conference (Iamot). O doutorando Breno Valente Fontes Ara\u00fajo e a professora da institui\u00e7\u00e3o, Ana Cl\u00e1udia Azevedo, conquistaram o pr\u00eamio de melhor artigo no evento, que aconteceu entre os dias 14 e 19 de junho em Montreal, no Canad\u00e1. Intitulado &#8220;Strategic Orientations of Technology Transfer Offices in Emerging Economies: Implications for Early-Stage and Late-Stage Outcomes&#8221;, o artigo premiado investigou como diferentes estrat\u00e9gias adotadas pelos N\u00facleos de Inova\u00e7\u00e3o Tecnol\u00f3gica (NITs) influenciam os resultados da transfer\u00eancia de tecnologia no Brasil. (Folha da Mata \u2013 Vi\u00e7osa)<\/span><\/p>\n<p><span><a href=\"https:\/\/www.folhadamata.com.br\/pesquisadores-da-ufv-conquistam-premio-de-melhor-artigo-em-conferencia-internacional-no-canada\">https:\/\/www.folhadamata.com.br\/pesquisadores-da-ufv-conquistam-premio-de-melhor-artigo-em-conferencia-internacional-no-canada<\/a><\/span><\/p>\n<p><span><\/span><\/p>\n\n<p>\u00a0<\/p>","protected":false},"excerpt":{"rendered":"<p>Foto: Divulga\u00e7\u00e3o FVS COLUNA MG Principais destaques dos jornais e portais integrantes da rede Sindijori MG\u00a0 www.sindijorimg.com.br Hospital oncol\u00f3gico \u00e9 ampliado Centenas de pessoas acompanharam no domingo, 29, a inaugura\u00e7\u00e3o do 2\u00ba pavimento do Hospital Oncol\u00f3gico Samuel Lib\u00e2nio em Pouso Alegre. A inaugura\u00e7\u00e3o do 2\u00ba pavimento do Oncol\u00f3gico ocorre ap\u00f3s um ano da entrega do [&hellip;]<\/p>\n","protected":false},"author":0,"featured_media":30373,"comment_status":"open","ping_status":"open","sticky":false,"template":"","format":"standard","meta":{"rop_custom_images_group":[],"rop_custom_messages_group":[],"rop_publish_now":"initial","rop_publish_now_accounts":[],"rop_publish_now_history":[],"rop_publish_now_status":"pending","footnotes":""},"categories":[6745],"tags":[],"class_list":["post-30372","post","type-post","status-publish","format-standard","has-post-thumbnail","hentry","category-coluna-sindijori"],"_links":{"self":[{"href":"https:\/\/diariotribuna.com.br\/index.php?rest_route=\/wp\/v2\/posts\/30372"}],"collection":[{"href":"https:\/\/diariotribuna.com.br\/index.php?rest_route=\/wp\/v2\/posts"}],"about":[{"href":"https:\/\/diariotribuna.com.br\/index.php?rest_route=\/wp\/v2\/types\/post"}],"replies":[{"embeddable":true,"href":"https:\/\/diariotribuna.com.br\/index.php?rest_route=%2Fwp%2Fv2%2Fcomments&post=30372"}],"version-history":[{"count":0,"href":"https:\/\/diariotribuna.com.br\/index.php?rest_route=\/wp\/v2\/posts\/30372\/revisions"}],"wp:featuredmedia":[{"embeddable":true,"href":"https:\/\/diariotribuna.com.br\/index.php?rest_route=\/wp\/v2\/media\/30373"}],"wp:attachment":[{"href":"https:\/\/diariotribuna.com.br\/index.php?rest_route=%2Fwp%2Fv2%2Fmedia&parent=30372"}],"wp:term":[{"taxonomy":"category","embeddable":true,"href":"https:\/\/diariotribuna.com.br\/index.php?rest_route=%2Fwp%2Fv2%2Fcategories&post=30372"},{"taxonomy":"post_tag","embeddable":true,"href":"https:\/\/diariotribuna.com.br\/index.php?rest_route=%2Fwp%2Fv2%2Ftags&post=30372"}],"curies":[{"name":"wp","href":"https:\/\/api.w.org\/{rel}","templated":true}]}}