{"id":30378,"date":"2025-07-01T12:27:11","date_gmt":"2025-07-01T15:27:11","guid":{"rendered":"https:\/\/diariotribuna.com.br\/?p=30378"},"modified":"2025-07-01T12:27:11","modified_gmt":"2025-07-01T15:27:11","slug":"forum-recebe-investimento-de-51-milhoes","status":"publish","type":"post","link":"https:\/\/diariotribuna.com.br\/?p=30378","title":{"rendered":"F\u00f3rum recebe investimento de 51 milh\u00f5es\u00a0"},"content":{"rendered":"<p><span>Foto: Arthur Teixeira\/Sete Dias<\/span><\/p>\n\n<p><strong><span>COLUNA MG<\/span><\/strong><\/p>\n<p><span>Principais destaques dos jornais e portais integrantes da rede Sindijori MG\u00a0<\/span><\/p>\n<p><span><a href=\"http:\/\/www.sindijorimg.com.br\/\">www.sindijorimg.com.br<\/a><\/span><\/p>\n<p><span><\/span><\/p>\n\n<p><strong><span>F\u00f3rum recebe investimento de 51 milh\u00f5es<\/span><\/strong><\/p>\n<p><span>O F\u00f3rum F\u00e9lix Generoso, principal estrutura funcional do Tribunal de Justi\u00e7a de Minas Gerais (TJMG) na Comarca de Sete Lagoas, foi inaugurado no dia 12 de maio de 1998. Depois de 27 anos absorvendo as demandas processuais de Sete Lagoas, Inha\u00fama, Fortuna de Minas, Cachoeira da Prata, Jequitib\u00e1, Funil\u00e2ndia, Baldim e Santana de Pirapama este arcabou\u00e7o necessitava de um refor\u00e7o urgente e ele chegou em alto n\u00edvel. Com um investimento de mais de R$ 51 milh\u00f5es est\u00e1 sendo constru\u00eddo um anexo que ter\u00e1 mais de 20 mil metros quadrados de \u00e1rea \u00fatil. (Jornal Sete Dias \u2013 Sete Lagoas)<\/span><\/p>\n<p><span><a href=\"https:\/\/www.setedias.com.br\/projeto-vai-criar-um-verdadeiro-complexo-do-tribunal-de-justica-em-sete-lagoas\/\">https:\/\/www.setedias.com.br\/projeto-vai-criar-um-verdadeiro-complexo-do-tribunal-de-justica-em-sete-lagoas\/<\/a><\/span><\/p>\n<p><span><\/span><\/p>\n\n<p><strong><span>Cooperativismo movimenta R$ 157,8 bilh\u00f5es\u00a0<\/span><\/strong><\/p>\n<p><span>O cooperativismo de Minas Gerais segue em plena expans\u00e3o, ampliando a participa\u00e7\u00e3o na economia. Em 2024, o setor movimentou R$ 157,8 bilh\u00f5es, um avan\u00e7o de 21,7% em rela\u00e7\u00e3o ao ano anterior (R$ 28,8 bilh\u00f5es a mais) em riquezas geradas. Com o resultado, as cooperativas responderam por 14,9% do Produto Interno Bruto (PIB) de Minas Gerais. Entre os setores que cresceram e contribu\u00edram de forma positiva para o aumento da movimenta\u00e7\u00e3o econ\u00f4mica, o de infraestrutura se destaca e, proporcionalmente, registrou a maior evolu\u00e7\u00e3o. O faturamento das cooperativas de infraestrutura saltou de R$ 33,9 milh\u00f5es para R$ 514,9 milh\u00f5es em um ano, alta de 1.420%, puxada pelas cooperativas de energia. (Di\u00e1rio do Com\u00e9rcio \u2013 Belo Horizonte)<\/span><\/p>\n<p><span><a href=\"https:\/\/diariodocomercio.com.br\/economia\/cooperativismo-mineiro-movimenta-157-bilhoes\/\">https:\/\/diariodocomercio.com.br\/economia\/cooperativismo-mineiro-movimenta-157-bilhoes\/<\/a><\/span><\/p>\n<p><span><\/span><\/p>\n\n<p><strong><span>Campanha solid\u00e1ria em Divin\u00f3polis<\/span><\/strong><\/p>\n<p><span>O Centro Esp\u00edrita Mestre Erasto (CEME) est\u00e1 realizando uma campanha solid\u00e1ria em apoio \u00e0 Casa de Apoio Irm\u00e3 Scheilla (CAIS), que acolhe pessoas com HIV em situa\u00e7\u00e3o de vulnerabilidade em Divin\u00f3polis. A iniciativa visa arrecadar itens como alimentos, leite, sucos, cestas b\u00e1sicas e produtos de higiene pessoal, para garantir dignidade e bem-estar aos assistidos. A campanha refor\u00e7a o compromisso do CEME com a\u00e7\u00f5es humanit\u00e1rias e o fortalecimento de redes de solidariedade. (G37.com.br \u2013 Divin\u00f3polis)<\/span><\/p>\n<p><span><a href=\"https:\/\/g37.com.br\/divinopolis\/campanha-solidaria-do-ceme-apoia-pacientes-com-hiv-em-divinopolis\/\">https:\/\/g37.com.br\/divinopolis\/campanha-solidaria-do-ceme-apoia-pacientes-com-hiv-em-divinopolis\/<\/a><\/span><\/p>\n<p><span><\/span><\/p>\n\n<p><strong><span>Pouso Alegre amplia educa\u00e7\u00e3o art\u00edstica<\/span><\/strong><\/p>\n<p><span>A Prefeitura de Pouso Alegre, por meio da Secretaria Municipal de Educa\u00e7\u00e3o, inaugurou a Unidade 2 do Centro de Ensino Integral Art\u00edstico Municipal para ampliar o acesso \u00e0 educa\u00e7\u00e3o art\u00edstica na rede p\u00fablica. A nova unidade atender\u00e1 cerca de 250 alunos, incluindo 180 da lista de espera e 60 transferidos da Unidade 1, fortalecendo o compromisso com uma forma\u00e7\u00e3o integral que une ensino acad\u00eamico e artes. O Centro oferece atividades como m\u00fasica, dan\u00e7a, teatro e artes visuais para alunos da rede municipal. (Jornal Di\u00e1rio Regional \u2013 Pouso Alegre)<\/span><\/p>\n<p><span><a href=\"https:\/\/jornaldiarioregional.com.br\/2025\/01\/28\/prefeitura-de-pouso-alegre-amplia-acesso-a-educacao-artistica-com-nova-unidade-do-ceiam\/\">https:\/\/jornaldiarioregional.com.br\/2025\/01\/28\/prefeitura-de-pouso-alegre-amplia-acesso-a-educacao-artistica-com-nova-unidade-do-ceiam\/<\/a><\/span><\/p>\n<p><span><\/span><\/p>\n\n<p><strong><span>Bord\u00e3o de humorista \u00e9 frase cultural<\/span><\/strong><\/p>\n<p><span>O bord\u00e3o \u201cQuando eu era crian\u00e7a pequena l\u00e1 em Barbacena\u201d foi reconhecido, por lei, como frase cultural da cidade. A Lei n\u00ba 5.353 foi sancionada pelo prefeito Carlos Du. A frase mencionada poder\u00e1 ser utilizada em a\u00e7\u00f5es culturais, educativas, tur\u00edsticas e promocionais do Munic\u00edpio, como forma de valoriza\u00e7\u00e3o da identidade local. O bord\u00e3o foi eternizado pelo personagem Aldemar Vig\u00e1rio, na \u2018Escolinha do Professor Raimundo\u2019\u201d, e era utilizada pelo personagem Joselino Barbacena, interpretado por Ant\u00f4nio Carlos Pires, na d\u00e9cada de 90, e \u00c2ngelo Ant\u00f4nio, na vers\u00e3o mais recente do programa humor\u00edstico. (Tribuna de Minas \u2013 Juiz de Fora)<\/span><\/p>\n<p><span><a href=\"https:\/\/tribunademinas.com.br\/noticias\/regiao\/30-06-2025\/quando-eu-era-crianca-pequena-la-em-barbacena.html\">https:\/\/tribunademinas.com.br\/noticias\/regiao\/30-06-2025\/quando-eu-era-crianca-pequena-la-em-barbacena.html<\/a><\/span><\/p>\n<p><span><\/span><\/p>\n\n<p><strong><span>Formiga faz Festival do Peixe<\/span><\/strong><\/p>\n<p><span>Neste pr\u00f3ximo final de semana a comunidade de Pontevila ser\u00e1 palco de mais uma edi\u00e7\u00e3o do tradicional \u201cFestival do Peixe\u201d, promovido pela Prefeitura Municipal de Formiga. O evento, que j\u00e1 faz parte do calend\u00e1rio cultural da cidade, chega \u00e0 sua 7\u00aa edi\u00e7\u00e3o com uma programa\u00e7\u00e3o especial, repleta de atra\u00e7\u00f5es musicais, pratos t\u00edpicos e momentos de confraterniza\u00e7\u00e3o. No s\u00e1bado (5), a dupla Jo\u00e3o Marcos &amp; Nando se apresenta \u00e0s 19h, animando o p\u00fablico com muito sertanejo e carisma. No domingo (6), o jovem talento Akiles Ramos sobe ao palco \u00e0s 13h, prometendo encantar os visitantes com seu repert\u00f3rio animado. Realizado pela Prefeitura de Formiga, com apoio do Projeto Grutas e Mar de Minas, Comtur Formiga e Sebrae, o evento refor\u00e7a o compromisso com o fortalecimento do turismo, da cultura e da economia local. (\u00daltimas Not\u00edcias \u2013 Formiga)<\/span><\/p>\n<p><span><a href=\"https:\/\/ultimasnoticias.inf.br\/noticia\/ofestival-do-peixe-2025-sera-realizado-nos-dias-5-e-6-de-julho-em-pontevila\/\">https:\/\/ultimasnoticias.inf.br\/noticia\/ofestival-do-peixe-2025-sera-realizado-nos-dias-5-e-6-de-julho-em-pontevila\/<\/a><\/span><\/p>\n<p><span><\/span><\/p>\n\n<p>\u00a0<\/p>","protected":false},"excerpt":{"rendered":"<p>Foto: Arthur Teixeira\/Sete Dias COLUNA MG Principais destaques dos jornais e portais integrantes da rede Sindijori MG\u00a0 www.sindijorimg.com.br F\u00f3rum recebe investimento de 51 milh\u00f5es O F\u00f3rum F\u00e9lix Generoso, principal estrutura funcional do Tribunal de Justi\u00e7a de Minas Gerais (TJMG) na Comarca de Sete Lagoas, foi inaugurado no dia 12 de maio de 1998. Depois de [&hellip;]<\/p>\n","protected":false},"author":0,"featured_media":30379,"comment_status":"open","ping_status":"open","sticky":false,"template":"","format":"standard","meta":{"rop_custom_images_group":[],"rop_custom_messages_group":[],"rop_publish_now":"initial","rop_publish_now_accounts":[],"rop_publish_now_history":[],"rop_publish_now_status":"pending","footnotes":""},"categories":[6745],"tags":[],"class_list":["post-30378","post","type-post","status-publish","format-standard","has-post-thumbnail","hentry","category-coluna-sindijori"],"_links":{"self":[{"href":"https:\/\/diariotribuna.com.br\/index.php?rest_route=\/wp\/v2\/posts\/30378"}],"collection":[{"href":"https:\/\/diariotribuna.com.br\/index.php?rest_route=\/wp\/v2\/posts"}],"about":[{"href":"https:\/\/diariotribuna.com.br\/index.php?rest_route=\/wp\/v2\/types\/post"}],"replies":[{"embeddable":true,"href":"https:\/\/diariotribuna.com.br\/index.php?rest_route=%2Fwp%2Fv2%2Fcomments&post=30378"}],"version-history":[{"count":0,"href":"https:\/\/diariotribuna.com.br\/index.php?rest_route=\/wp\/v2\/posts\/30378\/revisions"}],"wp:featuredmedia":[{"embeddable":true,"href":"https:\/\/diariotribuna.com.br\/index.php?rest_route=\/wp\/v2\/media\/30379"}],"wp:attachment":[{"href":"https:\/\/diariotribuna.com.br\/index.php?rest_route=%2Fwp%2Fv2%2Fmedia&parent=30378"}],"wp:term":[{"taxonomy":"category","embeddable":true,"href":"https:\/\/diariotribuna.com.br\/index.php?rest_route=%2Fwp%2Fv2%2Fcategories&post=30378"},{"taxonomy":"post_tag","embeddable":true,"href":"https:\/\/diariotribuna.com.br\/index.php?rest_route=%2Fwp%2Fv2%2Ftags&post=30378"}],"curies":[{"name":"wp","href":"https:\/\/api.w.org\/{rel}","templated":true}]}}