{"id":30386,"date":"2025-07-02T11:40:28","date_gmt":"2025-07-02T14:40:28","guid":{"rendered":"https:\/\/diariotribuna.com.br\/?p=30386"},"modified":"2025-07-02T11:40:28","modified_gmt":"2025-07-02T14:40:28","slug":"festival-com-140-atracoes-em-pocos","status":"publish","type":"post","link":"https:\/\/diariotribuna.com.br\/?p=30386","title":{"rendered":"Festival com 140 atra\u00e7\u00f5es em Po\u00e7os\u00a0"},"content":{"rendered":"<p><span>Foto: Divulga\u00e7\u00e3o PMPC<\/span><\/p>\n\n<p><strong><span>COLUNA MG<\/span><\/strong><\/p>\n<p><span>Principais destaques dos jornais e portais integrantes da rede Sindijori MG\u00a0<\/span><\/p>\n<p><span><a href=\"http:\/\/www.sindijorimg.com.br\/\">www.sindijorimg.com.br<\/a><\/span><\/p>\n<p><span><\/span><\/p>\n\n<p><strong><span>Festival com 140 atra\u00e7\u00f5es em Po\u00e7os<\/span><\/strong><\/p>\n<p><span>De 11 a 27 de julho, acontece a 29\u00aa edi\u00e7\u00e3o do tradicional Festival de Inverno de Po\u00e7os de Caldas, que vai reunir mais de 140 atra\u00e7\u00f5es para todos os gostos e p\u00fablicos, nas \u00e1reas de m\u00fasica, teatro, circo, dan\u00e7a, exposi\u00e7\u00f5es, cultura popular e recrea\u00e7\u00e3o. Em sua 29\u00aa edi\u00e7\u00e3o, ser\u00e3o 17 dias de intensa programa\u00e7\u00e3o art\u00edstica, em 15 locais estrategicamente pensados para proporcionar o potente encontro da arte com seu p\u00fablico, com atra\u00e7\u00f5es para crian\u00e7as, adolescentes, jovens, adultos e idosos, de todas as tribos e para todos os gostos. (Jornal Mantiqueira \u2013 Po\u00e7os de Caldas)<\/span><\/p>\n<p><span><a href=\"https:\/\/www.jornalmantiqueira.com.br\/2025\/07\/02\/festival-de-inverno-2025-tera-mais-de-140-atracoes-em-17-dias-de-programacao\/\">https:\/\/www.jornalmantiqueira.com.br\/2025\/07\/02\/festival-de-inverno-2025-tera-mais-de-140-atracoes-em-17-dias-de-programacao\/<\/a><\/span><\/p>\n<p><span><\/span><\/p>\n\n<p><strong><span>Fabriciano tamb\u00e9m faz festival<\/span><\/strong><\/p>\n<p><span>A 2\u00aa edi\u00e7\u00e3o do Festival de Inverno da Serra dos Caocais em Cel. Fabriciano ser\u00e1 realizada nos dias 12 e 13 de julho (s\u00e1bado e domingo), a partir das 13h, no Campo de Futebol do Cocais de Baixo. A entrada \u00e9 gratuita. O evento promete muita m\u00fasica boa, clima agrad\u00e1vel, boa gastronomia e hospitalidade. Tudo isso \u00e9 encontrado na Serra dos Cocais, um dos principais roteiros tur\u00edsticos de Coronel Fabriciano e regi\u00e3o. (Jornal Classivale)<\/span><\/p>\n<p><span><a href=\"https:\/\/jornalclassivale.com.br\/noticia\/4498\/festival-de-inverno-agita-serra-dos-cocais-com-musica-gastronomia-e-natureza\">https:\/\/jornalclassivale.com.br\/noticia\/4498\/festival-de-inverno-agita-serra-dos-cocais-com-musica-gastronomia-e-natureza<\/a><\/span><\/p>\n<p><span><\/span><\/p>\n\n<p><strong><span>Montes Claros auxilia na irriga\u00e7\u00e3o<\/span><\/strong><\/p>\n<p><span>A Prefeitura de Montes Claros anunciou a aquisi\u00e7\u00e3o de materiais para implanta\u00e7\u00e3o de sistemas de irriga\u00e7\u00e3o que beneficiar\u00e3o diversas secretarias municipais. A iniciativa visa garantir o desenvolvimento de plantas no viveiro de mudas da Secretaria de Ambiente, fortalecer o cultivo de medicinais no Programa Farm\u00e1cia Viva da Secretaria de Sa\u00fade e manter os gramados dos campos de futebol sob responsabilidade da Secretaria de Esporte, promovendo produtividade, bem-estar e qualidade nas atividades ambientais, de sa\u00fade e esportivas. (Rede Gazeta \u2013 Montes Claros)<\/span><\/p>\n<p><span><a href=\"https:\/\/gazetanm.com.br\/prefeitura-de-montes-claros-adquire-material-para-irrigacao-que-beneficiara-diversas-secretarias\/\">https:\/\/gazetanm.com.br\/prefeitura-de-montes-claros-adquire-material-para-irrigacao-que-beneficiara-diversas-secretarias\/<\/a><\/span><\/p>\n<p><span><\/span><\/p>\n\n<p><strong><span>TRE anula votos em Ipatinga<\/span><\/strong><\/p>\n<p><span>O Tribunal Regional Eleitoral de Minas Gerais concluiu o julgamento da a\u00e7\u00e3o que apurava candidaturas laranjas no PRTB de Ipatinga, nas \u00faltimas elei\u00e7\u00f5es municipais. Por 4 votos a 3, prevaleceu o entendimento da relatora, e o DRAP (Demonstrativo de Regularidade de Atos Partid\u00e1rios) do partido foi cassado. Com a decis\u00e3o, todos os votos recebidos pela legenda ser\u00e3o anulados, o que pode alterar diretamente a composi\u00e7\u00e3o da C\u00e2mara Municipal de Ipatinga ocorrendo a redistribui\u00e7\u00e3o das cadeiras entre os demais partidos da disputa. A maioria dos magistrados entendeu que houve simula\u00e7\u00e3o de candidaturas, o que configura fraude \u00e0 cota de g\u00eanero. (Jornal dos Vales \u2013 Ipatinga)<\/span><\/p>\n<p><span><a href=\"https:\/\/www.jornaldosvales.com.br\/noticia\/55853\/tre-cassa-chapa-do-prtb-em--ipatinga-por-candidaturas-laranjas-e-provoca-troca-troca-de-vereadores\">https:\/\/www.jornaldosvales.com.br\/noticia\/55853\/tre-cassa-chapa-do-prtb-em&#8211;ipatinga-por-candidaturas-laranjas-e-provoca-troca-troca-de-vereadores<\/a><\/span><\/p>\n<p><span><\/span><\/p>\n\n<p><strong><span>Sabar\u00e1 tem maior mina de ouro do Brasil<\/span><\/strong><\/p>\n<p><span>A Mina Cuiab\u00e1, operada pela AngloGold Ashanti em Sabar\u00e1, \u00e9 a maior mina de ouro ativa do Brasil, com 1.600 metros de profundidade e 330 km de t\u00faneis. Com quase dois s\u00e9culos de hist\u00f3ria, a opera\u00e7\u00e3o alia alta tecnologia, sustentabilidade e seguran\u00e7a \u2014 incluindo uso de carregadeiras el\u00e9tricas e monitoramento em tempo real. Em 2024, produziu mais de 11 toneladas de ouro, conquistando o Global Safety Award e mantendo a certifica\u00e7\u00e3o internacional da LBMA. A empresa tamb\u00e9m investe em capacita\u00e7\u00e3o com realidade virtual, projetos sociais e t\u00e9cnicas de rejeito a seco, reafirmando seu compromisso com a minera\u00e7\u00e3o respons\u00e1vel e o desenvolvimento local. (Jornal S\u00e3o Geraldo \u2013 Belo Horizonte)<\/span><\/p>\n<p><span><a href=\"https:\/\/www.jornalsaogeraldo.com.br\/conheca-a-maior-mina-de-ouro-ativa-do-brasil-um-tesouro-escondido-em-sabara\">https:\/\/www.jornalsaogeraldo.com.br\/conheca-a-maior-mina-de-ouro-ativa-do-brasil-um-tesouro-escondido-em-sabara<\/a><\/span><\/p>\n<p><span><\/span><\/p>\n\n<p><strong><span>UPA de Campo Belo \u00e9 terceirizada<\/span><\/strong><\/p>\n<p><span>A UPA de Campo Belo passou a ser administrada pelo CIS-URG Oeste, em parceria com a Prefeitura e a Secretaria Municipal de Sa\u00fade, visando melhorar a efici\u00eancia, seguran\u00e7a e qualidade do atendimento prestado \u00e0 popula\u00e7\u00e3o. A mudan\u00e7a foi cuidadosamente planejada e busca replicar o modelo bem-sucedido j\u00e1 implementado na UPA de Divin\u00f3polis, sob gest\u00e3o do cons\u00f3rcio. Criado em 2014 para operar o SAMU na regi\u00e3o, o CIS-URG Oeste tem se destacado pela gest\u00e3o respons\u00e1vel e humanizada dos servi\u00e7os de urg\u00eancia e emerg\u00eancia. (Portal G37 \u2013 Divin\u00f3polis)<\/span><\/p>\n<p><span><a href=\"https:\/\/g37.com.br\/minas-gerais\/upa-de-campo-belo-passa-a-ser-administrada-pelo-cis-urg-oeste\/\">https:\/\/g37.com.br\/minas-gerais\/upa-de-campo-belo-passa-a-ser-administrada-pelo-cis-urg-oeste\/<\/a><\/span><\/p>\n<p><span><\/span><\/p>\n\n<p><strong><span>Itambacuri contra municipaliza\u00e7\u00e3o de escola<\/span><\/strong><\/p>\n<p><span>O prefeito de Itambacuri, Jovani Santos se manifestou contr\u00e1rio \u00e0 municipaliza\u00e7\u00e3o de escola estadual em Itambacuri. A municipaliza\u00e7\u00e3o refere-se \u00e0 transfer\u00eancia da gest\u00e3o de escolas p\u00fablicas do ensino fundamental (anos iniciais e\/ou finais) da rede estadual para a rede municipal, para administra\u00e7\u00e3o do munic\u00edpio e, em Itambacuri, o prefeito se recusou a aceitar, nesse momento. (Di\u00e1rio Tribuna \u2013 Te\u00f3filo Otoni)<\/span><\/p>\n<p><span><a href=\"https:\/\/diariotribuna.com.br\/?p=30382\">https:\/\/diariotribuna.com.br\/?p=30382<\/a><\/span><\/p>\n<p><span><\/span><\/p>\n\n<p>\u00a0<\/p>","protected":false},"excerpt":{"rendered":"<p>Foto: Divulga\u00e7\u00e3o PMPC COLUNA MG Principais destaques dos jornais e portais integrantes da rede Sindijori MG\u00a0 www.sindijorimg.com.br Festival com 140 atra\u00e7\u00f5es em Po\u00e7os De 11 a 27 de julho, acontece a 29\u00aa edi\u00e7\u00e3o do tradicional Festival de Inverno de Po\u00e7os de Caldas, que vai reunir mais de 140 atra\u00e7\u00f5es para todos os gostos e p\u00fablicos, [&hellip;]<\/p>\n","protected":false},"author":0,"featured_media":30387,"comment_status":"open","ping_status":"open","sticky":false,"template":"","format":"standard","meta":{"rop_custom_images_group":[],"rop_custom_messages_group":[],"rop_publish_now":"initial","rop_publish_now_accounts":[],"rop_publish_now_history":[],"rop_publish_now_status":"pending","footnotes":""},"categories":[6745],"tags":[],"class_list":["post-30386","post","type-post","status-publish","format-standard","has-post-thumbnail","hentry","category-coluna-sindijori"],"_links":{"self":[{"href":"https:\/\/diariotribuna.com.br\/index.php?rest_route=\/wp\/v2\/posts\/30386"}],"collection":[{"href":"https:\/\/diariotribuna.com.br\/index.php?rest_route=\/wp\/v2\/posts"}],"about":[{"href":"https:\/\/diariotribuna.com.br\/index.php?rest_route=\/wp\/v2\/types\/post"}],"replies":[{"embeddable":true,"href":"https:\/\/diariotribuna.com.br\/index.php?rest_route=%2Fwp%2Fv2%2Fcomments&post=30386"}],"version-history":[{"count":0,"href":"https:\/\/diariotribuna.com.br\/index.php?rest_route=\/wp\/v2\/posts\/30386\/revisions"}],"wp:featuredmedia":[{"embeddable":true,"href":"https:\/\/diariotribuna.com.br\/index.php?rest_route=\/wp\/v2\/media\/30387"}],"wp:attachment":[{"href":"https:\/\/diariotribuna.com.br\/index.php?rest_route=%2Fwp%2Fv2%2Fmedia&parent=30386"}],"wp:term":[{"taxonomy":"category","embeddable":true,"href":"https:\/\/diariotribuna.com.br\/index.php?rest_route=%2Fwp%2Fv2%2Fcategories&post=30386"},{"taxonomy":"post_tag","embeddable":true,"href":"https:\/\/diariotribuna.com.br\/index.php?rest_route=%2Fwp%2Fv2%2Ftags&post=30386"}],"curies":[{"name":"wp","href":"https:\/\/api.w.org\/{rel}","templated":true}]}}