{"id":30388,"date":"2025-07-02T13:13:59","date_gmt":"2025-07-02T16:13:59","guid":{"rendered":"https:\/\/diariotribuna.com.br\/?p=30388"},"modified":"2025-07-02T13:13:59","modified_gmt":"2025-07-02T16:13:59","slug":"no-japao-sigma-lithium-projeta-brasil-como-fornecedor-estrategico-de-litio","status":"publish","type":"post","link":"https:\/\/diariotribuna.com.br\/?p=30388","title":{"rendered":"No Jap\u00e3o, Sigma Lithium projeta Brasil como fornecedor estrat\u00e9gico de l\u00edtio\u00a0"},"content":{"rendered":"<p class=\"MsoNormal\"><span>AG\u00caNCIA MINEIRA BRASIL | Divulga\u00e7\u00e3o<\/span><span><\/span><\/p>\n<p><span><\/span><\/p>\n<p><em>Rastreabilidade e impacto socioambiental positivo s\u00e3o diferenciais competitivos do l\u00edtio brasileiro, que tem atra\u00eddo a aten\u00e7\u00e3o de investidores asi\u00e1ticos<\/em><\/p>\n<p>Em miss\u00e3o oficial \u00e0 \u00c1sia, o Governo de Minas Gerais promoveu nesta quarta-feira (25\/6) o semin\u00e1rio <em>Brazil Japan Business<\/em>, com o objetivo de estreitar parcerias entre empresas que atuam no estado e investidores japoneses.<\/p>\n<p>Entre os destaques do evento, a Sigma Lithium refor\u00e7ou seu compromisso de liderar a ind\u00fastria do l\u00edtio verde no mundo. Atuando h\u00e1 apenas dois anos no Vale do Jequitinhonha (MG), a companhia j\u00e1 figura entre os cinco maiores complexos industriais do planeta no segmento, com opera\u00e7\u00e3o de baixo carbono, di\u00e1logo social ativo e alto valor agregado \u2014 um exemplo que vem inspirando a chegada de diversas empresas ao territ\u00f3rio mineiro.<\/p>\n<p>A empresa participou do painel \u201cTransforma\u00e7\u00e3o industrial na minera\u00e7\u00e3o e siderurgia: sustentabilidade, inova\u00e7\u00e3o e tecnologia\u201d, ao lado de l\u00edderes da Usiminas, Gerdau, Vale e da Fiemg, com media\u00e7\u00e3o do presidente da Invest Minas, Jo\u00e3o Paulo Braga.<\/p>\n<p>Durante o debate, Ana Cabral, CEO e cofundadora da Sigma, apresentou os avan\u00e7os do Projeto Grota do Cirilo \u2014 maior empreendimento de l\u00edtio sustent\u00e1vel da Am\u00e9rica Latina. Ela destacou a efici\u00eancia da planta Greentech, 100% alimentada por energia limpa e com reaproveitamento total da \u00e1gua no processo produtivo. O modelo chama a aten\u00e7\u00e3o internacional por aliar competitividade, rastreabilidade e impacto socioambiental positivo.<\/p>\n<p>Ana ressaltou que o l\u00edtio brasileiro n\u00e3o \u00e9 apenas um insumo estrat\u00e9gico para baterias, mas um diferencial competitivo, produzido sob os mais altos padr\u00f5es ESG do mundo. Tamb\u00e9m refor\u00e7ou a import\u00e2ncia do Jap\u00e3o como parceiro priorit\u00e1rio, diante da crescente demanda por ve\u00edculos el\u00e9tricos e da busca por fornecedores alinhados \u00e0s metas clim\u00e1ticas globais.<\/p>\n\n<p class=\"MsoNormal\"><span><span><em>Ana Cabral apresentou os avan\u00e7os do <strong><span>Projeto Grota do Cirilo<\/span><\/strong>, maior empreendimento de l\u00edtio sustent\u00e1vel da Am\u00e9rica Latina.\u00a0<\/em><\/span><\/span><\/p>\n<p><\/p>\n<p><strong>Minas Gerais como polo de minerais do futuro<\/strong><\/p>\n<p>O semin\u00e1rio, promovido pela Fiemg em parceria com o governo mineiro, contou com a presen\u00e7a do governador Romeu Zema, das secret\u00e1rias estaduais Mila Corr\u00eaa da Costa (Desenvolvimento Econ\u00f4mico) e Mar\u00edlia Melo (Meio Ambiente), al\u00e9m de empres\u00e1rios, deputados e representantes da Codemge. O encontro refor\u00e7ou os esfor\u00e7os do estado para criar um ambiente mais atrativo a investimentos estrat\u00e9gicos, especialmente voltados \u00e0 transi\u00e7\u00e3o energ\u00e9tica.<\/p>\n<p>\u201cEstamos reduzindo burocracias e criando um ambiente de neg\u00f3cios seguro e transparente\u201d, destacou Zema, que liderou a comitiva mineira.<\/p>\n<h4><span><strong><em>Romeu Zema disse que o estado est\u00e1 criando ambiente de neg\u00f3cios seguro e transparente.<\/em><\/strong><\/span><\/h4>\n<p>Minas Gerais desponta como protagonista na nova geopol\u00edtica dos minerais cr\u00edticos. O Vale do Jequitinhonha, com 17 munic\u00edpios, abriga a maior reserva de l\u00edtio do pa\u00eds e tem recebido incentivos p\u00fablicos para verticalizar a produ\u00e7\u00e3o, qualificar m\u00e3o de obra local e reter valor agregado no estado.<\/p>\n<p><strong>Integra\u00e7\u00e3o comercial com o Jap\u00e3o<\/strong><\/p>\n<p>O Jap\u00e3o \u00e9 atualmente o sexto principal destino das exporta\u00e7\u00f5es mineiras. Em 2024, Minas Gerais foi o estado brasileiro que mais vendeu ao pa\u00eds asi\u00e1tico, com US$ 1,1 bilh\u00e3o em exporta\u00e7\u00f5es \u2014 cerca de 20% do total nacional. O fluxo comercial bilateral somou US$ 1,5 bilh\u00e3o, gerando super\u00e1vit de US$ 740 milh\u00f5es para o estado.<\/p>\n<p><em><span>Flavio Roscoe quer consolidar as rela\u00e7\u00f5es com o mercado asi\u00e1tico.<\/span><\/em><\/p>\n<p>O presidente da Fiemg, Fl\u00e1vio Roscoe, destacou que o evento marca um novo cap\u00edtulo na internacionaliza\u00e7\u00e3o da ind\u00fastria mineira. \u201cQueremos mostrar a for\u00e7a da nossa ind\u00fastria e o potencial do estado como destino confi\u00e1vel para investimentos, promovendo conex\u00f5es que gerem neg\u00f3cios, inova\u00e7\u00e3o e desenvolvimento para ambos os lados\u201d, afirmou.<\/p>\n<p>Al\u00e9m da minera\u00e7\u00e3o, o semin\u00e1rio abordou o papel do estado como polo de inova\u00e7\u00e3o, com destaque para setores como ind\u00fastria 4.0 e intelig\u00eancia artificial. A Cemig foi citada como exemplo de compromisso com a transi\u00e7\u00e3o energ\u00e9tica: opera com 100% de energia limpa e tem metas de neutralidade de carbono at\u00e9 2040.<\/p>\n<p>A presen\u00e7a da Sigma Lithium nesse ecossistema refor\u00e7a o potencial mineiro como fornecedor de solu\u00e7\u00f5es sustent\u00e1veis para uma economia de baixo carbono \u2014 e evidencia o papel crescente do Brasil na nova geopol\u00edtica industrial baseada em minerais estrat\u00e9gicos.<\/p>\n\n<p><em>Com informa\u00e7\u00f5es da Ag\u00eancia Minera Brasil \/ Estad\u00e3o Conte\u00fado<\/em><\/p>\n<p>\u00a0<\/p>","protected":false},"excerpt":{"rendered":"<p>AG\u00caNCIA MINEIRA BRASIL | Divulga\u00e7\u00e3o Rastreabilidade e impacto socioambiental positivo s\u00e3o diferenciais competitivos do l\u00edtio brasileiro, que tem atra\u00eddo a aten\u00e7\u00e3o de investidores asi\u00e1ticos Em miss\u00e3o oficial \u00e0 \u00c1sia, o Governo de Minas Gerais promoveu nesta quarta-feira (25\/6) o semin\u00e1rio Brazil Japan Business, com o objetivo de estreitar parcerias entre empresas que atuam no estado [&hellip;]<\/p>\n","protected":false},"author":0,"featured_media":30389,"comment_status":"open","ping_status":"open","sticky":false,"template":"","format":"standard","meta":{"rop_custom_images_group":[],"rop_custom_messages_group":[],"rop_publish_now":"initial","rop_publish_now_accounts":[],"rop_publish_now_history":[],"rop_publish_now_status":"pending","footnotes":""},"categories":[6745],"tags":[],"class_list":["post-30388","post","type-post","status-publish","format-standard","has-post-thumbnail","hentry","category-coluna-sindijori"],"_links":{"self":[{"href":"https:\/\/diariotribuna.com.br\/index.php?rest_route=\/wp\/v2\/posts\/30388"}],"collection":[{"href":"https:\/\/diariotribuna.com.br\/index.php?rest_route=\/wp\/v2\/posts"}],"about":[{"href":"https:\/\/diariotribuna.com.br\/index.php?rest_route=\/wp\/v2\/types\/post"}],"replies":[{"embeddable":true,"href":"https:\/\/diariotribuna.com.br\/index.php?rest_route=%2Fwp%2Fv2%2Fcomments&post=30388"}],"version-history":[{"count":0,"href":"https:\/\/diariotribuna.com.br\/index.php?rest_route=\/wp\/v2\/posts\/30388\/revisions"}],"wp:featuredmedia":[{"embeddable":true,"href":"https:\/\/diariotribuna.com.br\/index.php?rest_route=\/wp\/v2\/media\/30389"}],"wp:attachment":[{"href":"https:\/\/diariotribuna.com.br\/index.php?rest_route=%2Fwp%2Fv2%2Fmedia&parent=30388"}],"wp:term":[{"taxonomy":"category","embeddable":true,"href":"https:\/\/diariotribuna.com.br\/index.php?rest_route=%2Fwp%2Fv2%2Fcategories&post=30388"},{"taxonomy":"post_tag","embeddable":true,"href":"https:\/\/diariotribuna.com.br\/index.php?rest_route=%2Fwp%2Fv2%2Ftags&post=30388"}],"curies":[{"name":"wp","href":"https:\/\/api.w.org\/{rel}","templated":true}]}}