{"id":30394,"date":"2025-07-03T11:04:53","date_gmt":"2025-07-03T14:04:53","guid":{"rendered":"https:\/\/diariotribuna.com.br\/?p=30394"},"modified":"2025-07-03T11:04:53","modified_gmt":"2025-07-03T14:04:53","slug":"expoqueijo-2025","status":"publish","type":"post","link":"https:\/\/diariotribuna.com.br\/?p=30394","title":{"rendered":"ExpoQueijo 2025\u00a0"},"content":{"rendered":"<p class=\"MsoNormal\"><span>FAEMG SENAR | Divulga\u00e7\u00e3o<\/span><\/p>\n<p><span><\/span><span><\/span><span><\/span><span><\/span><span><\/span><span><\/span><\/p>\n<p><strong>Queijo de Alagoa conquista o pr\u00eamio Super Ouro<\/strong><\/p>\n<p>Pela primeira vez desde sua estreia, em 2019, a <strong>ExpoQueijo Brasil \u2013 Arax\u00e1 International Cheese Awards<\/strong> entregou seu maior pr\u00eamio a um queijo artesanal brasileiro. O grande vencedor do <strong>trof\u00e9u Super Ouro 2025<\/strong> foi o <strong>Queijo Pedra do Segredo<\/strong>, produzido pela <strong>Queijaria Pedra do Segredo<\/strong>, em <strong>Alagoa<\/strong>, no Sul de Minas Gerais.<\/p>\n<p>O produto concorreu na categoria <em>queijo de leite cru, casca lisa e\/ou lavada, com ou sem aquecimento, acima de 180 dias de matura\u00e7\u00e3o<\/em>, e obteve a <strong>maior pontua\u00e7\u00e3o entre as mil amostras inscritas por 16 pa\u00edses<\/strong>.<\/p>\n<p>Para o produtor <strong>Jayme Porf\u00edrio<\/strong>, a conquista foi uma surpresa. Ele conta que enviou dois queijos para o concurso: um com cerca de 200 dias de matura\u00e7\u00e3o e outro <em>capa preta<\/em>, mais macio.<br \/>\u201c<strong>Pessoalmente, eu n\u00e3o gosto de queijo t\u00e3o maturado, ent\u00e3o achei que o capa preta tinha mais chances, porque eu acho mais gostoso<\/strong>\u201d, brinca Jayme.<br \/>Mas foi justamente o maturado que levou o pr\u00eamio principal, garantindo \u00e0 queijaria o direito de <strong>participar de um concurso internacional no Chile<\/strong>.<\/p>\n<h3>Tradi\u00e7\u00e3o que atravessa gera\u00e7\u00f5es<\/h3>\n<p>Embora esteja \u00e0 frente da queijaria h\u00e1 cinco anos, a <strong>rela\u00e7\u00e3o da fam\u00edlia Porf\u00edrio com o queijo vem de longa data<\/strong>. \u201c<strong>O meu bisav\u00f4 j\u00e1 produzia queijo<\/strong>\u201d, afirma Jayme.<\/p>\n<p>Mesmo com o saber passado de gera\u00e7\u00e3o em gera\u00e7\u00e3o, em 2022 ele se inscreveu no <strong>Programa de Assist\u00eancia T\u00e9cnica e Gerencial (ATeG)<\/strong> do <strong>Sistema Faemg Senar<\/strong>, com apoio do <strong>Sindicato Rural de Baependi<\/strong>. Com orienta\u00e7\u00e3o da t\u00e9cnica de campo <strong>Suelei Reis<\/strong>, Jayme <strong>profissionalizou a produ\u00e7\u00e3o<\/strong> e organizou a gest\u00e3o.<br \/>\u201c<strong>O principal \u00e9 a disciplina. A gente que \u00e9 produtor familiar faz tudo no s\u00edtio, est\u00e1 sempre correndo. O ATeG me ensinou a ter mais organiza\u00e7\u00e3o. Mudou tudo<\/strong>\u201d, destaca.<\/p>\n<h3>Reconhecimento coletivo<\/h3>\n<p>Outros dois produtores atendidos pelo ATeG em Alagoa tamb\u00e9m foram premiados na <strong>ExpoQueijo 2025<\/strong>. E a cidade segue se destacando: no <strong>Festival do Queijo Artesanal<\/strong>, realizado entre 12 e 14 de junho, em Belo Horizonte, <strong>quatro dos 18 queijos com nota m\u00e1xima na 3\u00aa Avalia\u00e7\u00e3o T\u00e9cnica dos Queijos ATeG Agroind\u00fastria<\/strong> eram de Alagoa e produzidos por propriedades atendidas pelo programa.<\/p>\n<p>\u201c<strong>Isso mostra que a jun\u00e7\u00e3o de uma localidade pr\u00f3pria, t\u00e9cnica correta, mat\u00e9ria-prima de qualidade e boa gest\u00e3o fazem toda a diferen\u00e7a no resultado<\/strong>\u201d, avalia <strong>Emerson Sim\u00e3o<\/strong>, gerente regional da Faemg Senar na Zona da Mata e Vertentes.<\/p>\n<p>A t\u00e9cnica <strong>Suelei Reis<\/strong> tamb\u00e9m celebrou:<br \/>\u201c<strong>Eles sempre foram meus produtores mais dedicados, ansiosos por aprender. Fico at\u00e9 emocionada com o Super Ouro. \u00c9 fruto do esfor\u00e7o da fam\u00edlia<\/strong>\u201d.<\/p>\n<p>Ela explica que o atendimento do ATeG \u00e9 completo: boas pr\u00e1ticas, qualidade do leite e da \u00e1gua, tratamento ambiental, desenvolvimento de marca, e at\u00e9 <strong>conquista do selo de inspe\u00e7\u00e3o sanit\u00e1ria<\/strong> foram acompanhados de perto.<\/p>\n<h3>Valoriza\u00e7\u00e3o do queijo artesanal<\/h3>\n<p>A <strong>ExpoQueijo Brasil \u2013 Arax\u00e1 International Cheese Awards<\/strong> j\u00e1 \u00e9 considerado o <strong>maior evento do setor nas Am\u00e9ricas<\/strong>, com a participa\u00e7\u00e3o dos principais pa\u00edses produtores. A edi\u00e7\u00e3o 2025 ocorreu entre <strong>26 e 29 de junho<\/strong>, no <strong>Grande Hotel e Termas de Arax\u00e1<\/strong>.<\/p>\n\n<p>Este ano, o concurso contou com <strong>43 categorias<\/strong> e premiou produtores de <strong>quatro pa\u00edses<\/strong>. O <strong>Brasil liderou o ranking com 40 medalhas de ouro<\/strong>, seguido por <strong>It\u00e1lia<\/strong>, <strong>Argentina<\/strong> e <strong>Peru<\/strong>.<br \/>Minas Gerais foi o estado mais premiado. Os <strong>mil queijos artesanais<\/strong> inscritos foram avaliados por <strong>cerca de 200 especialistas de sete nacionalidades<\/strong>.<\/p>\n<p>\u00a0<\/p>","protected":false},"excerpt":{"rendered":"<p>FAEMG SENAR | Divulga\u00e7\u00e3o Queijo de Alagoa conquista o pr\u00eamio Super Ouro Pela primeira vez desde sua estreia, em 2019, a ExpoQueijo Brasil \u2013 Arax\u00e1 International Cheese Awards entregou seu maior pr\u00eamio a um queijo artesanal brasileiro. O grande vencedor do trof\u00e9u Super Ouro 2025 foi o Queijo Pedra do Segredo, produzido pela Queijaria Pedra [&hellip;]<\/p>\n","protected":false},"author":0,"featured_media":30395,"comment_status":"open","ping_status":"open","sticky":false,"template":"","format":"standard","meta":{"rop_custom_images_group":[],"rop_custom_messages_group":[],"rop_publish_now":"initial","rop_publish_now_accounts":[],"rop_publish_now_history":[],"rop_publish_now_status":"pending","footnotes":""},"categories":[6745],"tags":[],"class_list":["post-30394","post","type-post","status-publish","format-standard","has-post-thumbnail","hentry","category-coluna-sindijori"],"_links":{"self":[{"href":"https:\/\/diariotribuna.com.br\/index.php?rest_route=\/wp\/v2\/posts\/30394"}],"collection":[{"href":"https:\/\/diariotribuna.com.br\/index.php?rest_route=\/wp\/v2\/posts"}],"about":[{"href":"https:\/\/diariotribuna.com.br\/index.php?rest_route=\/wp\/v2\/types\/post"}],"replies":[{"embeddable":true,"href":"https:\/\/diariotribuna.com.br\/index.php?rest_route=%2Fwp%2Fv2%2Fcomments&post=30394"}],"version-history":[{"count":0,"href":"https:\/\/diariotribuna.com.br\/index.php?rest_route=\/wp\/v2\/posts\/30394\/revisions"}],"wp:featuredmedia":[{"embeddable":true,"href":"https:\/\/diariotribuna.com.br\/index.php?rest_route=\/wp\/v2\/media\/30395"}],"wp:attachment":[{"href":"https:\/\/diariotribuna.com.br\/index.php?rest_route=%2Fwp%2Fv2%2Fmedia&parent=30394"}],"wp:term":[{"taxonomy":"category","embeddable":true,"href":"https:\/\/diariotribuna.com.br\/index.php?rest_route=%2Fwp%2Fv2%2Fcategories&post=30394"},{"taxonomy":"post_tag","embeddable":true,"href":"https:\/\/diariotribuna.com.br\/index.php?rest_route=%2Fwp%2Fv2%2Ftags&post=30394"}],"curies":[{"name":"wp","href":"https:\/\/api.w.org\/{rel}","templated":true}]}}