{"id":30396,"date":"2025-07-03T12:08:29","date_gmt":"2025-07-03T15:08:29","guid":{"rendered":"https:\/\/diariotribuna.com.br\/?p=30396"},"modified":"2025-07-03T12:08:29","modified_gmt":"2025-07-03T15:08:29","slug":"uberlandia-testa-onibus-eletricos","status":"publish","type":"post","link":"https:\/\/diariotribuna.com.br\/?p=30396","title":{"rendered":"Uberl\u00e2ndia testa \u00f4nibus el\u00e9tricos\u00a0"},"content":{"rendered":"<p><span>Foto: Valter de Paula\/Secom\/PMU<\/span><\/p>\n\n\n<p><strong><span>COLUNA MG<\/span><\/strong><\/p>\n<p><span>Principais destaques dos jornais e portais integrantes da rede Sindijori MG\u00a0<\/span><\/p>\n<p><span><a href=\"http:\/\/www.sindijorimg.com.br\/\">www.sindijorimg.com.br<\/a><\/span><\/p>\n<p><span><\/span><\/p>\n\n<p><strong><span>Uberl\u00e2ndia testa \u00f4nibus el\u00e9tricos<\/span><\/strong><\/p>\n<p><span>A Prefeitura de Uberl\u00e2ndia iniciou, na segunda-feira, 30, um per\u00edodo de testes com tr\u00eas \u00f4nibus el\u00e9tricos no sistema de transporte p\u00fablico da cidade. O objetivo \u00e9 avaliar o desempenho, a efici\u00eancia energ\u00e9tica e o conforto oferecidos pelo ve\u00edculo, al\u00e9m de estudar a viabilidade de uma eventual e futura ado\u00e7\u00e3o dessa tecnologia na frota do Sistema Integrado de Transporte (SIT) na zona urbana da cidade. Um dos ve\u00edculos circular\u00e1 sem passageiros por tr\u00eas dias, em uma linha especial. Em seguida, os testes, j\u00e1 com os tr\u00eas ve\u00edculos, ter\u00e3o continua\u00e7\u00e3o, por mais 30 dias, com a participa\u00e7\u00e3o dos passageiros. (Di\u00e1rio de Uberl\u00e2ndia)<\/span><\/p>\n<p><span><a href=\"https:\/\/diariodeuberlandia.com.br\/noticia\/38318\/prefeitura-inicia-testes-onibus-eletricos-tr\">https:\/\/diariodeuberlandia.com.br\/noticia\/38318\/prefeitura-inicia-testes-onibus-eletricos-tr<\/a><\/span><\/p>\n<p><span><\/span><\/p>\n\n<p><strong><span>Woodstock Mineiro lembra Raul Seixas<\/span><\/strong><\/p>\n<p><span>O esp\u00edrito irreverente de Raul Seixas vai ecoar pelos vales de Minas Gerais no pr\u00f3ximo dia 13 de julho, quando o Festival Internacional de Corais (FIC) realiza uma vibrante homenagem ao eterno Maluco Beleza. Em sua 23\u00aa edi\u00e7\u00e3o, o festival apresenta o espet\u00e1culo in\u00e9dito \u201cWoodstock Mineiro \u2013 FIC Toca Raul na Gruta do Ba\u00fa\u201d, das 14h \u00e0s 19h, na Fazenda Gruta do Ba\u00fa, em Pedro Leopoldo (MG). Os ingressos est\u00e3o \u00e0 venda pela plataforma Sympla. (Jornal MG Turismo \u2013 Belo Horizonte)<\/span><\/p>\n<p><span><a href=\"https:\/\/mgturismo.com.br\/woodstock-mineiro-fic-homenageia-raul-seixas-na-gruta-do-bau\/\">https:\/\/mgturismo.com.br\/woodstock-mineiro-fic-homenageia-raul-seixas-na-gruta-do-bau\/<\/a><\/span><\/p>\n<p><span><\/span><\/p>\n\n<p><strong><span>Montes Claros ter\u00e1 60 \u00f4nibus<\/span><\/strong><\/p>\n<p><span>A Prefeitura de Montes Claros enviou \u00e0 C\u00e2mara Municipal um Projeto de Lei que autoriza a aquisi\u00e7\u00e3o de 60 novos \u00f4nibus para o transporte coletivo urbano, com prioridade para ve\u00edculos el\u00e9tricos ou h\u00edbridos, substituindo o investimento previsto anteriormente para o cons\u00f3rcio do setor. Os ve\u00edculos ser\u00e3o repassados em comodato \u00e0 concession\u00e1ria, que ficar\u00e1 respons\u00e1vel pela manuten\u00e7\u00e3o. O projeto tamb\u00e9m prev\u00ea um investimento de R$ 1,5 milh\u00e3o na compra de bilhetes para o Programa Passe Livre Estudantil. (Gazeta Norte Mineira \u2013 Montes Claros)<\/span><\/p>\n<p><span><a href=\"https:\/\/gazetanm.com.br\/mobilidade-urbana-projeto-da-prefeitura-preve-aquisicao-de-60-onibus-para-reforcar-o-transporte-coletivo\/\">https:\/\/gazetanm.com.br\/mobilidade-urbana-projeto-da-prefeitura-preve-aquisicao-de-60-onibus-para-reforcar-o-transporte-coletivo\/<\/a><\/span><\/p>\n<p><span><\/span><\/p>\n\n<p><strong><span>Divin\u00f3polis faz Festa do Reinado<\/span><\/strong><\/p>\n<p><span>A 1\u00aa Festa do Reinado de 2025 em Divin\u00f3polis ser\u00e1 realizada de 4 a 6 de julho no bairro Campina Verde, abrindo o calend\u00e1rio anual de celebra\u00e7\u00f5es culturais e religiosas da cidade. Promovida pela Irmandade de Nossa Senhora do Ros\u00e1rio com apoio da Prefeitura e da Congadiv, a festa re\u00fane guardas tradicionais de Mo\u00e7ambique, Congo e Catup\u00e9, celebrando a heran\u00e7a e resist\u00eancia afro-brasileira por meio de rituais, prociss\u00f5es e apresenta\u00e7\u00f5es culturais. (Portal Gerais \u2013 Divin\u00f3polis)<\/span><\/p>\n<p><span><a href=\"https:\/\/portalgerais.com\/1a-festa-do-reinado-de-2025-comeca-nesta-semana-em-divinopolis\/\">https:\/\/portalgerais.com\/1a-festa-do-reinado-de-2025-comeca-nesta-semana-em-divinopolis\/<\/a><\/span><\/p>\n<p><span><\/span><\/p>\n\n<p><strong><span>Projeto Horta Urbana em Formiga<\/span><\/strong><\/p>\n<p><span>O Projeto Horta Urbana, desenvolvido pela Prefeitura de Formiga-MG por meio do Banco Municipal de Alimentos, vem transformando espa\u00e7os p\u00fablicos e escolares ao implantar hortas em institui\u00e7\u00f5es sociais, escolas e \u00e1reas comunit\u00e1rias, promovendo sustentabilidade, educa\u00e7\u00e3o ambiental e cidadania. No primeiro semestre de 2025, 16 hortas foram instaladas com apoio de parceiros como Emater-MG, Unifor-MG e empresas locais. A iniciativa n\u00e3o s\u00f3 produz alimentos, mas fortalece a participa\u00e7\u00e3o comunit\u00e1ria, seguran\u00e7a alimentar e v\u00ednculos sociais, tornando-se uma refer\u00eancia regional em desenvolvimento sustent\u00e1vel e educa\u00e7\u00e3o ambiental. (\u00daltimas Not\u00edcias \u2013 Formiga)<\/span><\/p>\n<p><span><a href=\"https:\/\/ultimasnoticias.inf.br\/noticia\/projeto-horta-urbana-transforma-espacos-publicos-e-escolares-em-formiga-mg\/\">https:\/\/ultimasnoticias.inf.br\/noticia\/projeto-horta-urbana-transforma-espacos-publicos-e-escolares-em-formiga-mg\/<\/a><\/span><\/p>\n<p><span><\/span><\/p>\n\n<p><strong><span>Mariana reinaugura teatro<\/span><\/strong><\/p>\n<p><span>Na noite de ter\u00e7a-feira (1\u00ba), foi realizada a abertura oficial do Festival de Inverno de Mariana, intitulado \u201cEntreLa\u00e7os\u201d, em conjunto com a reinaugura\u00e7\u00e3o do Cine Teatro Municipal (antigo SESI). O prefeito Juliano Duarte (PSB) n\u00e3o compareceu ao evento devido \u00e0 agenda em Londres, onde acompanha a audi\u00eancia preparat\u00f3ria da segunda fase do julgamento do Caso Mariana. Em sua aus\u00eancia, a vice-prefeita S\u00f4nia Azzi e o secretariado representaram o Executivo municipal. (O Liberal \u2013 Ouro Preto)<\/span><\/p>\n<p><span><a href=\"https:\/\/oliberalinconfidentes.com.br\/mariana\/festival-de-inverno-de-mariana-comeca-com-a-reinauguracao-do-cine-teatro-municipal\/\">https:\/\/oliberalinconfidentes.com.br\/mariana\/festival-de-inverno-de-mariana-comeca-com-a-reinauguracao-do-cine-teatro-municipal\/<\/a><\/span><\/p>\n<p><span><\/span><\/p>\n\n<p><strong><span>Venda de combust\u00edveis cresce em MG<\/span><\/strong><\/p>\n<p><span>As vendas de combust\u00edveis pelas distribuidoras de Minas Gerais cresceram 3% no acumulado do ano (janeiro a maio), se comparadas com as vendas do mesmo per\u00edodo do ano passado. A alta de 9,5% da gasolina, a maior dentre os combust\u00edveis, puxou o crescimento no Estado. Os dados s\u00e3o da Ag\u00eancia Nacional do Petr\u00f3leo, G\u00e1s Natural e Biocombust\u00edveis (ANP). No total foram 7,1 milh\u00f5es de metros c\u00fabicos (m\u00b3) de combust\u00edveis comercializados no Estado este ano. (Di\u00e1rio do Com\u00e9rcio \u2013 Belo Horizonte)<\/span><\/p>\n<p><span><a href=\"https:\/\/diariodocomercio.com.br\/economia\/vendas-de-etanol-caem-e-gasolina-sobe-em-minas-gerais\">https:\/\/diariodocomercio.com.br\/economia\/vendas-de-etanol-caem-e-gasolina-sobe-em-minas-gerais<\/a><\/span><\/p>\n<p><span><\/span><\/p>\n\n<p>\u00a0<\/p>","protected":false},"excerpt":{"rendered":"<p>Foto: Valter de Paula\/Secom\/PMU COLUNA MG Principais destaques dos jornais e portais integrantes da rede Sindijori MG\u00a0 www.sindijorimg.com.br Uberl\u00e2ndia testa \u00f4nibus el\u00e9tricos A Prefeitura de Uberl\u00e2ndia iniciou, na segunda-feira, 30, um per\u00edodo de testes com tr\u00eas \u00f4nibus el\u00e9tricos no sistema de transporte p\u00fablico da cidade. O objetivo \u00e9 avaliar o desempenho, a efici\u00eancia energ\u00e9tica e [&hellip;]<\/p>\n","protected":false},"author":0,"featured_media":30397,"comment_status":"open","ping_status":"open","sticky":false,"template":"","format":"standard","meta":{"rop_custom_images_group":[],"rop_custom_messages_group":[],"rop_publish_now":"initial","rop_publish_now_accounts":[],"rop_publish_now_history":[],"rop_publish_now_status":"pending","footnotes":""},"categories":[6745],"tags":[],"class_list":["post-30396","post","type-post","status-publish","format-standard","has-post-thumbnail","hentry","category-coluna-sindijori"],"_links":{"self":[{"href":"https:\/\/diariotribuna.com.br\/index.php?rest_route=\/wp\/v2\/posts\/30396"}],"collection":[{"href":"https:\/\/diariotribuna.com.br\/index.php?rest_route=\/wp\/v2\/posts"}],"about":[{"href":"https:\/\/diariotribuna.com.br\/index.php?rest_route=\/wp\/v2\/types\/post"}],"replies":[{"embeddable":true,"href":"https:\/\/diariotribuna.com.br\/index.php?rest_route=%2Fwp%2Fv2%2Fcomments&post=30396"}],"version-history":[{"count":0,"href":"https:\/\/diariotribuna.com.br\/index.php?rest_route=\/wp\/v2\/posts\/30396\/revisions"}],"wp:featuredmedia":[{"embeddable":true,"href":"https:\/\/diariotribuna.com.br\/index.php?rest_route=\/wp\/v2\/media\/30397"}],"wp:attachment":[{"href":"https:\/\/diariotribuna.com.br\/index.php?rest_route=%2Fwp%2Fv2%2Fmedia&parent=30396"}],"wp:term":[{"taxonomy":"category","embeddable":true,"href":"https:\/\/diariotribuna.com.br\/index.php?rest_route=%2Fwp%2Fv2%2Fcategories&post=30396"},{"taxonomy":"post_tag","embeddable":true,"href":"https:\/\/diariotribuna.com.br\/index.php?rest_route=%2Fwp%2Fv2%2Ftags&post=30396"}],"curies":[{"name":"wp","href":"https:\/\/api.w.org\/{rel}","templated":true}]}}