{"id":30403,"date":"2025-07-04T10:42:09","date_gmt":"2025-07-04T13:42:09","guid":{"rendered":"https:\/\/diariotribuna.com.br\/?p=30403"},"modified":"2025-07-04T10:42:09","modified_gmt":"2025-07-04T13:42:09","slug":"amm-reforca-parceria-com-associacoes-microrregionais-e-lanca-agenda-de-acoes-estrategicas","status":"publish","type":"post","link":"https:\/\/diariotribuna.com.br\/?p=30403","title":{"rendered":"AMM refor\u00e7a parceria com associa\u00e7\u00f5es microrregionais e lan\u00e7a agenda de a\u00e7\u00f5es estrat\u00e9gicas\u00a0"},"content":{"rendered":"<h2><\/h2>\n<p class=\"MsoNormal\"><span>AMM | Divulga\u00e7\u00e3o<\/span><span><\/span><\/p>\n<p><span><\/span><\/p>\n<p>A <strong><a href=\"https:\/\/portalamm.com\/\">Associa\u00e7\u00e3o Mineira de Munic\u00edpios (AMM)<\/a><\/strong> reuniu secret\u00e1rios executivos e representantes das associa\u00e7\u00f5es microrregionais em sua sede, em Belo Horizonte, em um encontro marcado pelo fortalecimento institucional e pelo alinhamento de propostas para os pr\u00f3ximos anos. O presidente da AMM e prefeito de Patos de Minas, <strong>Lu\u00eds Eduardo Falc\u00e3o<\/strong>, reafirmou o compromisso da entidade em <strong>valorizar e intensificar a atua\u00e7\u00e3o das microrregionais<\/strong>, fundamentais para o desenvolvimento local e regional.<\/p>\n\n<p>Durante a reuni\u00e3o, foi consolidada a efetiva\u00e7\u00e3o do conv\u00eanio <strong>\u201cAMM + Micros\u201d<\/strong>, que prev\u00ea o repasse de recursos financeiros para apoiar a\u00e7\u00f5es estrat\u00e9gicas das microrregionais. \u201cEm um cen\u00e1rio de fortalecimento dos cons\u00f3rcios, a AMM refor\u00e7a seu papel de suporte, contribuindo para o fortalecimento das estruturas e da representatividade regional\u201d, destacou Falc\u00e3o.<\/p>\n<p>Tamb\u00e9m participaram os diretores regionais da AMM e presidentes de microrregionais: <strong>Cristiano Geraldo da Silva<\/strong>, prefeito de Capit\u00f3lio e presidente da ALAGO, e <strong>Jo\u00e3o Marcelo Diegues Pereira<\/strong>, prefeito de Nova Lima e presidente da Granbel.<\/p>\n<h3>Compromissos da nova gest\u00e3o (2025\u20132028)<\/h3>\n<p>O presidente da AMM apresentou os compromissos da nova diretoria para o mandato 2025\u20132028, fundamentados em <strong>representatividade, participa\u00e7\u00e3o, valoriza\u00e7\u00e3o, transpar\u00eancia e uni\u00e3o<\/strong>. Entre os destaques, est\u00e3o:<\/p>\n<p><strong>Mudan\u00e7as no estatuto<\/strong>, permitindo apenas prefeitos(as) no exerc\u00edcio do mandato nos cargos diretivos;<\/p>\n<p><strong>Redu\u00e7\u00e3o do mandato<\/strong> da diretoria de tr\u00eas para dois anos, promovendo altern\u00e2ncia e renova\u00e7\u00e3o;<\/p>\n<p><strong>Cria\u00e7\u00e3o de uma diretoria espec\u00edfica para munic\u00edpios com FPM 0,6<\/strong>, liderada por um gestor que vivencia os desafios dessas localidades;<\/p>\n<p><strong>Apoio t\u00e9cnico integral<\/strong>, principalmente aos pequenos munic\u00edpios.<\/p>\n<h3>Pautas priorit\u00e1rias e projetos estruturantes<\/h3>\n<p>Entre os temas debatidos, destacam-se:<\/p>\n<p>A <strong>Reforma Tribut\u00e1ria<\/strong>, com cria\u00e7\u00e3o de comit\u00ea t\u00e9cnico-pol\u00edtico para an\u00e1lise de seus impactos;<\/p>\n<p>Apoio \u00e0 <strong>PEC 66\/2023<\/strong> e possibilidade de destina\u00e7\u00e3o de recursos do <strong>Acordo de Mariana<\/strong> a todos os munic\u00edpios mineiros;<\/p>\n<p>Situa\u00e7\u00e3o dos <strong>Hospitais Regionais<\/strong>, com mobiliza\u00e7\u00e3o para conclus\u00e3o e inaugura\u00e7\u00e3o;<\/p>\n<p><strong>Parceria com o TCEMG<\/strong> para mapear gastos municipais com servi\u00e7os que s\u00e3o, constitucionalmente, dever do Estado e da Uni\u00e3o. \u201cEstamos lidando com uma <strong>transfer\u00eancia silenciosa de responsabilidades<\/strong>, e \u00e9 hora de trazer isso \u00e0 luz com dados t\u00e9cnicos e a\u00e7\u00e3o coordenada\u201d, refor\u00e7ou Falc\u00e3o.<\/p>\n<p>A nova gest\u00e3o tamb\u00e9m vai ampliar os cursos da <strong>Escola de Gest\u00e3o Municipalista (EGM)<\/strong>, consolidar o <strong>Movimento Mulheres Municipalistas<\/strong> e instalar o <strong>Conselho Consultivo da AMM<\/strong>.<\/p>\n<h3>Escuta ativa e Caravana AMM<\/h3>\n<p>Um dos momentos mais relevantes do encontro foi a <strong>escuta ativa<\/strong> dos representantes microrregionais, que apresentaram demandas espec\u00edficas como:<\/p>\n<p>Capacita\u00e7\u00e3o para aumento de arrecada\u00e7\u00e3o;<\/p>\n<p>Apoio para hospitais p\u00fablicos;<\/p>\n<p>Cobran\u00e7a das compensa\u00e7\u00f5es previdenci\u00e1rias da Uni\u00e3o;<\/p>\n<p>Solicita\u00e7\u00e3o de <strong>mais 1% do FPM<\/strong> em mar\u00e7o.<\/p>\n<p>O superintendente da AMM, <strong>Lu Pereira<\/strong>, anunciou a realiza\u00e7\u00e3o da <strong>Caravana AMM<\/strong>, que percorrer\u00e1 o estado de <strong>agosto de 2025 a abril de 2026<\/strong>. A proposta \u00e9 estreitar o di\u00e1logo com os munic\u00edpios, levar assessoria t\u00e9cnica e fortalecer a atua\u00e7\u00e3o conjunta com as microrregionais.<\/p>\n<p>\u201cA AMM est\u00e1 de portas abertas. Nossa uni\u00e3o \u00e9 fundamental para enfrentar os desafios dos munic\u00edpios, especialmente os menores. A Caravana AMM mostra nosso compromisso em estar presentes e oferecer apoio onde for preciso\u201d, afirmou Falc\u00e3o.<\/p>\n\n<p>O encontro marcou o in\u00edcio de uma nova fase da AMM, pautada pelo <strong>di\u00e1logo cont\u00ednuo, fortalecimento das parcerias e constru\u00e7\u00e3o coletiva de solu\u00e7\u00f5es para o municipalismo mineiro<\/strong>.<\/p>\n<p>\u00a0<\/p>","protected":false},"excerpt":{"rendered":"<p>AMM | Divulga\u00e7\u00e3o A Associa\u00e7\u00e3o Mineira de Munic\u00edpios (AMM) reuniu secret\u00e1rios executivos e representantes das associa\u00e7\u00f5es microrregionais em sua sede, em Belo Horizonte, em um encontro marcado pelo fortalecimento institucional e pelo alinhamento de propostas para os pr\u00f3ximos anos. O presidente da AMM e prefeito de Patos de Minas, Lu\u00eds Eduardo Falc\u00e3o, reafirmou o compromisso [&hellip;]<\/p>\n","protected":false},"author":0,"featured_media":30404,"comment_status":"open","ping_status":"open","sticky":false,"template":"","format":"standard","meta":{"rop_custom_images_group":[],"rop_custom_messages_group":[],"rop_publish_now":"initial","rop_publish_now_accounts":[],"rop_publish_now_history":[],"rop_publish_now_status":"pending","footnotes":""},"categories":[6745],"tags":[],"class_list":["post-30403","post","type-post","status-publish","format-standard","has-post-thumbnail","hentry","category-coluna-sindijori"],"_links":{"self":[{"href":"https:\/\/diariotribuna.com.br\/index.php?rest_route=\/wp\/v2\/posts\/30403"}],"collection":[{"href":"https:\/\/diariotribuna.com.br\/index.php?rest_route=\/wp\/v2\/posts"}],"about":[{"href":"https:\/\/diariotribuna.com.br\/index.php?rest_route=\/wp\/v2\/types\/post"}],"replies":[{"embeddable":true,"href":"https:\/\/diariotribuna.com.br\/index.php?rest_route=%2Fwp%2Fv2%2Fcomments&post=30403"}],"version-history":[{"count":0,"href":"https:\/\/diariotribuna.com.br\/index.php?rest_route=\/wp\/v2\/posts\/30403\/revisions"}],"wp:featuredmedia":[{"embeddable":true,"href":"https:\/\/diariotribuna.com.br\/index.php?rest_route=\/wp\/v2\/media\/30404"}],"wp:attachment":[{"href":"https:\/\/diariotribuna.com.br\/index.php?rest_route=%2Fwp%2Fv2%2Fmedia&parent=30403"}],"wp:term":[{"taxonomy":"category","embeddable":true,"href":"https:\/\/diariotribuna.com.br\/index.php?rest_route=%2Fwp%2Fv2%2Fcategories&post=30403"},{"taxonomy":"post_tag","embeddable":true,"href":"https:\/\/diariotribuna.com.br\/index.php?rest_route=%2Fwp%2Fv2%2Ftags&post=30403"}],"curies":[{"name":"wp","href":"https:\/\/api.w.org\/{rel}","templated":true}]}}