{"id":30405,"date":"2025-07-04T12:02:55","date_gmt":"2025-07-04T15:02:55","guid":{"rendered":"https:\/\/diariotribuna.com.br\/?p=30405"},"modified":"2025-07-04T12:02:55","modified_gmt":"2025-07-04T15:02:55","slug":"helibras-podera-produzir-h145","status":"publish","type":"post","link":"https:\/\/diariotribuna.com.br\/?p=30405","title":{"rendered":"Helibras poder\u00e1 produzir H145\u00a0"},"content":{"rendered":"<p><span>Foto: Reprodu\u00e7\u00e3o PAEF<\/span><\/p>\n\n<p><strong><span>COLUNA MG<\/span><\/strong><\/p>\n<p><span>Principais destaques dos jornais e portais integrantes da rede Sindijori MG\u00a0<\/span><\/p>\n<p><span><a href=\"http:\/\/www.sindijorimg.com.br\/\">www.sindijorimg.com.br<\/a><\/span><\/p>\n<p><span><\/span><\/p>\n\n<p><strong><span>Helibras poder\u00e1 produzir H145<\/span><\/strong><\/p>\n<p><span>A f\u00e1brica da Helibras, em Itajub\u00e1, pode se tornar um dos principais centros de produ\u00e7\u00e3o e exporta\u00e7\u00e3o do helic\u00f3ptero H145. O modelo, fabricado pela Airbus Helicopters, \u00e9 utilizado para fins civis e militares, como transporte aerom\u00e9dico, opera\u00e7\u00f5es policiais, servi\u00e7os de busca e salvamento e transporte executivo. O an\u00fancio foi feito na quarta-feira, 2, pelos governos do Brasil e da Fran\u00e7a. Segundo o Minist\u00e9rio do Desenvolvimento, Ind\u00fastria, Com\u00e9rcio e Servi\u00e7os (MDIC), o investimento previsto \u00e9 de R$ 1 bilh\u00e3o, com a previs\u00e3o de constru\u00e7\u00e3o de at\u00e9 200 unidades do H145 ao longo dos pr\u00f3ximos 15 anos. Cada helic\u00f3ptero tem valor estimado de mercado de US$ 15 milh\u00f5es. (Pouso Alegre em Foco)<\/span><\/p>\n<p><span><a href=\"https:\/\/pousoalegreemfoco.com.br\/noticia\/2226\/helibras-itajuba-podera-tornar-centro-de-producao\">https:\/\/pousoalegreemfoco.com.br\/noticia\/2226\/helibras-itajuba-podera-tornar-centro-de-producao<\/a><\/span><\/p>\n<p><span><\/span><\/p>\n\n<p><strong><span>Obras na BR 050 antecipadas<\/span><\/strong><\/p>\n<p><span>Em nova rodada de tratativas em Bras\u00edlia, o vereador Tulio Micheli (PSDB) e representantes da Prefeitura de Uberaba receberam da Ag\u00eancia Nacional de Transportes Terrestres a confirma\u00e7\u00e3o do cronograma para obras importantes na BR-050. Segundo o vereador, a concession\u00e1ria Ecovias Minas Goi\u00e1s, respons\u00e1vel pelas interven\u00e7\u00f5es, informou que as obras do viaduto pr\u00f3ximo ao terreno do antigo clube Cascata ter\u00e3o in\u00edcio em maio de 2026, com previs\u00e3o de conclus\u00e3o em outubro do mesmo ano. J\u00e1 no entroncamento da BR-050 com a BR-262, na regi\u00e3o do bairro Jardim Maracan\u00e3, devem come\u00e7ar em novembro de 2026. (Jornal da Manh\u00e3 \u2013 Uberaba)<\/span><\/p>\n<p><span><a href=\"https:\/\/jmonline.com.br\/politica\/antt-estabelece-cronograma-e-antecipa-obras-da-rodovia-050-1.520416\">https:\/\/jmonline.com.br\/politica\/antt-estabelece-cronograma-e-antecipa-obras-da-rodovia-050-1.520416<\/a><\/span><\/p>\n<p><span><\/span><\/p>\n\n<p><strong><span>Varginha recebe selo\u00a0<\/span><\/strong><\/p>\n<p><span>Em cerim\u00f4nia realizada na quinta-feira, 3, o prefeito Leonardo Ciacci e o vice-prefeito Ant\u00f4nio Silva, acompanhados de secret\u00e1rios municipais, receberam da Caixa Econ\u00f4mica Federal o &#8220;Selo Caixa Gest\u00e3o Sustent\u00e1vel&#8221;, que reconhece as pr\u00e1ticas exemplares de Varginha nas \u00e1reas ambiental, social, de governan\u00e7a e clim\u00e1tica (ESG). O munic\u00edpio destacou-se como o primeiro em Minas Gerais e o 10\u00ba no Brasil em um ranking que avaliou 5.570 cidades, superando 21 indicadores de sustentabilidade e transpar\u00eancia. (O Debate \u2013 Varginha)<\/span><\/p>\n<p><span><a href=\"https:\/\/www.odebatenoticias.com.br\/post\/varginha\">https:\/\/www.odebatenoticias.com.br\/post\/varginha<\/a><\/span><\/p>\n<p><span><\/span><\/p>\n\n<p><strong><span>Bienal do Vale foi lan\u00e7ada<\/span><\/strong><\/p>\n<p><span>Foi lan\u00e7ada oficialmente, na manh\u00e3 de quarta-feira, 2, a 5\u00aa Bienal das Artes do Vale do Rio Doce. O evento \u00e9 uma das principais vitrines da produ\u00e7\u00e3o art\u00edstica da regi\u00e3o. A Bienal \u00e9 idealizada pela artista pl\u00e1stica valadarense Clores Lage e realizada em parceria com o diretor da Nossa Cl\u00ednica, Geraldo Vilar. As inscri\u00e7\u00f5es est\u00e3o abertas at\u00e9 o dia 28 de novembro e os pr\u00eamios variam entre R$ 3 mil e R$ 4 mil, distribu\u00eddos em diversas categorias. (Di\u00e1rio do Rio Doce \u2013 Governador Valadares)<\/span><\/p>\n<p><span><a href=\"https:\/\/drd.com.br\/bienal-das-artes-do-vale-do-rio-doce-abre-inscricoes-para-5a-edicao-em-valadares\/\">https:\/\/drd.com.br\/bienal-das-artes-do-vale-do-rio-doce-abre-inscricoes-para-5a-edicao-em-valadares\/<\/a><\/span><\/p>\n\n<p><strong><span>Im\u00f3vel de Nanuque ao leil\u00e3o<\/span><\/strong><\/p>\n<p><span>A Cemig, atrav\u00e9s da MGI \u2013 Minas Gerais Participa\u00e7\u00f5es S\/A., est\u00e1 ofertando pelo valor inicial de R$ 1.610.000,00 o pr\u00e9dio comercial onde funcionava o escrit\u00f3rio da empresa, em Nanuque. Al\u00e9m de uma \u00e1rea na margem direita do Rio Mucuri. Apesar de n\u00e3o ter recebido nenhum lance, at\u00e9 o momento, houve 164 visitas no site da leiloeira consultando sobre o bem. Para os nanuquqenses, a \u00e1rea ofertada \u00e9 considerada com \u00e1rea de preserva\u00e7\u00e3o permanente. Por\u00e9m na descri\u00e7\u00e3o, a leiloeira intitulou o bem como Pr\u00e9dio Comercial de 3564m\u00b2 desocupado no Centro de Nanuque\/MG. (Em Tempo \u2013 Nanuque)<\/span><\/p>\n<p><span><a href=\"https:\/\/jornalemtempo.com\/cemig-mais-uma-vez-leva-imovel-que-pode-pertencer-a-nanuque-a-leilao-2974\">https:\/\/jornalemtempo.com\/cemig-mais-uma-vez-leva-imovel-que-pode-pertencer-a-nanuque-a-leilao-2974<\/a><\/span><\/p>\n<p><span><\/span><\/p>\n\n<p><strong><span>Patroc\u00ednio quer campus da UFTM<\/span><\/strong><\/p>\n<p><span>A Prefeitura de Patroc\u00ednio encaminhou um of\u00edcio \u00e0 Universidade Federal do Tri\u00e2ngulo Mineiro (UFTM) solicitando a inclus\u00e3o do Munic\u00edpio no Plano de Desenvolvimento Institucional (PDI) da institui\u00e7\u00e3o. O documento, entregue \u00e0 Reitoria da UFTM em Uberaba, trata da proposta de implanta\u00e7\u00e3o de um campus da universidade em Patroc\u00ednio. A proposta prev\u00ea como contrapartida do munic\u00edpio a doa\u00e7\u00e3o e a prepara\u00e7\u00e3o de um terreno &#8211; incluindo terraplanagem &#8211; para a instala\u00e7\u00e3o do campus e tamb\u00e9m a instala\u00e7\u00e3o de uma sede provis\u00f3ria enquanto a universidade \u00e9 constru\u00edda. (Jornal de Patroc\u00ednio)<\/span><\/p>\n<p><span><a href=\"https:\/\/www.jornaldepatrocinio.com\/formalizado-pedido-para-inclusao-de-patrocinio-no-plano-de-expansao-da-universidade-federal-do-triangulo-mineiro\">https:\/\/www.jornaldepatrocinio.com\/formalizado-pedido-para-inclusao-de-patrocinio-no-plano-de-expansao-da-universidade-federal-do-triangulo-mineiro<\/a><\/span><\/p>\n<p><span><\/span><\/p>\n\n<p><strong><span>Ub\u00e1 pode fechar supermercados aos domingos<\/span><\/strong><\/p>\n<p><span>Os supermercados podem ser proibidos de funcionar aos domingos na cidade de Ub\u00e1. \u00c9 o que diz um Projeto de Lei aprovado pela C\u00e2mara Municipal na \u00faltima segunda-feira (30), que ainda precisa ser sancionado pelo prefeito, Professor Jos\u00e9 Damato.\u00a0 Caso seja sancionada, a lei estar\u00e1 em vigor ap\u00f3s 90 dias, e punir\u00e1 quem descumprir com uma multa de 500 Unidades Fiscais do Estado de Minas Gerais, que, em 2025, equivalem a R$ 2.765,50. (Tribuna de Minas \u2013 Juiz de Fora)<\/span><\/p>\n<p><span><a href=\"https:\/\/tribunademinas.com.br\/noticias\/regiao\/03-07-2025\/camara.html\">https:\/\/tribunademinas.com.br\/noticias\/regiao\/03-07-2025\/camara.html<\/a><\/span><\/p>\n<p><span><\/span><\/p>\n\n<p>\u00a0<\/p>","protected":false},"excerpt":{"rendered":"<p>Foto: Reprodu\u00e7\u00e3o PAEF COLUNA MG Principais destaques dos jornais e portais integrantes da rede Sindijori MG\u00a0 www.sindijorimg.com.br Helibras poder\u00e1 produzir H145 A f\u00e1brica da Helibras, em Itajub\u00e1, pode se tornar um dos principais centros de produ\u00e7\u00e3o e exporta\u00e7\u00e3o do helic\u00f3ptero H145. O modelo, fabricado pela Airbus Helicopters, \u00e9 utilizado para fins civis e militares, como [&hellip;]<\/p>\n","protected":false},"author":0,"featured_media":30406,"comment_status":"open","ping_status":"open","sticky":false,"template":"","format":"standard","meta":{"rop_custom_images_group":[],"rop_custom_messages_group":[],"rop_publish_now":"initial","rop_publish_now_accounts":[],"rop_publish_now_history":[],"rop_publish_now_status":"pending","footnotes":""},"categories":[6745],"tags":[],"class_list":["post-30405","post","type-post","status-publish","format-standard","has-post-thumbnail","hentry","category-coluna-sindijori"],"_links":{"self":[{"href":"https:\/\/diariotribuna.com.br\/index.php?rest_route=\/wp\/v2\/posts\/30405"}],"collection":[{"href":"https:\/\/diariotribuna.com.br\/index.php?rest_route=\/wp\/v2\/posts"}],"about":[{"href":"https:\/\/diariotribuna.com.br\/index.php?rest_route=\/wp\/v2\/types\/post"}],"replies":[{"embeddable":true,"href":"https:\/\/diariotribuna.com.br\/index.php?rest_route=%2Fwp%2Fv2%2Fcomments&post=30405"}],"version-history":[{"count":0,"href":"https:\/\/diariotribuna.com.br\/index.php?rest_route=\/wp\/v2\/posts\/30405\/revisions"}],"wp:featuredmedia":[{"embeddable":true,"href":"https:\/\/diariotribuna.com.br\/index.php?rest_route=\/wp\/v2\/media\/30406"}],"wp:attachment":[{"href":"https:\/\/diariotribuna.com.br\/index.php?rest_route=%2Fwp%2Fv2%2Fmedia&parent=30405"}],"wp:term":[{"taxonomy":"category","embeddable":true,"href":"https:\/\/diariotribuna.com.br\/index.php?rest_route=%2Fwp%2Fv2%2Fcategories&post=30405"},{"taxonomy":"post_tag","embeddable":true,"href":"https:\/\/diariotribuna.com.br\/index.php?rest_route=%2Fwp%2Fv2%2Ftags&post=30405"}],"curies":[{"name":"wp","href":"https:\/\/api.w.org\/{rel}","templated":true}]}}