{"id":30411,"date":"2025-07-04T17:22:29","date_gmt":"2025-07-04T20:22:29","guid":{"rendered":"https:\/\/diariotribuna.com.br\/?p=30411"},"modified":"2025-07-04T17:40:13","modified_gmt":"2025-07-04T20:40:13","slug":"juri-de-teofilo-otoni-condena-reu-por-crimes-contra-crianca","status":"publish","type":"post","link":"https:\/\/diariotribuna.com.br\/?p=30411","title":{"rendered":"J\u00fari de Te\u00f3filo Otoni condena r\u00e9u por crimes contra crian\u00e7a"},"content":{"rendered":"\n<h3 class=\"wp-block-heading\"><strong>Delitos ocorreram no Munic\u00edpio de Ouro Verde de Minas<\/strong><\/h3>\n\n\n\n<figure class=\"wp-block-image size-full is-resized\"><img loading=\"lazy\" decoding=\"async\" width=\"700\" height=\"445\" src=\"https:\/\/diariotribuna.com.br\/wp-content\/uploads\/2025\/07\/Not-Inauguracao-do-Forum-de-Teofilo-Otoni._12.jpg\" alt=\"\" class=\"wp-image-30412\" style=\"width:510px;height:auto\" srcset=\"https:\/\/diariotribuna.com.br\/wp-content\/uploads\/2025\/07\/Not-Inauguracao-do-Forum-de-Teofilo-Otoni._12.jpg 700w, https:\/\/diariotribuna.com.br\/wp-content\/uploads\/2025\/07\/Not-Inauguracao-do-Forum-de-Teofilo-Otoni._12-300x191.jpg 300w, https:\/\/diariotribuna.com.br\/wp-content\/uploads\/2025\/07\/Not-Inauguracao-do-Forum-de-Teofilo-Otoni._12-696x442.jpg 696w, https:\/\/diariotribuna.com.br\/wp-content\/uploads\/2025\/07\/Not-Inauguracao-do-Forum-de-Teofilo-Otoni._12-661x420.jpg 661w\" sizes=\"(max-width: 700px) 100vw, 700px\" \/><figcaption class=\"wp-element-caption\"><strong><em>J\u00fari condenou jovem por homic\u00eddio qualificado e oculta\u00e7\u00e3o de cad\u00e1ver<\/em><\/strong><\/figcaption><\/figure>\n\n\n\n<p><mark><mark style=\"background-color:#ffffff\" class=\"has-inline-color\">O j\u00fari popular da Comarca de Te\u00f3filo Otoni condenou um jovem de 20 anos pela pr\u00e1tica de homic\u00eddio qualificado e oculta\u00e7\u00e3o de cad\u00e1ver contra seu pr\u00f3prio filho rec\u00e9m-nascido. O juiz da 2\u00aa Vara Criminal, Reginaldo Palhares Junior, fixou a pena de 52 anos de reclus\u00e3o, a ser cumprida inicialmente em regime fechado, e de 15&nbsp;dias-multa. O magistrado tamb\u00e9m expediu mandado de pris\u00e3o contra o r\u00e9u.<\/mark><\/mark><\/p>\n\n\n\n<p><mark><mark style=\"background-color:#ffffff\" class=\"has-inline-color\">Segundo a den\u00fancia do Minist\u00e9rio P\u00fablico de Minas Gerais (MPMG), o jovem mantinha um relacionamento com uma adolescente de 16 anos. Ao descobrir que a namorada estava gr\u00e1vida, ele passou a prejudicar o desenvolvimento do filho. Al\u00e9m de proibir a m\u00e3e de fazer o pr\u00e9-natal, impossibilitando-a de se submeter a eficaz acompanhamento m\u00e9dico e de enfermagem, o rapaz a agredia f\u00edsica e psicologicamente.<\/mark><\/mark><\/p>\n\n\n\n<p><mark><mark style=\"background-color:#ffffff\" class=\"has-inline-color\">Ainda de acordo com o MPMG, esse comportamento acarretou m\u00e1 forma\u00e7\u00e3o, baixo peso e nascimento precoce, conforme ficou comprovado por laudo pericial. Quando a crian\u00e7a nasceu, o pai imp\u00f4s \u00e0 m\u00e3e e ao beb\u00ea perman\u00eancias prolongadas em lugares in\u00f3spitos e inadequados \u00e0 sa\u00fade e ao bem-estar dos dois. Essa rotina s\u00f3 foi interrompida com a morte do beb\u00ea, ocorrida, provavelmente, em 28 de maio de 2023.<\/mark><\/mark><\/p>\n\n\n\n<p><mark><mark style=\"background-color:#ffffff\" class=\"has-inline-color\">Depois disso, o r\u00e9u, com a ajuda da m\u00e3e do menino, abriu um buraco nas imedia\u00e7\u00f5es da casa em que residia e sepultou o filho. Depois, ele fugiu para o Esp\u00edrito Santo com uma moto furtada, ocorr\u00eancia que consta de outro processo em curso na comarca.<\/mark><\/mark><\/p>\n\n\n\n<p>De acordo com o juiz Reginaldo Palhares Junior, o caso provocou grande como\u00e7\u00e3o na comunidade e sensibilizou a popula\u00e7\u00e3o. &#8220;A senten\u00e7a traduz o compromisso do Poder Judici\u00e1rio com a efetiva presta\u00e7\u00e3o jurisdicional e a afirma\u00e7\u00e3o da justi\u00e7a penal em sua dimens\u00e3o p\u00fablica e democr\u00e1tica&#8221;, disse.<\/p>\n\n\n\n<p><mark><mark style=\"background-color:#ffffff\" class=\"has-inline-color\">Na senten\u00e7a, o magistrado salientou que n\u00e3o se tratou de homic\u00eddio impulsivo, &#8220;mas de ato perpetrado de forma cont\u00ednua, fria, progressiva e dolosamente tolerada ao longo de semanas&#8221;.<\/mark><\/mark> Segundo ele, o acusado n\u00e3o apenas omitiu os cuidados essenciais ao filho, mas &#8220;criou um ambiente de terror dom\u00e9stico, restringindo os direitos de sua companheira adolescente e impedindo que ela socorresse o filho&#8221;.<\/p>\n\n\n\n<p><mark><mark style=\"background-color:#ffffff\" class=\"has-inline-color\">&#8220;Essa manipula\u00e7\u00e3o deliberada de uma adolescente em situa\u00e7\u00e3o de vulnerabilidade contribuiu decisivamente para a perpetra\u00e7\u00e3o do crime e refor\u00e7a o car\u00e1ter reprov\u00e1vel de sua conduta. A culpabilidade do r\u00e9u, assim, \u00e9 elevada, n\u00e3o s\u00f3 pela gravidade do fato, mas tamb\u00e9m pelo contexto de opress\u00e3o e perversidade que ele mesmo construiu&#8221;, concluiu.<\/mark><\/mark> O processo 0017879-59.2023.8.13.0686 tramita no sistema PJe. (<strong>Diretoria Executiva de Comunica\u00e7\u00e3o, Dircom\/<\/strong> <strong>Tribunal de Justi\u00e7a de Minas Gerais, TJMG\/ Cr\u00e9dito foto: Cec\u00edlia Pederzoli \/ TJMG).<\/strong><\/p>\n","protected":false},"excerpt":{"rendered":"<p>Delitos ocorreram no Munic\u00edpio de Ouro Verde de Minas O j\u00fari popular da Comarca de Te\u00f3filo Otoni condenou um jovem de 20 anos pela pr\u00e1tica de homic\u00eddio qualificado e oculta\u00e7\u00e3o de cad\u00e1ver contra seu pr\u00f3prio filho rec\u00e9m-nascido. O juiz da 2\u00aa Vara Criminal, Reginaldo Palhares Junior, fixou a pena de 52 anos de reclus\u00e3o, a [&hellip;]<\/p>\n","protected":false},"author":1,"featured_media":30412,"comment_status":"open","ping_status":"open","sticky":false,"template":"","format":"standard","meta":{"rop_custom_images_group":[],"rop_custom_messages_group":[],"rop_publish_now":"initial","rop_publish_now_accounts":[],"rop_publish_now_history":[],"rop_publish_now_status":"pending","footnotes":""},"categories":[25,31],"tags":[373,611,107,597,53],"class_list":["post-30411","post","type-post","status-publish","format-standard","has-post-thumbnail","hentry","category-destaque","category-juridico","tag-condenacao","tag-crianca","tag-homicidio","tag-ouro-verde-de-minas","tag-tjmg"],"_links":{"self":[{"href":"https:\/\/diariotribuna.com.br\/index.php?rest_route=\/wp\/v2\/posts\/30411"}],"collection":[{"href":"https:\/\/diariotribuna.com.br\/index.php?rest_route=\/wp\/v2\/posts"}],"about":[{"href":"https:\/\/diariotribuna.com.br\/index.php?rest_route=\/wp\/v2\/types\/post"}],"author":[{"embeddable":true,"href":"https:\/\/diariotribuna.com.br\/index.php?rest_route=\/wp\/v2\/users\/1"}],"replies":[{"embeddable":true,"href":"https:\/\/diariotribuna.com.br\/index.php?rest_route=%2Fwp%2Fv2%2Fcomments&post=30411"}],"version-history":[{"count":2,"href":"https:\/\/diariotribuna.com.br\/index.php?rest_route=\/wp\/v2\/posts\/30411\/revisions"}],"predecessor-version":[{"id":30415,"href":"https:\/\/diariotribuna.com.br\/index.php?rest_route=\/wp\/v2\/posts\/30411\/revisions\/30415"}],"wp:featuredmedia":[{"embeddable":true,"href":"https:\/\/diariotribuna.com.br\/index.php?rest_route=\/wp\/v2\/media\/30412"}],"wp:attachment":[{"href":"https:\/\/diariotribuna.com.br\/index.php?rest_route=%2Fwp%2Fv2%2Fmedia&parent=30411"}],"wp:term":[{"taxonomy":"category","embeddable":true,"href":"https:\/\/diariotribuna.com.br\/index.php?rest_route=%2Fwp%2Fv2%2Fcategories&post=30411"},{"taxonomy":"post_tag","embeddable":true,"href":"https:\/\/diariotribuna.com.br\/index.php?rest_route=%2Fwp%2Fv2%2Ftags&post=30411"}],"curies":[{"name":"wp","href":"https:\/\/api.w.org\/{rel}","templated":true}]}}