{"id":30416,"date":"2025-07-05T12:05:01","date_gmt":"2025-07-05T15:05:01","guid":{"rendered":"https:\/\/diariotribuna.com.br\/?p=30416"},"modified":"2025-07-05T12:05:01","modified_gmt":"2025-07-05T15:05:01","slug":"celer-inaugura-fabrica-em-montes-claros","status":"publish","type":"post","link":"https:\/\/diariotribuna.com.br\/?p=30416","title":{"rendered":"Celer inaugura f\u00e1brica em Montes Claros\u00a0"},"content":{"rendered":"<p><span>Foto: Cristiano Machado\/ Imprensa MG<\/span><\/p>\n\n<p><strong><span>COLUNA MG<\/span><\/strong><\/p>\n<p><span>Principais destaques dos jornais e portais integrantes da rede Sindijori MG\u00a0<\/span><\/p>\n<p><span><a href=\"http:\/\/www.sindijorimg.com.br\/\">www.sindijorimg.com.br<\/a><\/span><\/p>\n<p><span><\/span><\/p>\n\n<p><strong><span>Celer inaugura f\u00e1brica em Montes Claros<\/span><\/strong><\/p>\n<p><span>A Celer Biotecnologia, com sede em Belo Horizonte, inaugurou uma f\u00e1brica em Montes Claros, no Norte de Minas. O investimento de R$ 20 milh\u00f5es permitir\u00e1 a expans\u00e3o da produ\u00e7\u00e3o e do mercado de atua\u00e7\u00e3o, al\u00e9m da transfer\u00eancia da f\u00e1brica da Capital para a nova unidade. Para os pr\u00f3ximos cinco anos, est\u00e1 prevista a aplica\u00e7\u00e3o de mais R$ 80 milh\u00f5es na amplia\u00e7\u00e3o da capacidade produtiva. A ind\u00fastria mineira foi fundada em 2001 e atua no segmento de diagn\u00f3stico cl\u00ednico humano e veterin\u00e1rio, e no desenvolvimento e produ\u00e7\u00e3o de sistemas de instrumenta\u00e7\u00e3o e automa\u00e7\u00e3o laboratorial. (Di\u00e1rio do Com\u00e9rcio \u2013 Belo Horizonte)<\/span><\/p>\n<p><span><a href=\"https:\/\/diariodocomercio.com.br\/negocios\/celer-biotecnologia-inaugura-fabrica-montes-claros\/\">https:\/\/diariodocomercio.com.br\/negocios\/celer-biotecnologia-inaugura-fabrica-montes-claros\/<\/a><\/span><\/p>\n<p><span><\/span><\/p>\n\n<p><strong><span>Hospital de JF \u00e9 denunciado<\/span><\/strong><\/p>\n<p><span>O Sindicato dos Servidores P\u00fablicos Municipais de Juiz de Fora (SINSERPU-JF) denunciou publicamente que a dire\u00e7\u00e3o do Hospital de Pronto Socorro (HPS) est\u00e1 descumprindo uma decis\u00e3o judicial de 13 anos, ao n\u00e3o pagar o adicional de penosidade a servidores durante licen\u00e7as m\u00e9dicas. A pr\u00e1tica, considerada &#8220;totalmente ilegal&#8221; pelo sindicato, configura uma afronta a um ac\u00f3rd\u00e3o do Tribunal de Justi\u00e7a de Minas Gerais (Portal Acessa.com \u2013 Juiz de Fora).<\/span><\/p>\n<p><span><a href=\"https:\/\/www.acessa.com\/cidade\/2025\/07\/258850-sindicato-denuncia-hps-por-descumprimento-de-decisao-judicial-sobre-adicional-de-penosidade-para-seus-servidores.html\">https:\/\/www.acessa.com\/cidade\/2025\/07\/258850-sindicato-denuncia-hps-por-descumprimento-de-decisao-judicial-sobre-adicional-de-penosidade-para-seus-servidores.html<\/a><\/span><\/p>\n\n<p><strong><span>8 nomes na lista para o Senado<\/span><\/strong><\/p>\n<p><span>Quando terminar o recesso pol\u00edtico, no Congresso Nacional e na Assembleia Legislativa de Minas Gerais, a lista de nomes para a disputa ao Senado, entre os mineiros, deve ficar mais extensa. Segundo uma sondagem feita por jornalistas da cr\u00f4nica pol\u00edtica, j\u00e1 est\u00e1 chegando a oito nomes, al\u00e9m da possibilidade de dois ocupantes das cadeiras, Rodrigo Pacheco e Carlos Viana, poderem tentar a reelei\u00e7\u00e3o para o mesmo posto. (Edi\u00e7\u00e3o do Brasil \u2013 Belo Horizonte)<\/span><\/p>\n<p><span><a href=\"https:\/\/edicaodobrasil.com.br\/2025\/07\/04\/oito-nomes-sao-mencionados-para-disputar-o-senado-ate-o-momento\/\">https:\/\/edicaodobrasil.com.br\/2025\/07\/04\/oito-nomes-sao-mencionados-para-disputar-o-senado-ate-o-momento\/<\/a><\/span><\/p>\n<p><span><\/span><\/p>\n\n<p><strong><span>Senai homenageado em Para\u00edso<\/span><\/strong><\/p>\n<p><span>O compromisso com a forma\u00e7\u00e3o de m\u00e3o de obra qualificada e o impacto social positivo na vida de milhares de cidad\u00e3os levaram a C\u00e2mara Municipal de S\u00e3o Sebasti\u00e3o do Para\u00edso a aprovar, por unanimidade, Mo\u00e7\u00e3o de Congratula\u00e7\u00f5es ao Servi\u00e7o Nacional de Aprendizagem Industrial \u2013 Senai. H\u00e1 quase 14 anos instalada em S\u00e3o Sebasti\u00e3o do Para\u00edso, a unidade do Senai j\u00e1 ultrapassou a marca de 1.200 matr\u00edculas apenas neste ano. Em 2024, foram cerca de 1.800 alunos, e a expectativa \u00e9 manter esse patamar at\u00e9 o fim de 2025. (Jornal do Sudoeste \u2013 SS Para\u00edso)<\/span><\/p>\n<p><span><a href=\"https:\/\/jornaldosudoeste.com.br\/noticia_detalhe.php?id=219456\">https:\/\/jornaldosudoeste.com.br\/noticia_detalhe.php?id=219456<\/a><\/span><\/p>\n<p><span><\/span><\/p>\n\n<p><strong><span>Guap\u00e9 volta \u00e0s urnas neste domingo<\/span><\/strong><\/p>\n<p><span>Os eleitores de Guap\u00e9 voltam \u00e0s urnas neste domingo,6, para decidir entre tr\u00eas candidatos quem assumir\u00e1 os cargos de prefeito e vice-prefeito do munic\u00edpio. A elei\u00e7\u00e3o suplementar foi convocada pelo Tribunal Regional Eleitoral de Minas Gerais (TRE-MG) ap\u00f3s a Justi\u00e7a Eleitoral negar o registro de candidatura do candidato mais votado no pleito de 2024. Ao todo, 11.006 eleitores est\u00e3o aptos a votar. A vota\u00e7\u00e3o ser\u00e1 realizada das 8h \u00e0s 17h, em 36 se\u00e7\u00f5es eleitorais espalhadas pela cidade. (Folha da Manh\u00e3 \u2013 Passos)<\/span><\/p>\n<p><span><a href=\"https:\/\/clicfolha.com.br\/tre-marca-eleicoes-suplementares-para-o-dia-6-de-julho-em-guape\/\">https:\/\/clicfolha.com.br\/tre-marca-eleicoes-suplementares-para-o-dia-6-de-julho-em-guape\/<\/a><\/span><\/p>\n<p><span><\/span><\/p>\n\n<p><strong><span>Escolas c\u00edvico-militares em Uberaba<\/span><\/strong><\/p>\n<p><span>A Secretaria de Estado de Educa\u00e7\u00e3o de Minas Gerais (SEE\/MG) confirmou que est\u00e1 em andamento processo de escuta junto \u00e0s comunidades escolares para poss\u00edvel amplia\u00e7\u00e3o do Programa das Escolas C\u00edvico-Militares no estado. Segundo informa\u00e7\u00f5es obtidas pela reportagem, reuni\u00e3o virtual foi realizada nesta semana, envolvendo 12 escolas estaduais interessadas em adotar o modelo, entre elas quatro unidades localizadas em Uberaba: Escola Estadual Horizonta Lemos, Aur\u00e9lio Luiz da Costa, Henrique Kruger e Francisco C\u00e2ndido Xavier. (Jornal da Manh\u00e3 \u2013 Uberaba)<\/span><\/p>\n<p><span>\u00a0<a href=\"https:\/\/www.jmonline.com.br\/politica\/quatro-escolas-estaduais-de-uberaba-podem-adotar-o-modelo-civico-militar-1.520805\">https:\/\/www.jmonline.com.br\/politica\/quatro-escolas-estaduais-de-uberaba-podem-adotar-o-modelo-civico-militar-1.520805<\/a><\/span><\/p>\n<p><span><\/span><\/p>\n\n<p><strong><span>UFV cria doce de leite sem a\u00e7\u00facar\u00a0<\/span><\/strong><\/p>\n<p><span>O Departamento de Tecnologia de Alimentos (DTA) da Universidade Federal de Vi\u00e7osa (UFV) desenvolveu, durante o 1\u00ba semestre de 2025, um doce de leite sem a\u00e7\u00facar e sem lactose para dietas restritivas ou especiais. Para chegar \u00e0 vers\u00e3o exclusiva, os estudantes da UFV Gustavo Silva Campos e Jonathan Gusm\u00e3o buscaram solu\u00e7\u00f5es para alcan\u00e7ar a textura pastosa do produto, mesmo sem os dois principais ingredientes.\u00a0 O doce de leite desenvolvido pelo DTA tem cerca de 25% menos calorias que o produto tradicional e pode ser indicado para diab\u00e9ticos. (Folha da Mata \u2013 Vi\u00e7osa)<\/span><\/p>\n<p><span><a href=\"https:\/\/www.folhadamata.com.br\/ufv-cria-doce-de-leite-sem-acucar-e-sem-lactose-para-dietas-especiais\">https:\/\/www.folhadamata.com.br\/ufv-cria-doce-de-leite-sem-acucar-e-sem-lactose-para-dietas-especiais<\/a><\/span><\/p>\n<p><span><\/span><\/p>\n\n<p>\u00a0<\/p>","protected":false},"excerpt":{"rendered":"<p>Foto: Cristiano Machado\/ Imprensa MG COLUNA MG Principais destaques dos jornais e portais integrantes da rede Sindijori MG\u00a0 www.sindijorimg.com.br Celer inaugura f\u00e1brica em Montes Claros A Celer Biotecnologia, com sede em Belo Horizonte, inaugurou uma f\u00e1brica em Montes Claros, no Norte de Minas. O investimento de R$ 20 milh\u00f5es permitir\u00e1 a expans\u00e3o da produ\u00e7\u00e3o e [&hellip;]<\/p>\n","protected":false},"author":0,"featured_media":30417,"comment_status":"open","ping_status":"open","sticky":false,"template":"","format":"standard","meta":{"rop_custom_images_group":[],"rop_custom_messages_group":[],"rop_publish_now":"initial","rop_publish_now_accounts":[],"rop_publish_now_history":[],"rop_publish_now_status":"pending","footnotes":""},"categories":[6745],"tags":[],"class_list":["post-30416","post","type-post","status-publish","format-standard","has-post-thumbnail","hentry","category-coluna-sindijori"],"_links":{"self":[{"href":"https:\/\/diariotribuna.com.br\/index.php?rest_route=\/wp\/v2\/posts\/30416"}],"collection":[{"href":"https:\/\/diariotribuna.com.br\/index.php?rest_route=\/wp\/v2\/posts"}],"about":[{"href":"https:\/\/diariotribuna.com.br\/index.php?rest_route=\/wp\/v2\/types\/post"}],"replies":[{"embeddable":true,"href":"https:\/\/diariotribuna.com.br\/index.php?rest_route=%2Fwp%2Fv2%2Fcomments&post=30416"}],"version-history":[{"count":0,"href":"https:\/\/diariotribuna.com.br\/index.php?rest_route=\/wp\/v2\/posts\/30416\/revisions"}],"wp:featuredmedia":[{"embeddable":true,"href":"https:\/\/diariotribuna.com.br\/index.php?rest_route=\/wp\/v2\/media\/30417"}],"wp:attachment":[{"href":"https:\/\/diariotribuna.com.br\/index.php?rest_route=%2Fwp%2Fv2%2Fmedia&parent=30416"}],"wp:term":[{"taxonomy":"category","embeddable":true,"href":"https:\/\/diariotribuna.com.br\/index.php?rest_route=%2Fwp%2Fv2%2Fcategories&post=30416"},{"taxonomy":"post_tag","embeddable":true,"href":"https:\/\/diariotribuna.com.br\/index.php?rest_route=%2Fwp%2Fv2%2Ftags&post=30416"}],"curies":[{"name":"wp","href":"https:\/\/api.w.org\/{rel}","templated":true}]}}