{"id":30418,"date":"2025-07-07T12:25:02","date_gmt":"2025-07-07T15:25:02","guid":{"rendered":"https:\/\/diariotribuna.com.br\/?p=30418"},"modified":"2025-07-07T12:25:02","modified_gmt":"2025-07-07T15:25:02","slug":"morador-em-situacao-de-rua-tem-projeto","status":"publish","type":"post","link":"https:\/\/diariotribuna.com.br\/?p=30418","title":{"rendered":"Morador em situa\u00e7\u00e3o de rua tem projeto\u00a0"},"content":{"rendered":"<p><span>Foto: Arquivo DA<\/span><\/p>\n\n<p><span><strong><span>COLUNA MG<\/span><\/strong><\/span><\/p>\n<p><span>Principais destaques dos jornais e portais integrantes da rede Sindijori MG\u00a0<\/span><\/p>\n<p><span><a href=\"http:\/\/www.sindijorimg.com.br\/\">www.sindijorimg.com.br<\/a><\/span><\/p>\n<p><span><\/span><\/p>\n\n<p><span><strong><span>Morador em situa\u00e7\u00e3o de rua tem projeto<\/span><\/strong><\/span><\/p>\n<p><span>A partir deste m\u00eas de julho, o munic\u00edpio de Ipatinga passa a contar com o programa \u201cDe volta para o lar\u201d, que tem como objetivo auxiliar pessoas em situa\u00e7\u00e3o de rua ou vulnerabilidade social que desejam retornar \u00e0s suas cidades de origem. A iniciativa prev\u00ea a oferta de transporte at\u00e9 o destino solicitado, suporte log\u00edstico para envio de pertences pessoais, aux\u00edlio na emiss\u00e3o de documentos necess\u00e1rios para o deslocamento, entre outros benef\u00edcios. A lei foi aprovada pela C\u00e2mara e sancionada pelo prefeito. (Di\u00e1rio do A\u00e7o &#8211; Ipatinga).<\/span><\/p>\n<p><span><a href=\"https:\/\/www.diariodoaco.com.br\/noticia\/0125784-ipatinga-institui-programa-que-facilita-retorno-de-pessoas-em-situacao-de-rua-as-cidades-de-origem\">https:\/\/www.diariodoaco.com.br\/noticia\/0125784-ipatinga-institui-programa-que-facilita-retorno-de-pessoas-em-situacao-de-rua-as-cidades-de-origem<\/a><\/span><\/p>\n<p><span><\/span><\/p>\n\n<p><span><strong><span>Rodovias t\u00eam pontos vulner\u00e1veis<\/span><\/strong><\/span><\/p>\n<p><span>As rodovias federais que passam por Juiz de Fora, BR-040 e BR-267, t\u00eam 32 pontos vulner\u00e1veis \u00e0 explora\u00e7\u00e3o sexual de crian\u00e7as e adolescentes registrados em 2023, o dado mais recente. S\u00e3o onze pontos de alimenta\u00e7\u00e3o, seis bares, cinco postos de combust\u00edvel, quatro obras de arte, tr\u00eas outros com\u00e9rcios formais, dois com\u00e9rcios informais e uma \u00e1rea n\u00e3o edificada. Os dados s\u00e3o da 10\u00aa edi\u00e7\u00e3o da Pesquisa Mapear, uma iniciativa da Pol\u00edcia Rodovi\u00e1ria Federal (PRF), em parceria com a Childhood Brasil, realizada a cada dois anos. (Tribuna de Minas \u2013 Juiz de Fora)<\/span><\/p>\n<p><span><a href=\"https:\/\/tribunademinas.com.br\/noticias\/cidade\/06-07-2025\/rodovias.html\">https:\/\/tribunademinas.com.br\/noticias\/cidade\/06-07-2025\/rodovias.html<\/a><\/span><\/p>\n<p><span><\/span><\/p>\n\n<p><span><strong><span>Caratinga regulamenta t\u00e1xi<\/span><\/strong><\/span><\/p>\n<p><span>A cidade de Caratinga conta agora com uma nova legisla\u00e7\u00e3o que regulamenta de forma mais detalhada e moderna o servi\u00e7o de transporte individual de passageiros por t\u00e1xi. A Lei n\u00ba 4.062\/2025, sancionada pelo prefeito e aprovada pela C\u00e2mara Municipal, reconhece o servi\u00e7o como de utilidade p\u00fablica e define uma s\u00e9rie de normas que abrangem desde a concess\u00e3o de autoriza\u00e7\u00f5es at\u00e9 as obriga\u00e7\u00f5es dos condutores e exig\u00eancias para os ve\u00edculos. O objetivo \u00e9 assegurar mais qualidade, seguran\u00e7a, habilidade e organiza\u00e7\u00e3o ao sistema de t\u00e1xis da cidade. (Di\u00e1rio de Caratinga)<\/span><\/p>\n<p><span><a href=\"http:\/\/diariodecaratinga-br.diariomineiro.net\/caratinga-regulamenta-servico-de-taxi\/\">http:\/\/diariodecaratinga-br.diariomineiro.net\/caratinga-regulamenta-servico-de-taxi\/<\/a><\/span><\/p>\n<p><span><\/span><\/p>\n\n<p><span><strong><span>Escolas c\u00edvico-militares geram debate<\/span><\/strong><\/span><\/p>\n<p><span>Na semana passada, a Secretaria de Estado de Educa\u00e7\u00e3o de Minas Gerais (SEE-MG) encaminhou \u00e0s escolas estaduais um of\u00edcio convidando as dire\u00e7\u00f5es a manifestarem interesse na ades\u00e3o ao modelo de escola c\u00edvico-militar. A proposta integra um novo programa do governo de Romeu Zema (Novo), que pretende transformar mais de 700 escolas estaduais em unidades c\u00edvico-militares at\u00e9 2026. A medida gerou repercuss\u00e3o imediata em Divin\u00f3polis, onde 14 escolas foram listadas como potenciais candidatas \u00e0 ades\u00e3o. (Portal MPA \u2013 Divin\u00f3polis)<\/span><\/p>\n<p><span><a href=\"https:\/\/www.sistemampa.com.br\/noticias\/divinopolis\/proposta-de-zema-para-implantar-escolas-civico-militares-gera-debate-em-divinopolis\/\">https:\/\/www.sistemampa.com.br\/noticias\/divinopolis\/proposta-de-zema-para-implantar-escolas-civico-militares-gera-debate-em-divinopolis\/<\/a><\/span><\/p>\n<p><span><\/span><\/p>\n\n<p><span><strong><span>Uemg inaugura restaurante em Passos<\/span><\/strong><\/span><\/p>\n<p><span>Foi inaugurado na sexta-feira, 4, o Restaurante Universit\u00e1rio (RU) da Universidade do Estado de Minas Gerais &#8211; UEMG \u2013 de Passos. Com subs\u00eddio de cerca de R$ 13,6 milh\u00f5es do Governo do Estado ao longo de dois anos, o RU garantir\u00e1 alimenta\u00e7\u00e3o de qualidade e com pre\u00e7o acess\u00edvel, contribuindo para a dignidade dos estudantes, especialmente daqueles em situa\u00e7\u00e3o de vulnerabilidade. O equipamento tem capacidade para oferecer 1.800 refei\u00e7\u00f5es di\u00e1rias por apenas R$ 4,00, e de forma gratuita para os estudantes do Programa de Assist\u00eancia Estudantil. (Observo \u2013 Passos)<\/span><\/p>\n<p><span><a href=\"https:\/\/www.observo.com.br\/uemg-inaugura-restaurante-universitario-da-unidade-de-passos\">https:\/\/www.observo.com.br\/uemg-inaugura-restaurante-universitario-da-unidade-de-passos<\/a><\/span><\/p>\n<p><span><\/span><\/p>\n\n<p><span><strong><span>Centro faz projeto para 3 mil estudantes<\/span><\/strong><\/span><\/p>\n<p><span>A educa\u00e7\u00e3o ganha ainda mais for\u00e7a quando se alia \u00e0 responsabilidade social. Com esse prop\u00f3sito, o Centro Universit\u00e1rio do Planalto de Arax\u00e1 \u2013 Uniarax\u00e1, por meio de seu Projeto de Extens\u00e3o Universit\u00e1ria, idealizado pelo professor Ven\u00e2ncio Ferreira, promoveu uma importante iniciativa nas escolas p\u00fablicas das cidades vizinhas a Arax\u00e1. Entre os meses de abril e junho de 2025, mais de 3.469 estudantes foram beneficiados com servi\u00e7os na \u00e1rea da sa\u00fade e palestras abrangendo diversas \u00e1reas do conhecimento. (Clarin.net \u2013 Arax\u00e1)<\/span><\/p>\n<p><span><span><span><a href=\"https:\/\/clarim.net.br\/uniaraxa-leva-conhecimento-e-saude-a-mais-de-34-mil-estudantes-da-regiao\/\">https:\/\/clarim.net.br\/uniaraxa-leva-conhecimento-e-saude-a-mais-de-34-mil-estudantes-da-regiao\/<\/a><\/span><\/span><\/span><\/p>\n<p><span><span><span><\/span><\/span><\/span><\/p>\n\n<p><span><strong><span>Furto de ve\u00edculos cai em Uberl\u00e2ndia<\/span><\/strong><\/span><\/p>\n<p><span>Segundo dados da Secretaria de Seguran\u00e7a P\u00fablica de Minas Gerais (Sejusp\/MG), a quantidade de furtos de ve\u00edculos em Uberl\u00e2ndia caiu pelo terceiro ano seguido, quando analisados os meses de janeiro a abril. Entre 2022 e 2025, a cidade registrou uma queda de 22,7% no n\u00famero de ocorr\u00eancias. Enquanto em 2022 haviam sido furtados 527 ve\u00edculos na cidade, em 2023 o n\u00famero de ocorr\u00eancias foi de 441. J\u00e1 em 2024, os casos ca\u00edram para 437 e, neste ano, o munic\u00edpio computou 407 furtos durante o per\u00edodo de janeiro a abril. (Di\u00e1rio de Uberl\u00e2ndia)<\/span><\/p>\n<p><span><a href=\"https:\/\/diariodeuberlandia.com.br\/noticia\/38302\/furto-de-veiculos-cai-terceiro-ano-consecutivo\">https:\/\/diariodeuberlandia.com.br\/noticia\/38302\/furto-de-veiculos-cai-terceiro-ano-consecutivo<\/a><\/span><\/p>\n<p><span><\/span><\/p>\n\n<p>\u00a0<\/p>","protected":false},"excerpt":{"rendered":"<p>Foto: Arquivo DA COLUNA MG Principais destaques dos jornais e portais integrantes da rede Sindijori MG\u00a0 www.sindijorimg.com.br Morador em situa\u00e7\u00e3o de rua tem projeto A partir deste m\u00eas de julho, o munic\u00edpio de Ipatinga passa a contar com o programa \u201cDe volta para o lar\u201d, que tem como objetivo auxiliar pessoas em situa\u00e7\u00e3o de rua [&hellip;]<\/p>\n","protected":false},"author":0,"featured_media":30419,"comment_status":"open","ping_status":"open","sticky":false,"template":"","format":"standard","meta":{"rop_custom_images_group":[],"rop_custom_messages_group":[],"rop_publish_now":"initial","rop_publish_now_accounts":[],"rop_publish_now_history":[],"rop_publish_now_status":"pending","footnotes":""},"categories":[6745],"tags":[],"class_list":["post-30418","post","type-post","status-publish","format-standard","has-post-thumbnail","hentry","category-coluna-sindijori"],"_links":{"self":[{"href":"https:\/\/diariotribuna.com.br\/index.php?rest_route=\/wp\/v2\/posts\/30418"}],"collection":[{"href":"https:\/\/diariotribuna.com.br\/index.php?rest_route=\/wp\/v2\/posts"}],"about":[{"href":"https:\/\/diariotribuna.com.br\/index.php?rest_route=\/wp\/v2\/types\/post"}],"replies":[{"embeddable":true,"href":"https:\/\/diariotribuna.com.br\/index.php?rest_route=%2Fwp%2Fv2%2Fcomments&post=30418"}],"version-history":[{"count":0,"href":"https:\/\/diariotribuna.com.br\/index.php?rest_route=\/wp\/v2\/posts\/30418\/revisions"}],"wp:featuredmedia":[{"embeddable":true,"href":"https:\/\/diariotribuna.com.br\/index.php?rest_route=\/wp\/v2\/media\/30419"}],"wp:attachment":[{"href":"https:\/\/diariotribuna.com.br\/index.php?rest_route=%2Fwp%2Fv2%2Fmedia&parent=30418"}],"wp:term":[{"taxonomy":"category","embeddable":true,"href":"https:\/\/diariotribuna.com.br\/index.php?rest_route=%2Fwp%2Fv2%2Fcategories&post=30418"},{"taxonomy":"post_tag","embeddable":true,"href":"https:\/\/diariotribuna.com.br\/index.php?rest_route=%2Fwp%2Fv2%2Ftags&post=30418"}],"curies":[{"name":"wp","href":"https:\/\/api.w.org\/{rel}","templated":true}]}}