{"id":30424,"date":"2025-07-07T23:29:50","date_gmt":"2025-07-08T02:29:50","guid":{"rendered":"https:\/\/diariotribuna.com.br\/?p=30424"},"modified":"2025-07-07T23:29:51","modified_gmt":"2025-07-08T02:29:51","slug":"homem-e-preso-pela-policia-militar-na-operacao-agrogerais-em-jequitinhonha","status":"publish","type":"post","link":"https:\/\/diariotribuna.com.br\/?p=30424","title":{"rendered":"Homem \u00e9 preso pela Pol\u00edcia Militar na opera\u00e7\u00e3o Agrogerais em Jequitinhonha"},"content":{"rendered":"\n<figure class=\"wp-block-image size-full is-resized\"><img loading=\"lazy\" decoding=\"async\" width=\"700\" height=\"429\" src=\"https:\/\/diariotribuna.com.br\/wp-content\/uploads\/2025\/07\/Imagem-do-WhatsApp-de-2025-07-02-as-20.32.24_8e1f145e.jpg\" alt=\"\" class=\"wp-image-30425\" style=\"width:502px;height:auto\" srcset=\"https:\/\/diariotribuna.com.br\/wp-content\/uploads\/2025\/07\/Imagem-do-WhatsApp-de-2025-07-02-as-20.32.24_8e1f145e.jpg 700w, https:\/\/diariotribuna.com.br\/wp-content\/uploads\/2025\/07\/Imagem-do-WhatsApp-de-2025-07-02-as-20.32.24_8e1f145e-300x184.jpg 300w, https:\/\/diariotribuna.com.br\/wp-content\/uploads\/2025\/07\/Imagem-do-WhatsApp-de-2025-07-02-as-20.32.24_8e1f145e-696x427.jpg 696w, https:\/\/diariotribuna.com.br\/wp-content\/uploads\/2025\/07\/Imagem-do-WhatsApp-de-2025-07-02-as-20.32.24_8e1f145e-685x420.jpg 685w\" sizes=\"(max-width: 700px) 100vw, 700px\" \/><\/figure>\n\n\n\n<p>A Pol\u00edcia Militar realizou a opera\u00e7\u00e3o Agrogerais Segura, na ter\u00e7a-feira (1\/7), na rua Cipriano Faria, distrito de Guaranil\u00e2ndia, em Jequitinhonha, para dar cumprimento a um mandado de busca e apreens\u00e3o, na resid\u00eancia de um homem de 41 anos. Durante a dilig\u00eancia foram apreendidas 4 muni\u00e7\u00f5es de calibre 380, 21 pedras de crack, sendo o alvo da opera\u00e7\u00e3o preso em flagrante delito pelos crimes de tr\u00e1fico de drogas e posse ilegal de muni\u00e7\u00f5es.<\/p>\n\n\n\n<p>Tamb\u00e9m foram apreendidos, 1 aparelho celular e 1 c\u00e2mera de monitoramento, e uma testemunha acompanhou a a\u00e7\u00e3o dos militares. O homem foi conduzido \u00e0 delegacia de pol\u00edcia judici\u00e1ria para as medidas cab\u00edveis. <strong>Equipe: <\/strong>Capit\u00e3o Frederico. Sargentos Warley Jos\u00e9, Warley Pereira e Celso Mendes. Soldado Lucas Ferraz. A Opera\u00e7\u00e3o Agrogerais Segura \u00e9 uma iniciativa da Pol\u00edcia Militar de Minas Gerais que visa aumentar a seguran\u00e7a no campo. (Informa\u00e7\u00f5es\/ Foto: PMMG\/ Jequitinhonha).<\/p>\n","protected":false},"excerpt":{"rendered":"<p>A Pol\u00edcia Militar realizou a opera\u00e7\u00e3o Agrogerais Segura, na ter\u00e7a-feira (1\/7), na rua Cipriano Faria, distrito de Guaranil\u00e2ndia, em Jequitinhonha, para dar cumprimento a um mandado de busca e apreens\u00e3o, na resid\u00eancia de um homem de 41 anos. Durante a dilig\u00eancia foram apreendidas 4 muni\u00e7\u00f5es de calibre 380, 21 pedras de crack, sendo o alvo [&hellip;]<\/p>\n","protected":false},"author":1,"featured_media":30425,"comment_status":"open","ping_status":"open","sticky":false,"template":"","format":"standard","meta":{"rop_custom_images_group":[],"rop_custom_messages_group":[],"rop_publish_now":"initial","rop_publish_now_accounts":[],"rop_publish_now_history":[],"rop_publish_now_status":"pending","footnotes":""},"categories":[25,20],"tags":[297,7180,76,2484],"class_list":["post-30424","post","type-post","status-publish","format-standard","has-post-thumbnail","hentry","category-destaque","category-policia","tag-jequitinhonha","tag-operacao-agrogerais","tag-policia-militar","tag-um-preso"],"_links":{"self":[{"href":"https:\/\/diariotribuna.com.br\/index.php?rest_route=\/wp\/v2\/posts\/30424"}],"collection":[{"href":"https:\/\/diariotribuna.com.br\/index.php?rest_route=\/wp\/v2\/posts"}],"about":[{"href":"https:\/\/diariotribuna.com.br\/index.php?rest_route=\/wp\/v2\/types\/post"}],"author":[{"embeddable":true,"href":"https:\/\/diariotribuna.com.br\/index.php?rest_route=\/wp\/v2\/users\/1"}],"replies":[{"embeddable":true,"href":"https:\/\/diariotribuna.com.br\/index.php?rest_route=%2Fwp%2Fv2%2Fcomments&post=30424"}],"version-history":[{"count":1,"href":"https:\/\/diariotribuna.com.br\/index.php?rest_route=\/wp\/v2\/posts\/30424\/revisions"}],"predecessor-version":[{"id":30426,"href":"https:\/\/diariotribuna.com.br\/index.php?rest_route=\/wp\/v2\/posts\/30424\/revisions\/30426"}],"wp:featuredmedia":[{"embeddable":true,"href":"https:\/\/diariotribuna.com.br\/index.php?rest_route=\/wp\/v2\/media\/30425"}],"wp:attachment":[{"href":"https:\/\/diariotribuna.com.br\/index.php?rest_route=%2Fwp%2Fv2%2Fmedia&parent=30424"}],"wp:term":[{"taxonomy":"category","embeddable":true,"href":"https:\/\/diariotribuna.com.br\/index.php?rest_route=%2Fwp%2Fv2%2Fcategories&post=30424"},{"taxonomy":"post_tag","embeddable":true,"href":"https:\/\/diariotribuna.com.br\/index.php?rest_route=%2Fwp%2Fv2%2Ftags&post=30424"}],"curies":[{"name":"wp","href":"https:\/\/api.w.org\/{rel}","templated":true}]}}