{"id":30429,"date":"2025-07-08T12:38:10","date_gmt":"2025-07-08T15:38:10","guid":{"rendered":"https:\/\/diariotribuna.com.br\/?p=30429"},"modified":"2025-07-13T00:05:01","modified_gmt":"2025-07-13T03:05:01","slug":"operacao-da-pm-de-meio-ambiente-prende-chefe-de-trafico-em-itaobim","status":"publish","type":"post","link":"https:\/\/diariotribuna.com.br\/?p=30429","title":{"rendered":"Opera\u00e7\u00e3o da PM de Meio Ambiente prende chefe de tr\u00e1fico\u00a0em\u00a0Itaobim"},"content":{"rendered":"\n<figure class=\"wp-block-image size-full is-resized\"><img loading=\"lazy\" decoding=\"async\" width=\"700\" height=\"411\" src=\"https:\/\/diariotribuna.com.br\/wp-content\/uploads\/2025\/07\/1.jpg\" alt=\"\" class=\"wp-image-30430\" style=\"width:449px;height:auto\" srcset=\"https:\/\/diariotribuna.com.br\/wp-content\/uploads\/2025\/07\/1.jpg 700w, https:\/\/diariotribuna.com.br\/wp-content\/uploads\/2025\/07\/1-300x176.jpg 300w, https:\/\/diariotribuna.com.br\/wp-content\/uploads\/2025\/07\/1-696x409.jpg 696w\" sizes=\"(max-width: 700px) 100vw, 700px\" \/><\/figure>\n\n\n\n<p>Durante opera\u00e7\u00e3o conjunta da 3\u00aa Cia da Pol\u00edcia Militar de Meio Ambiente e militares do 70\u00ba Batalh\u00e3o, no domingo (6\/7), em Itaobim, que determinava patrulhamento ostensivo e preventivo nos bairros da cidade, visando a manuten\u00e7\u00e3o da ordem p\u00fablica e o enfrentamento de organiza\u00e7\u00f5es criminosas locais, as equipes deslocaram-se estrategicamente pela regi\u00e3o, com aten\u00e7\u00e3o especial \u00e0s \u00e1reas de recorrente incid\u00eancia criminal.<\/p>\n\n\n\n<p>Durante a opera\u00e7\u00e3o, foi recebida den\u00fancia an\u00f4nima, por moradores locais, que n\u00e3o quiseram se identificar com medo de repres\u00e1lia, indicando que tr\u00eas indiv\u00edduos armados estariam em uma ilha pr\u00f3xima ao per\u00edmetro urbano, supostamente portando drogas e armas de fogo, com comportamento suspeito de associa\u00e7\u00e3o para o tr\u00e1fico. A den\u00fancia apontava ainda os apelidos dos poss\u00edveis autores.<\/p>\n\n\n\n<p>Com as informa\u00e7\u00f5es recebidas e com as j\u00e1 levantadas pelo setor de intelig\u00eancia da PM, apontando a regi\u00e3o como ponto de oculta\u00e7\u00e3o de drogas e armamentos utilizados por fac\u00e7\u00f5es criminosas, as equipes foram at\u00e9 a referida ilha. Ao aproximar-se do local, viram tr\u00eas indiv\u00edduos com as caracter\u00edsticas denunciadas, que ao notarem a presen\u00e7a policial, abandonaram objetos e fugiram em dire\u00e7\u00e3o \u00e0 mata ciliar, n\u00e3o sendo poss\u00edvel a captura imediata deles.<\/p>\n\n\n\n<p>Durante buscas no local, ap\u00f3s isolamento da \u00e1rea e preserva\u00e7\u00e3o da cena, foram apreendidos: 3 espingardas de fabrica\u00e7\u00e3o artesanal, 2 pacotes pl\u00e1sticos com pinos vazios, 1 balan\u00e7a de precis\u00e3o, meio quilo de maconha, R$ 18,00, uma muni\u00e7\u00e3o intacta de calibre 380. Em continuidade \u00e0s dilig\u00eancias, as equipes receberam informa\u00e7\u00f5es relevantes, intensificaram o patrulhamento nos bairros pr\u00f3ximos, e na rua Maria Fernandes Carm\u00f4nio, centro, os policiais avistaram N.A.S. com outras duas pessoas. Os dois conseguiram correr, e ele n\u00e3o conseguiu, sendo preso.<\/p>\n\n\n\n<p>Segundo a PM, N.A.S. j\u00e1 tinha passagens policiais por amea\u00e7a, furto, entorpecente, e les\u00e3o corporal. Ele foi conduzido \u00e0 delegacia de pol\u00edcia judici\u00e1ria, com os materiais apreendidos. Os outros dois n\u00e3o foram alcan\u00e7ados, mas est\u00e3o identificados. <strong>Equipe 1:<\/strong> tenente Heberth Dias, sargentos Colares, Fernandes e Israel. <strong>Equipe 2: <\/strong>sargentos Versiani e Belli. <strong>Equipe 3:<\/strong> sargentos Vanzesso, Borges, Rafael e Orestes. <strong>Equipe 4: <\/strong>tenente Gild\u00e1sio e cabo Ramos. <strong>Supervis\u00e3o:<\/strong> capit\u00e3o Freire e sargento Diego. (Informa\u00e7\u00f5es\/Foto: tenente Heberth Dias, comandante da Pol\u00edcia Militar de Meio Ambiente do Vale do Jequitinhonha).<\/p>\n","protected":false},"excerpt":{"rendered":"<p>Durante opera\u00e7\u00e3o conjunta da 3\u00aa Cia da Pol\u00edcia Militar de Meio Ambiente e militares do 70\u00ba Batalh\u00e3o, no domingo (6\/7), em Itaobim, que determinava patrulhamento ostensivo e preventivo nos bairros da cidade, visando a manuten\u00e7\u00e3o da ordem p\u00fablica e o enfrentamento de organiza\u00e7\u00f5es criminosas locais, as equipes deslocaram-se estrategicamente pela regi\u00e3o, com aten\u00e7\u00e3o especial \u00e0s [&hellip;]<\/p>\n","protected":false},"author":1,"featured_media":30430,"comment_status":"open","ping_status":"open","sticky":false,"template":"","format":"standard","meta":{"rop_custom_images_group":[],"rop_custom_messages_group":[],"rop_publish_now":"initial","rop_publish_now_accounts":[],"rop_publish_now_history":[],"rop_publish_now_status":"pending","footnotes":""},"categories":[20],"tags":[5245,387,80,6459,739,2484],"class_list":["post-30429","post","type-post","status-publish","format-standard","has-post-thumbnail","hentry","category-policia","tag-arma","tag-itaobim","tag-operacao","tag-pm-meio-ambiente","tag-trafico-de-drogas","tag-um-preso"],"_links":{"self":[{"href":"https:\/\/diariotribuna.com.br\/index.php?rest_route=\/wp\/v2\/posts\/30429"}],"collection":[{"href":"https:\/\/diariotribuna.com.br\/index.php?rest_route=\/wp\/v2\/posts"}],"about":[{"href":"https:\/\/diariotribuna.com.br\/index.php?rest_route=\/wp\/v2\/types\/post"}],"author":[{"embeddable":true,"href":"https:\/\/diariotribuna.com.br\/index.php?rest_route=\/wp\/v2\/users\/1"}],"replies":[{"embeddable":true,"href":"https:\/\/diariotribuna.com.br\/index.php?rest_route=%2Fwp%2Fv2%2Fcomments&post=30429"}],"version-history":[{"count":5,"href":"https:\/\/diariotribuna.com.br\/index.php?rest_route=\/wp\/v2\/posts\/30429\/revisions"}],"predecessor-version":[{"id":30436,"href":"https:\/\/diariotribuna.com.br\/index.php?rest_route=\/wp\/v2\/posts\/30429\/revisions\/30436"}],"wp:featuredmedia":[{"embeddable":true,"href":"https:\/\/diariotribuna.com.br\/index.php?rest_route=\/wp\/v2\/media\/30430"}],"wp:attachment":[{"href":"https:\/\/diariotribuna.com.br\/index.php?rest_route=%2Fwp%2Fv2%2Fmedia&parent=30429"}],"wp:term":[{"taxonomy":"category","embeddable":true,"href":"https:\/\/diariotribuna.com.br\/index.php?rest_route=%2Fwp%2Fv2%2Fcategories&post=30429"},{"taxonomy":"post_tag","embeddable":true,"href":"https:\/\/diariotribuna.com.br\/index.php?rest_route=%2Fwp%2Fv2%2Ftags&post=30429"}],"curies":[{"name":"wp","href":"https:\/\/api.w.org\/{rel}","templated":true}]}}