{"id":30443,"date":"2025-07-09T09:13:35","date_gmt":"2025-07-09T12:13:35","guid":{"rendered":"https:\/\/diariotribuna.com.br\/?p=30443"},"modified":"2025-07-09T09:13:35","modified_gmt":"2025-07-09T12:13:35","slug":"bocaina-de-minas-agora-faz-parte-da-amm-que-chega-a-825-municipios-afiliados","status":"publish","type":"post","link":"https:\/\/diariotribuna.com.br\/?p=30443","title":{"rendered":"Bocaina de Minas agora faz parte da AMM, que chega a 825 munic\u00edpios afiliados\u00a0"},"content":{"rendered":"<p class=\"MsoNormal\"><span>AMM | Divulga\u00e7\u00e3o<\/span><span><\/span><\/p>\n<p><span><\/span><\/p>\n<p>A <a href=\"https:\/\/portalamm.com\/\">Associa\u00e7\u00e3o Mineira de Munic\u00edpios (AMM)<\/a> celebra a filia\u00e7\u00e3o de mais uma cidade \u00e0 entidade: <strong>Bocaina de Minas<\/strong>, localizada no Sul do estado. Com essa ades\u00e3o, a AMM alcan\u00e7a <strong>825 munic\u00edpios filiados<\/strong>, ampliando ainda mais a representatividade do movimento municipalista em Minas Gerais.<\/p>\n<p>A nova filia\u00e7\u00e3o integra uma a\u00e7\u00e3o especial conduzida pela AMM, por meio da <strong>Escola de Gest\u00e3o Municipalista (EGM)<\/strong>, da \u00e1rea <strong>Comercial e de Servi\u00e7os<\/strong>, com o objetivo de expandir a cobertura institucional da entidade junto aos munic\u00edpios ainda n\u00e3o associados. O trabalho tem sido liderado pelo <strong>coordenador Rodrigo L\u00e1zaro<\/strong>, que tem percorrido diversas regi\u00f5es do estado em visitas t\u00e9cnicas e institucionais, apresentando os benef\u00edcios da ades\u00e3o \u00e0 AMM.<\/p>\n<p>\u201cNosso compromisso \u00e9 fazer com que todos os gestores conhe\u00e7am a for\u00e7a da AMM, seus servi\u00e7os e o apoio t\u00e9cnico que prestamos aos munic\u00edpios. A cada visita, refor\u00e7amos a import\u00e2ncia da entidade na luta por melhores condi\u00e7\u00f5es para os prefeitos e prefeitas, especialmente diante dos desafios da gest\u00e3o p\u00fablica municipal\u201d, destaca Rodrigo L\u00e1zaro.<\/p>\n<p>O <strong>presidente da AMM e prefeito de Patos de Minas, Lu\u00eds Eduardo Falc\u00e3o<\/strong>, comemorou a chegada de Bocaina de Minas e refor\u00e7ou a import\u00e2ncia da uni\u00e3o entre os munic\u00edpios mineiros:<\/p>\n<p>\u201c\u00c9 motivo de orgulho ver mais uma cidade confiar no trabalho da AMM. A chegada de Bocaina de Minas mostra que estamos no caminho certo: levando apoio, qualifica\u00e7\u00e3o e representatividade a todas as regi\u00f5es do estado. Seguiremos trabalhando para que <strong>100% dos munic\u00edpios mineiros<\/strong> estejam conosco\u201d, afirmou Falc\u00e3o.<\/p>\n\n<p>Com mais de <strong>70 anos de atua\u00e7\u00e3o<\/strong>, a AMM se consolida como a principal refer\u00eancia em <strong>suporte t\u00e9cnico, jur\u00eddico e pol\u00edtico<\/strong> \u00e0s gest\u00f5es municipais. Com a filia\u00e7\u00e3o de Bocaina de Minas, a associa\u00e7\u00e3o reafirma sua miss\u00e3o de estar <strong>cada vez mais pr\u00f3xima dos gestores<\/strong>, promovendo o fortalecimento do municipalismo em Minas Gerais.<\/p>\n<p>\u00a0<\/p>","protected":false},"excerpt":{"rendered":"<p>AMM | Divulga\u00e7\u00e3o A Associa\u00e7\u00e3o Mineira de Munic\u00edpios (AMM) celebra a filia\u00e7\u00e3o de mais uma cidade \u00e0 entidade: Bocaina de Minas, localizada no Sul do estado. Com essa ades\u00e3o, a AMM alcan\u00e7a 825 munic\u00edpios filiados, ampliando ainda mais a representatividade do movimento municipalista em Minas Gerais. A nova filia\u00e7\u00e3o integra uma a\u00e7\u00e3o especial conduzida pela [&hellip;]<\/p>\n","protected":false},"author":0,"featured_media":30444,"comment_status":"open","ping_status":"open","sticky":false,"template":"","format":"standard","meta":{"rop_custom_images_group":[],"rop_custom_messages_group":[],"rop_publish_now":"initial","rop_publish_now_accounts":[],"rop_publish_now_history":[],"rop_publish_now_status":"pending","footnotes":""},"categories":[6745],"tags":[],"class_list":["post-30443","post","type-post","status-publish","format-standard","has-post-thumbnail","hentry","category-coluna-sindijori"],"_links":{"self":[{"href":"https:\/\/diariotribuna.com.br\/index.php?rest_route=\/wp\/v2\/posts\/30443"}],"collection":[{"href":"https:\/\/diariotribuna.com.br\/index.php?rest_route=\/wp\/v2\/posts"}],"about":[{"href":"https:\/\/diariotribuna.com.br\/index.php?rest_route=\/wp\/v2\/types\/post"}],"replies":[{"embeddable":true,"href":"https:\/\/diariotribuna.com.br\/index.php?rest_route=%2Fwp%2Fv2%2Fcomments&post=30443"}],"version-history":[{"count":0,"href":"https:\/\/diariotribuna.com.br\/index.php?rest_route=\/wp\/v2\/posts\/30443\/revisions"}],"wp:featuredmedia":[{"embeddable":true,"href":"https:\/\/diariotribuna.com.br\/index.php?rest_route=\/wp\/v2\/media\/30444"}],"wp:attachment":[{"href":"https:\/\/diariotribuna.com.br\/index.php?rest_route=%2Fwp%2Fv2%2Fmedia&parent=30443"}],"wp:term":[{"taxonomy":"category","embeddable":true,"href":"https:\/\/diariotribuna.com.br\/index.php?rest_route=%2Fwp%2Fv2%2Fcategories&post=30443"},{"taxonomy":"post_tag","embeddable":true,"href":"https:\/\/diariotribuna.com.br\/index.php?rest_route=%2Fwp%2Fv2%2Ftags&post=30443"}],"curies":[{"name":"wp","href":"https:\/\/api.w.org\/{rel}","templated":true}]}}