{"id":30453,"date":"2025-07-10T16:23:15","date_gmt":"2025-07-10T19:23:15","guid":{"rendered":"https:\/\/diariotribuna.com.br\/?p=30453"},"modified":"2025-07-10T16:23:15","modified_gmt":"2025-07-10T19:23:15","slug":"minas-participa-de-levantamento-nacional-de-riscos-para-o-agro","status":"publish","type":"post","link":"https:\/\/diariotribuna.com.br\/?p=30453","title":{"rendered":"Minas participa de levantamento nacional de riscos para o agro\u00a0"},"content":{"rendered":"<p class=\"MsoNormal\"><span>FAEMG SENAR | Divulga\u00e7\u00e3o<\/span><\/p>\n<p><span><\/span><span><\/span><span><\/span><span><\/span><span><\/span><span><\/span><\/p>\n<p><strong>Sistema Faemg Senar sediou reuni\u00e3o do Projeto \u00cdndice AGIR<\/strong><\/p>\n<p>Minas Gerais \u00e9 um dos estados a integrar as discuss\u00f5es presenciais do <strong>Projeto \u00cdndice AGIR \u2013 Agrogest\u00e3o Integrada de Riscos<\/strong>, iniciativa que busca mapear e mensurar os principais riscos enfrentados pela agropecu\u00e1ria brasileira. A reuni\u00e3o foi realizada nesta quarta-feira (9\/7), na sede do <strong>Sistema Faemg Senar<\/strong>, em Belo Horizonte, e reuniu entidades de pesquisa, extens\u00e3o rural, representantes do setor produtivo e institui\u00e7\u00f5es financeiras.<\/p>\n<p>O projeto \u00e9 conduzido por pesquisadores da <strong>Universidade Federal do Paran\u00e1 (UFPR)<\/strong>, em parceria com a <strong>ESALQ\/USP<\/strong>, e foi idealizado pelo <strong>Banco Mundial<\/strong> e pelo <strong>Minist\u00e9rio da Agricultura e Pecu\u00e1ria (Mapa)<\/strong>. O objetivo \u00e9 desenvolver uma metodologia in\u00e9dita para criar um <strong>\u00edndice nacional de confian\u00e7a do agroneg\u00f3cio<\/strong>, al\u00e9m de indicadores regionais, levando em conta os diferentes contextos e a percep\u00e7\u00e3o de diversos atores do setor.<\/p>\n<p>Segundo o professor <strong>Gilson Martins<\/strong>, da UFPR e um dos coordenadores do projeto, a proposta vai al\u00e9m dos riscos clim\u00e1ticos e incorpora tamb\u00e9m fatores como <strong>mercado, cr\u00e9dito, log\u00edstica, armazenagem, infraestrutura e instabilidades pol\u00edticas<\/strong>.<\/p>\n<p>\u201cO projeto quer oferecer um verdadeiro term\u00f4metro da vida no campo, para embasar alternativas mais eficazes de gest\u00e3o de riscos\u201d, afirmou.<\/p>\n<p>O vice-presidente do Sistema Faemg Senar, <strong>Ebinho Bernardes<\/strong>, ressaltou a import\u00e2ncia da participa\u00e7\u00e3o de Minas Gerais.<\/p>\n<p>\u201cNosso estado \u00e9 uma refer\u00eancia nacional no agro. \u00c9 essencial garantir que essa diversidade esteja refletida no levantamento de riscos\u201d, destacou.<\/p>\n<h3><strong>As principais demandas do produtor<\/strong><\/h3>\n<p>Durante o encontro, foram debatidos temas como <strong>acesso ao cr\u00e9dito<\/strong>, amplia\u00e7\u00e3o de seguros mais abrangentes, <strong>gargalos log\u00edsticos<\/strong>, <strong>problemas de infraestrutura<\/strong>, <strong>seguran\u00e7a p\u00fablica<\/strong>, <strong>regulariza\u00e7\u00e3o da produ\u00e7\u00e3o<\/strong>, regulamenta\u00e7\u00f5es e <strong>desafios socioambientais<\/strong>.<\/p>\n<p>A <strong>assessora t\u00e9cnica do Sistema Faemg Senar<\/strong>, <strong>Aline Veloso<\/strong>, explicou que a atua\u00e7\u00e3o com a assist\u00eancia t\u00e9cnica e as comiss\u00f5es tem\u00e1ticas proporciona uma vis\u00e3o precisa da realidade rural mineira:<\/p>\n<p>\u201cEsse evento presencial possibilita uma vis\u00e3o geral sobre o estado, a partir do olhar das institui\u00e7\u00f5es presentes. A partir disso, vamos complementar com informa\u00e7\u00f5es coletadas diretamente com produtores e t\u00e9cnicos. O resultado ser\u00e1 essencial para embasar nossas reivindica\u00e7\u00f5es e a\u00e7\u00f5es futuras.\u201d<\/p>\n<h3><strong>Pr\u00f3ximas etapas<\/strong><\/h3>\n<p>O trabalho ser\u00e1 realizado em <strong>duas fases<\/strong>:<\/p>\n<p>A <strong>primeira<\/strong>, com foco qualitativo, segue at\u00e9 o fim de julho, por meio de entrevistas e encontros com representantes do setor.<\/p>\n<p>A <strong>segunda etapa<\/strong>, prevista para come\u00e7ar em agosto e seguir at\u00e9 fevereiro de 2026, consistir\u00e1 na <strong>aplica\u00e7\u00e3o de question\u00e1rios em todas as regi\u00f5es do pa\u00eds<\/strong>.<\/p>\n\n<p>O <strong>Projeto \u00cdndice AGIR<\/strong> ser\u00e1 expandido nacionalmente e dever\u00e1 subsidiar <strong>pol\u00edticas p\u00fablicas eficazes<\/strong> nos \u00e2mbitos <strong>estadual e federal<\/strong>, contribuindo com uma vis\u00e3o ampla e fundamentada da realidade do produtor rural brasileiro.<\/p>\n<p>\u00a0<\/p>","protected":false},"excerpt":{"rendered":"<p>FAEMG SENAR | Divulga\u00e7\u00e3o Sistema Faemg Senar sediou reuni\u00e3o do Projeto \u00cdndice AGIR Minas Gerais \u00e9 um dos estados a integrar as discuss\u00f5es presenciais do Projeto \u00cdndice AGIR \u2013 Agrogest\u00e3o Integrada de Riscos, iniciativa que busca mapear e mensurar os principais riscos enfrentados pela agropecu\u00e1ria brasileira. A reuni\u00e3o foi realizada nesta quarta-feira (9\/7), na sede [&hellip;]<\/p>\n","protected":false},"author":0,"featured_media":30454,"comment_status":"open","ping_status":"open","sticky":false,"template":"","format":"standard","meta":{"rop_custom_images_group":[],"rop_custom_messages_group":[],"rop_publish_now":"initial","rop_publish_now_accounts":[],"rop_publish_now_history":[],"rop_publish_now_status":"pending","footnotes":""},"categories":[6745],"tags":[],"class_list":["post-30453","post","type-post","status-publish","format-standard","has-post-thumbnail","hentry","category-coluna-sindijori"],"_links":{"self":[{"href":"https:\/\/diariotribuna.com.br\/index.php?rest_route=\/wp\/v2\/posts\/30453"}],"collection":[{"href":"https:\/\/diariotribuna.com.br\/index.php?rest_route=\/wp\/v2\/posts"}],"about":[{"href":"https:\/\/diariotribuna.com.br\/index.php?rest_route=\/wp\/v2\/types\/post"}],"replies":[{"embeddable":true,"href":"https:\/\/diariotribuna.com.br\/index.php?rest_route=%2Fwp%2Fv2%2Fcomments&post=30453"}],"version-history":[{"count":0,"href":"https:\/\/diariotribuna.com.br\/index.php?rest_route=\/wp\/v2\/posts\/30453\/revisions"}],"wp:featuredmedia":[{"embeddable":true,"href":"https:\/\/diariotribuna.com.br\/index.php?rest_route=\/wp\/v2\/media\/30454"}],"wp:attachment":[{"href":"https:\/\/diariotribuna.com.br\/index.php?rest_route=%2Fwp%2Fv2%2Fmedia&parent=30453"}],"wp:term":[{"taxonomy":"category","embeddable":true,"href":"https:\/\/diariotribuna.com.br\/index.php?rest_route=%2Fwp%2Fv2%2Fcategories&post=30453"},{"taxonomy":"post_tag","embeddable":true,"href":"https:\/\/diariotribuna.com.br\/index.php?rest_route=%2Fwp%2Fv2%2Ftags&post=30453"}],"curies":[{"name":"wp","href":"https:\/\/api.w.org\/{rel}","templated":true}]}}