{"id":30455,"date":"2025-07-10T20:55:22","date_gmt":"2025-07-10T23:55:22","guid":{"rendered":"https:\/\/diariotribuna.com.br\/?p=30455"},"modified":"2025-07-10T20:55:22","modified_gmt":"2025-07-10T23:55:22","slug":"fiemg-defende-dialogo-entre-brasil-e-eua-para-buscar-solucao-sobre-tarifas","status":"publish","type":"post","link":"https:\/\/diariotribuna.com.br\/?p=30455","title":{"rendered":"FIEMG defende di\u00e1logo entre Brasil e EUA para buscar solu\u00e7\u00e3o sobre tarifas\u00a0"},"content":{"rendered":"<p class=\"MsoNormal\"><span>SISTEMA FIEMG | Divulga\u00e7\u00e3o<\/span><span><\/span><\/p>\n<p><span><\/span><span><\/span><\/p>\n\n<h3><span>Em entrevista coletiva concedida nesta quinta-feira (10\/7), o presidente da Federa\u00e7\u00e3o das Ind\u00fastrias do Estado de Minas Gerais (FIEMG), Fl\u00e1vio Roscoe, defendeu um amplo processo de negocia\u00e7\u00e3o entre os governos do Brasil e dos Estados Unidos, com o objetivo de reverter a nova tarifa de 50% imposta sobre produtos brasileiros. Segundo ele, <\/span><strong>a coopera\u00e7\u00e3o diplom\u00e1tica, e n\u00e3o a retalia\u00e7\u00e3o, \u00e9 o caminho mais eficaz para enfrentar o impasse<\/strong><span>.<\/span><\/h3>\n<p>\u201cA tarifa americana n\u00e3o gera impacto inflacion\u00e1rio no Brasil. Pelo contr\u00e1rio, pode at\u00e9 ter efeito deflacion\u00e1rio, com parte dos produtos sendo absorvidos pelo mercado interno. J\u00e1 a reciprocidade na taxa\u00e7\u00e3o tem potencial para gerar press\u00e3o inflacion\u00e1ria sobre a economia brasileira\u201d, alertou Roscoe.<\/p>\n<p>Entre os setores mais atingidos, destaca-se a <strong>siderurgia<\/strong>, que j\u00e1 enfrenta uma crise provocada pelo excesso de exporta\u00e7\u00f5es da China. No entanto, Roscoe acredita que o <strong>caf\u00e9 brasileiro<\/strong>, por sua dimens\u00e3o e caracter\u00edsticas, pode ter mais facilidade em encontrar novos mercados.<\/p>\n<p>Roscoe enfatizou que os Estados Unidos s\u00e3o um <strong>parceiro estrat\u00e9gico do Brasil<\/strong> e, no caso de Minas Gerais, representam o <strong>principal destino das exporta\u00e7\u00f5es da ind\u00fastria de transforma\u00e7\u00e3o<\/strong>. Segundo ele, <strong>a manuten\u00e7\u00e3o da tarifa extra compromete as vendas de produtos de maior valor agregado<\/strong>, que podem encontrar dificuldade em reposicionar-se globalmente. \u201cV\u00e1rios outros produtos industrializados brasileiros j\u00e1 enfrentam forte concorr\u00eancia internacional, principalmente da China e de outros pa\u00edses\u201d, destacou.<\/p>\n<p>Diante do atual cen\u00e1rio de <strong>reorganiza\u00e7\u00e3o geopol\u00edtica e tens\u00f5es entre EUA e China<\/strong>, o presidente da FIEMG reiterou a import\u00e2ncia de o Brasil manter <strong>uma postura neutra e t\u00e9cnica<\/strong>.<\/p>\n<p>\u201cOs Estados Unidos s\u00e3o um parceiro tradicional. Do ponto de vista geogr\u00e1fico e econ\u00f4mico, faz todo o sentido que nossas economias mantenham um fluxo comercial ativo e complementar. Na nossa vis\u00e3o, ambos os pa\u00edses perdem com o acirramento das barreiras.\u201d<\/p>\n<p><strong>Rafael Passos<\/strong><br \/>Imprensa FIEMG<\/p>\n\n<p><strong>Leia mais:<\/strong><\/p>\n<p><strong><a href=\"https:\/\/drive.google.com\/drive\/folders\/117M7UFHH8qKxP38SkUNeM6Qj4uIMBR-i\">. Clique aqui para baixar os arquivos de \u00e1udio e v\u00eddeo da coletiva<\/a><\/strong><br \/><a href=\"https:\/\/www.fiemg.com.br\/noticias\/nota-oficial-posicionamento-da-fiemg-sobre-a-taxacao-de-produtos-brasileiros\/\"><strong>. Nota Oficial \u2013 Posicionamento da FIEMG sobre a taxa\u00e7\u00e3o de produtos brasileiros<\/strong><\/a><br \/><a href=\"\/\/www.fiemg.com.br\/wp-content\/uploads\/2025\/07\/tarifa_brasil_eua.pdf\"><strong>. Clique aqui e confira os produtos exportados de MG aos EUA e as taxas aplicadas \u2013 janeiro a junho de 2025<\/strong><\/a><br \/><a href=\"https:\/\/www.flickr.com\/photos\/sistemafiemg\/albums\/72177720327450496\/with\/54646254241\"><strong>. Veja mais fotos da entrevista coletiva<\/strong><\/a><\/p>\n\n\n<p>\u00a0<\/p>","protected":false},"excerpt":{"rendered":"<p>SISTEMA FIEMG | Divulga\u00e7\u00e3o Em entrevista coletiva concedida nesta quinta-feira (10\/7), o presidente da Federa\u00e7\u00e3o das Ind\u00fastrias do Estado de Minas Gerais (FIEMG), Fl\u00e1vio Roscoe, defendeu um amplo processo de negocia\u00e7\u00e3o entre os governos do Brasil e dos Estados Unidos, com o objetivo de reverter a nova tarifa de 50% imposta sobre produtos brasileiros. Segundo [&hellip;]<\/p>\n","protected":false},"author":0,"featured_media":30456,"comment_status":"open","ping_status":"open","sticky":false,"template":"","format":"standard","meta":{"rop_custom_images_group":[],"rop_custom_messages_group":[],"rop_publish_now":"initial","rop_publish_now_accounts":[],"rop_publish_now_history":[],"rop_publish_now_status":"pending","footnotes":""},"categories":[6745],"tags":[],"class_list":["post-30455","post","type-post","status-publish","format-standard","has-post-thumbnail","hentry","category-coluna-sindijori"],"_links":{"self":[{"href":"https:\/\/diariotribuna.com.br\/index.php?rest_route=\/wp\/v2\/posts\/30455"}],"collection":[{"href":"https:\/\/diariotribuna.com.br\/index.php?rest_route=\/wp\/v2\/posts"}],"about":[{"href":"https:\/\/diariotribuna.com.br\/index.php?rest_route=\/wp\/v2\/types\/post"}],"replies":[{"embeddable":true,"href":"https:\/\/diariotribuna.com.br\/index.php?rest_route=%2Fwp%2Fv2%2Fcomments&post=30455"}],"version-history":[{"count":0,"href":"https:\/\/diariotribuna.com.br\/index.php?rest_route=\/wp\/v2\/posts\/30455\/revisions"}],"wp:featuredmedia":[{"embeddable":true,"href":"https:\/\/diariotribuna.com.br\/index.php?rest_route=\/wp\/v2\/media\/30456"}],"wp:attachment":[{"href":"https:\/\/diariotribuna.com.br\/index.php?rest_route=%2Fwp%2Fv2%2Fmedia&parent=30455"}],"wp:term":[{"taxonomy":"category","embeddable":true,"href":"https:\/\/diariotribuna.com.br\/index.php?rest_route=%2Fwp%2Fv2%2Fcategories&post=30455"},{"taxonomy":"post_tag","embeddable":true,"href":"https:\/\/diariotribuna.com.br\/index.php?rest_route=%2Fwp%2Fv2%2Ftags&post=30455"}],"curies":[{"name":"wp","href":"https:\/\/api.w.org\/{rel}","templated":true}]}}