{"id":30476,"date":"2025-07-12T20:38:20","date_gmt":"2025-07-12T23:38:20","guid":{"rendered":"https:\/\/diariotribuna.com.br\/?p=30476"},"modified":"2025-07-12T20:58:43","modified_gmt":"2025-07-12T23:58:43","slug":"tcemg-apresenta-programa-de-aceleracao-do-crescimento-dos-controles-internos-municipais-na-amuc","status":"publish","type":"post","link":"https:\/\/diariotribuna.com.br\/?p=30476","title":{"rendered":"TCEMG apresenta Programa de Acelera\u00e7\u00e3o do Crescimento dos Controles Internos Municipais na AMUC"},"content":{"rendered":"\n<figure class=\"wp-block-image size-full is-resized\"><img loading=\"lazy\" decoding=\"async\" width=\"700\" height=\"408\" src=\"https:\/\/diariotribuna.com.br\/wp-content\/uploads\/2025\/07\/5.jpg\" alt=\"\" class=\"wp-image-30477\" style=\"width:533px;height:auto\" srcset=\"https:\/\/diariotribuna.com.br\/wp-content\/uploads\/2025\/07\/5.jpg 700w, https:\/\/diariotribuna.com.br\/wp-content\/uploads\/2025\/07\/5-300x175.jpg 300w, https:\/\/diariotribuna.com.br\/wp-content\/uploads\/2025\/07\/5-696x406.jpg 696w\" sizes=\"(max-width: 700px) 100vw, 700px\" \/><figcaption class=\"wp-element-caption\"><strong>Presen\u00e7a de prefeitos e corregedores internos dos munic\u00edpios associados \u00e0 AMUC<\/strong><\/figcaption><\/figure>\n\n\n\n<p>O Tribunal de Contas do Estado de Minas Gerais (TCEMG), juntamente com a Associa\u00e7\u00e3o dos Munic\u00edpios da Microrregi\u00e3o do Vale do Mucuri \u2013 AMUC, realizou evento na manh\u00e3 de quinta-feira, 10 de julho de 2025, na sede da Associa\u00e7\u00e3o, com a finalidade de passar orienta\u00e7\u00f5es e esclarecimentos aos prefeitos e controladores dos munic\u00edpios da regi\u00e3o sobre o Programa de Acelera\u00e7\u00e3o do Crescimento dos Controles Internos Municipais. Este programa tem por objetivo capacitar e fortalecer?\u00f3rg\u00e3os de controles internos municipais do semi\u00e1rido mineiro, nos aspectos de ?transpar\u00eancia, gest\u00e3o de riscos nas contrata\u00e7\u00f5es e acompanhamento das pol\u00edticas p\u00fablicas.<\/p>\n\n\n\n<figure class=\"wp-block-image size-full is-resized\"><img loading=\"lazy\" decoding=\"async\" width=\"700\" height=\"437\" src=\"https:\/\/diariotribuna.com.br\/wp-content\/uploads\/2025\/07\/2-1.jpg\" alt=\"\" class=\"wp-image-30479\" style=\"width:539px;height:auto\" srcset=\"https:\/\/diariotribuna.com.br\/wp-content\/uploads\/2025\/07\/2-1.jpg 700w, https:\/\/diariotribuna.com.br\/wp-content\/uploads\/2025\/07\/2-1-300x187.jpg 300w, https:\/\/diariotribuna.com.br\/wp-content\/uploads\/2025\/07\/2-1-696x435.jpg 696w, https:\/\/diariotribuna.com.br\/wp-content\/uploads\/2025\/07\/2-1-673x420.jpg 673w\" sizes=\"(max-width: 700px) 100vw, 700px\" \/><figcaption class=\"wp-element-caption\"><strong>Presidente da AMUC e prefeito de Te\u00f3filo Otoni, F\u00e1bio Marinho dos Santos<\/strong><\/figcaption><\/figure>\n\n\n\n<p><strong>O presidente da AMUC e prefeito de Te\u00f3filo Otoni, F\u00e1bio Marinho dos Santos <\/strong>disse que, no dia a dia das prefeituras, v\u00e1rios documentos, v\u00e1rios processos, passam por uma avalia\u00e7\u00e3o das controladorias, e se os gestores n\u00e3o tiverem a capacidade t\u00e9cnica para fazer uma an\u00e1lise desses documentos, os munic\u00edpios acabam tendo problema na hora de realizarem as suas presta\u00e7\u00f5es de contas. Por esse motivo, ele fez contato com o Tribunal de Contas, atrav\u00e9s da AMUC, para realizar essa capacita\u00e7\u00e3o.<\/p>\n\n\n\n<p>\u201c\u00c9 a primeira de v\u00e1rias outras que a gente pretende realizar para os munic\u00edpios que integram a AMUC, porque sabemos da necessidade\u201d, disse Marinho, explicando que as prefeituras da regi\u00e3o s\u00e3o de pequeno e m\u00e9dio porte, como \u00e9 o caso de Te\u00f3filo Otoni, e \u00e9 preciso ter essas orienta\u00e7\u00f5es para evitar problemas futuros, n\u00e3o s\u00f3 para os servidores, como tamb\u00e9m para os gestores.<\/p>\n\n\n\n<figure class=\"wp-block-image size-large is-resized\"><img loading=\"lazy\" decoding=\"async\" width=\"1024\" height=\"642\" src=\"https:\/\/diariotribuna.com.br\/wp-content\/uploads\/2025\/07\/6-1024x642.jpg\" alt=\"\" class=\"wp-image-30480\" style=\"width:556px;height:auto\" srcset=\"https:\/\/diariotribuna.com.br\/wp-content\/uploads\/2025\/07\/6-1024x642.jpg 1024w, https:\/\/diariotribuna.com.br\/wp-content\/uploads\/2025\/07\/6-300x188.jpg 300w, https:\/\/diariotribuna.com.br\/wp-content\/uploads\/2025\/07\/6-768x481.jpg 768w, https:\/\/diariotribuna.com.br\/wp-content\/uploads\/2025\/07\/6-1536x962.jpg 1536w, https:\/\/diariotribuna.com.br\/wp-content\/uploads\/2025\/07\/6-2048x1283.jpg 2048w, https:\/\/diariotribuna.com.br\/wp-content\/uploads\/2025\/07\/6-696x436.jpg 696w, https:\/\/diariotribuna.com.br\/wp-content\/uploads\/2025\/07\/6-1068x669.jpg 1068w, https:\/\/diariotribuna.com.br\/wp-content\/uploads\/2025\/07\/6-670x420.jpg 670w\" sizes=\"(max-width: 1024px) 100vw, 1024px\" \/><figcaption class=\"wp-element-caption\"><strong>O controlador interno do Tribunal de Contas\/MG, dr. Henrique Quites<\/strong><\/figcaption><\/figure>\n\n\n\n<p><strong>O controlador interno do TCEMG, Dr. Henrique Quites<\/strong> esteve presente na AMUC, e informou que iria apresentar aos participantes algumas a\u00e7\u00f5es de parceria do Tribunal, especialmente com os controles internos municipais, envolvendo a Controladoria do Tribunal de Contas e os Controles Internos das prefeituras.<\/p>\n\n\n\n<p>\u201cA gente vai lan\u00e7ar, em especial, um Programa de Acelera\u00e7\u00e3o de Crescimento dos Controles Internos Municipais, para auxiliar as controladorias dos munic\u00edpios durante um ano, com a\u00e7\u00f5es de mentoria, capacita\u00e7\u00e3o, workshop e reuni\u00e3o com especialistas\u201d, disse o Dr. Henrique, ressaltando que vai acompanhar esses controles internos que tenham interesse em se cadastrar no programa, durante um ano, e auxiliar na estrutura\u00e7\u00e3o desses controles internos municipais.<\/p>\n\n\n\n<figure class=\"wp-block-gallery has-nested-images columns-1 is-cropped wp-block-gallery-1 is-layout-flex wp-block-gallery-is-layout-flex\">\n<figure class=\"wp-block-image size-large\"><img loading=\"lazy\" decoding=\"async\" width=\"700\" height=\"431\" data-id=\"30484\" src=\"https:\/\/diariotribuna.com.br\/wp-content\/uploads\/2025\/07\/3-1.jpg\" alt=\"\" class=\"wp-image-30484\" srcset=\"https:\/\/diariotribuna.com.br\/wp-content\/uploads\/2025\/07\/3-1.jpg 700w, https:\/\/diariotribuna.com.br\/wp-content\/uploads\/2025\/07\/3-1-300x185.jpg 300w, https:\/\/diariotribuna.com.br\/wp-content\/uploads\/2025\/07\/3-1-356x220.jpg 356w, https:\/\/diariotribuna.com.br\/wp-content\/uploads\/2025\/07\/3-1-696x429.jpg 696w, https:\/\/diariotribuna.com.br\/wp-content\/uploads\/2025\/07\/3-1-682x420.jpg 682w\" sizes=\"(max-width: 700px) 100vw, 700px\" \/><figcaption class=\"wp-element-caption\"><strong>Evento foi realizado na sede da AMUC<\/strong><\/figcaption><\/figure>\n\n\n\n<figure class=\"wp-block-image size-large\"><img loading=\"lazy\" decoding=\"async\" width=\"700\" height=\"417\" data-id=\"30487\" src=\"https:\/\/diariotribuna.com.br\/wp-content\/uploads\/2025\/07\/4.jpg\" alt=\"\" class=\"wp-image-30487\" srcset=\"https:\/\/diariotribuna.com.br\/wp-content\/uploads\/2025\/07\/4.jpg 700w, https:\/\/diariotribuna.com.br\/wp-content\/uploads\/2025\/07\/4-300x179.jpg 300w, https:\/\/diariotribuna.com.br\/wp-content\/uploads\/2025\/07\/4-696x415.jpg 696w\" sizes=\"(max-width: 700px) 100vw, 700px\" \/><figcaption class=\"wp-element-caption\"><strong>Prefeitos da AMUC presentes no evento com o TCEMG<\/strong><\/figcaption><\/figure>\n\n\n\n<figure class=\"wp-block-image size-large\"><img loading=\"lazy\" decoding=\"async\" width=\"700\" height=\"435\" data-id=\"30486\" src=\"https:\/\/diariotribuna.com.br\/wp-content\/uploads\/2025\/07\/1-2.jpg\" alt=\"\" class=\"wp-image-30486\" srcset=\"https:\/\/diariotribuna.com.br\/wp-content\/uploads\/2025\/07\/1-2.jpg 700w, https:\/\/diariotribuna.com.br\/wp-content\/uploads\/2025\/07\/1-2-300x186.jpg 300w, https:\/\/diariotribuna.com.br\/wp-content\/uploads\/2025\/07\/1-2-356x220.jpg 356w, https:\/\/diariotribuna.com.br\/wp-content\/uploads\/2025\/07\/1-2-696x433.jpg 696w, https:\/\/diariotribuna.com.br\/wp-content\/uploads\/2025\/07\/1-2-676x420.jpg 676w\" sizes=\"(max-width: 700px) 100vw, 700px\" \/><figcaption class=\"wp-element-caption\"><strong>Dival Santos (AMUC), dr. Henrique e M\u00edrian (TCEMG), dr. Semir (AMUC)<\/strong><\/figcaption><\/figure>\n<\/figure>\n\n\n\n<h3 class=\"wp-block-heading\"> <strong>(AMUC).<\/strong><\/h3>\n","protected":false},"excerpt":{"rendered":"<p>O Tribunal de Contas do Estado de Minas Gerais (TCEMG), juntamente com a Associa\u00e7\u00e3o dos Munic\u00edpios da Microrregi\u00e3o do Vale do Mucuri \u2013 AMUC, realizou evento na manh\u00e3 de quinta-feira, 10 de julho de 2025, na sede da Associa\u00e7\u00e3o, com a finalidade de passar orienta\u00e7\u00f5es e esclarecimentos aos prefeitos e controladores dos munic\u00edpios da regi\u00e3o [&hellip;]<\/p>\n","protected":false},"author":1,"featured_media":30477,"comment_status":"open","ping_status":"open","sticky":false,"template":"","format":"standard","meta":{"rop_custom_images_group":[],"rop_custom_messages_group":[],"rop_publish_now":"initial","rop_publish_now_accounts":[],"rop_publish_now_history":[],"rop_publish_now_status":"pending","footnotes":""},"categories":[25,19],"tags":[277,7241,5867,75],"class_list":["post-30476","post","type-post","status-publish","format-standard","has-post-thumbnail","hentry","category-destaque","category-gerais","tag-amuc","tag-programa-de-aceleracao-do-crescimento-dos-controles-internos-municipais","tag-tcemg","tag-teofilo-otoni"],"_links":{"self":[{"href":"https:\/\/diariotribuna.com.br\/index.php?rest_route=\/wp\/v2\/posts\/30476"}],"collection":[{"href":"https:\/\/diariotribuna.com.br\/index.php?rest_route=\/wp\/v2\/posts"}],"about":[{"href":"https:\/\/diariotribuna.com.br\/index.php?rest_route=\/wp\/v2\/types\/post"}],"author":[{"embeddable":true,"href":"https:\/\/diariotribuna.com.br\/index.php?rest_route=\/wp\/v2\/users\/1"}],"replies":[{"embeddable":true,"href":"https:\/\/diariotribuna.com.br\/index.php?rest_route=%2Fwp%2Fv2%2Fcomments&post=30476"}],"version-history":[{"count":5,"href":"https:\/\/diariotribuna.com.br\/index.php?rest_route=\/wp\/v2\/posts\/30476\/revisions"}],"predecessor-version":[{"id":30495,"href":"https:\/\/diariotribuna.com.br\/index.php?rest_route=\/wp\/v2\/posts\/30476\/revisions\/30495"}],"wp:featuredmedia":[{"embeddable":true,"href":"https:\/\/diariotribuna.com.br\/index.php?rest_route=\/wp\/v2\/media\/30477"}],"wp:attachment":[{"href":"https:\/\/diariotribuna.com.br\/index.php?rest_route=%2Fwp%2Fv2%2Fmedia&parent=30476"}],"wp:term":[{"taxonomy":"category","embeddable":true,"href":"https:\/\/diariotribuna.com.br\/index.php?rest_route=%2Fwp%2Fv2%2Fcategories&post=30476"},{"taxonomy":"post_tag","embeddable":true,"href":"https:\/\/diariotribuna.com.br\/index.php?rest_route=%2Fwp%2Fv2%2Ftags&post=30476"}],"curies":[{"name":"wp","href":"https:\/\/api.w.org\/{rel}","templated":true}]}}