{"id":30496,"date":"2025-07-12T21:12:57","date_gmt":"2025-07-13T00:12:57","guid":{"rendered":"https:\/\/diariotribuna.com.br\/?p=30496"},"modified":"2025-07-12T21:23:17","modified_gmt":"2025-07-13T00:23:17","slug":"dois-homens-morrem-em-grave-acidente-na-br-116-em-teofilo-otoni","status":"publish","type":"post","link":"https:\/\/diariotribuna.com.br\/?p=30496","title":{"rendered":"Dois homens morrem em grave acidente na BR 116, em Te\u00f3filo Otoni"},"content":{"rendered":"\n<figure class=\"wp-block-image size-full is-resized\"><img loading=\"lazy\" decoding=\"async\" width=\"670\" height=\"373\" src=\"https:\/\/diariotribuna.com.br\/wp-content\/uploads\/2025\/07\/1.png\" alt=\"\" class=\"wp-image-30497\" style=\"width:538px;height:auto\" srcset=\"https:\/\/diariotribuna.com.br\/wp-content\/uploads\/2025\/07\/1.png 670w, https:\/\/diariotribuna.com.br\/wp-content\/uploads\/2025\/07\/1-300x167.png 300w\" sizes=\"(max-width: 670px) 100vw, 670px\" \/><\/figure>\n\n\n\n<div style=\"height:2px\" aria-hidden=\"true\" class=\"wp-block-spacer\"><\/div>\n\n\n\n<p>A Pol\u00edcia Rodovi\u00e1ria Federal registrou um grave acidente no KM 237 da BR 116, na Serra do Hon\u00f3rio, em Te\u00f3filo Otoni, na madrugada deste s\u00e1bado (12\/7), que resultou na morte de dois homens, sendo\u00a0<strong>D\u00eanio Henrique Barbosa de Jesus, de 32 anos, e Adriano Alves da Silva, de 46<\/strong>, e uma v\u00edtima com les\u00f5es. D\u00eanio era o condutor e Adriano passageiro, do ve\u00edculo Gol que colidiu contra uma carreta semirreboque.<\/p>\n\n\n\n<p>O policial rodovi\u00e1rio federal Guilherme disse que a din\u00e2mica do acidente ainda est\u00e1 sendo levantada, mas, trabalha com a possibilidade do motorista ter dormido do momento, em raz\u00e3o do hor\u00e1rio, fato ocorrido na madrugada. Por\u00e9m, como estava chovendo, tamb\u00e9m h\u00e1 a possibilidade dele ter perdido o controle direcional. O policial destaca que a for\u00e7a do impacto foi t\u00e3o forte, que o ve\u00edculo Gol se partiu ao meio, e mesmo assim, foi poss\u00edvel resgatar uma passageira com vida, que foi encaminhada a um hospital de Te\u00f3filo Otoni.<\/p>\n\n\n\n<p>A PRF recebeu informa\u00e7\u00f5es preliminares de que os envolvidos do ve\u00edculo Gol seriam pessoas residentes na cidade de Catuji, que estariam vindo do Esp\u00edrito Santo, onde estavam a trabalho, e retornando para casa. \u201cAproximando j\u00e1 de casa, infelizmente, aconteceu essa situa\u00e7\u00e3o\u201d, disse o policial. O acidente ocorreu em uma reta, mas trata-se de um local perigoso, com registros de outros acidentes em datas anteriores. (Colaborou\/Informa\u00e7\u00f5es: rep\u00f3rter Elvis Passos).<\/p>\n","protected":false},"excerpt":{"rendered":"<p>A Pol\u00edcia Rodovi\u00e1ria Federal registrou um grave acidente no KM 237 da BR 116, na Serra do Hon\u00f3rio, em Te\u00f3filo Otoni, na madrugada deste s\u00e1bado (12\/7), que resultou na morte de dois homens, sendo\u00a0D\u00eanio Henrique Barbosa de Jesus, de 32 anos, e Adriano Alves da Silva, de 46, e uma v\u00edtima com les\u00f5es. D\u00eanio era [&hellip;]<\/p>\n","protected":false},"author":1,"featured_media":30497,"comment_status":"open","ping_status":"open","sticky":false,"template":"","format":"standard","meta":{"rop_custom_images_group":[],"rop_custom_messages_group":[],"rop_publish_now":"initial","rop_publish_now_accounts":[],"rop_publish_now_history":[],"rop_publish_now_status":"pending","footnotes":""},"categories":[25,18],"tags":[],"class_list":["post-30496","post","type-post","status-publish","format-standard","has-post-thumbnail","hentry","category-destaque","category-regiao"],"_links":{"self":[{"href":"https:\/\/diariotribuna.com.br\/index.php?rest_route=\/wp\/v2\/posts\/30496"}],"collection":[{"href":"https:\/\/diariotribuna.com.br\/index.php?rest_route=\/wp\/v2\/posts"}],"about":[{"href":"https:\/\/diariotribuna.com.br\/index.php?rest_route=\/wp\/v2\/types\/post"}],"author":[{"embeddable":true,"href":"https:\/\/diariotribuna.com.br\/index.php?rest_route=\/wp\/v2\/users\/1"}],"replies":[{"embeddable":true,"href":"https:\/\/diariotribuna.com.br\/index.php?rest_route=%2Fwp%2Fv2%2Fcomments&post=30496"}],"version-history":[{"count":5,"href":"https:\/\/diariotribuna.com.br\/index.php?rest_route=\/wp\/v2\/posts\/30496\/revisions"}],"predecessor-version":[{"id":30502,"href":"https:\/\/diariotribuna.com.br\/index.php?rest_route=\/wp\/v2\/posts\/30496\/revisions\/30502"}],"wp:featuredmedia":[{"embeddable":true,"href":"https:\/\/diariotribuna.com.br\/index.php?rest_route=\/wp\/v2\/media\/30497"}],"wp:attachment":[{"href":"https:\/\/diariotribuna.com.br\/index.php?rest_route=%2Fwp%2Fv2%2Fmedia&parent=30496"}],"wp:term":[{"taxonomy":"category","embeddable":true,"href":"https:\/\/diariotribuna.com.br\/index.php?rest_route=%2Fwp%2Fv2%2Fcategories&post=30496"},{"taxonomy":"post_tag","embeddable":true,"href":"https:\/\/diariotribuna.com.br\/index.php?rest_route=%2Fwp%2Fv2%2Ftags&post=30496"}],"curies":[{"name":"wp","href":"https:\/\/api.w.org\/{rel}","templated":true}]}}