{"id":30519,"date":"2025-07-13T22:22:20","date_gmt":"2025-07-14T01:22:20","guid":{"rendered":"https:\/\/diariotribuna.com.br\/?p=30519"},"modified":"2025-07-14T10:14:10","modified_gmt":"2025-07-14T13:14:10","slug":"idoso-e-morto-a-tiros-na-zona-rural-de-frei-gaspar","status":"publish","type":"post","link":"https:\/\/diariotribuna.com.br\/?p=30519","title":{"rendered":"Idoso \u00e9 morto a tiros na zona rural de Frei Gaspar"},"content":{"rendered":"\n<figure class=\"wp-block-image size-full is-resized\"><img loading=\"lazy\" decoding=\"async\" width=\"700\" height=\"452\" src=\"https:\/\/diariotribuna.com.br\/wp-content\/uploads\/2025\/07\/Imagem-do-WhatsApp-de-2025-07-13-as-20.27.33_8eadf4ce.jpg\" alt=\"\" class=\"wp-image-30520\" style=\"width:486px;height:auto\" srcset=\"https:\/\/diariotribuna.com.br\/wp-content\/uploads\/2025\/07\/Imagem-do-WhatsApp-de-2025-07-13-as-20.27.33_8eadf4ce.jpg 700w, https:\/\/diariotribuna.com.br\/wp-content\/uploads\/2025\/07\/Imagem-do-WhatsApp-de-2025-07-13-as-20.27.33_8eadf4ce-300x194.jpg 300w, https:\/\/diariotribuna.com.br\/wp-content\/uploads\/2025\/07\/Imagem-do-WhatsApp-de-2025-07-13-as-20.27.33_8eadf4ce-696x449.jpg 696w, https:\/\/diariotribuna.com.br\/wp-content\/uploads\/2025\/07\/Imagem-do-WhatsApp-de-2025-07-13-as-20.27.33_8eadf4ce-650x420.jpg 650w\" sizes=\"(max-width: 700px) 100vw, 700px\" \/><\/figure>\n\n\n\n<p>A Pol\u00edcia Militar foi acionada no s\u00e1bado (12\/7), com informa\u00e7\u00f5es de uma ocorr\u00eancia de homic\u00eddio na zona rural de Frei Gaspar, uma equipe foi ao local, na Fazenda Floresta, C\u00f3rrego Jenipapo, aproximadamente 5 quil\u00f4metros do per\u00edmetro urbano, onde deparou com <strong>Jos\u00e9 Marques Ferreira, de 64, anos<\/strong>, ca\u00eddo no quintal da resid\u00eancia do suspeito de autoria do crime, de 19 anos, aparentemente sem vida, com marcas de perfura\u00e7\u00f5es no pesco\u00e7o.<\/p>\n\n\n\n<p>Durante o trabalho da per\u00edcia t\u00e9cnica da Pol\u00edcia Civil, foram constatadas outras perfura\u00e7\u00f5es nas costas e no bra\u00e7o da v\u00edtima, provenientes de arma de fogo, e havia v\u00e1rias c\u00e1psulas espalhadas no local e um fac\u00e3o pr\u00f3ximo ao corpo. A caminhonete da v\u00edtima, Toyota Hilux de cor preta, estava com perfura\u00e7\u00f5es e marcas de disparos de arma de fogo nos vidros laterais esquerdos, na porta esquerda, na lateral esquerda e no vidro da porta dianteira direita.<\/p>\n\n\n\n<p>Durante as dilig\u00eancias, os militares localizaram na varanda uma arma de fogo tipo pistola, com dois carregadores. Segundo a PM, a v\u00edtima residia na zona rural de Atal\u00e9ia, e obteve informa\u00e7\u00f5es de que, teria ido a Frei Gaspar para receber uma d\u00edvida de uma negocia\u00e7\u00e3o relacionada \u00e0 venda de gado. Mas, num determinado momento houve uma discuss\u00e3o, a v\u00edtima teria se apossado de um fac\u00e3o e o autor efetuado disparos de arma de fogo, atingido a v\u00edtima e o ve\u00edculo.<\/p>\n\n\n\n<p>Ap\u00f3s a per\u00edcia, o corpo foi removido ao Instituto M\u00e9dico Legal de Te\u00f3filo Otoni, onde foi necropsiado na manh\u00e3 de domingo (13). Foram recolhidos no local: a arma de fogo, 8 c\u00e1psulas, um proj\u00e9til e o fac\u00e3o. O ve\u00edculo foi removido a um p\u00e1tio conveniado ao Detran-MG. A Pol\u00edcia Militar continua com rastreamentos para tentar localizar o autor do crime. O tenente Reinaldo informa que a popula\u00e7\u00e3o pode ajudar, passando informa\u00e7\u00f5es atrav\u00e9s dos telefones 181 (Disque Den\u00fancia), 190 (Emerg\u00eancia) e 3511-1190 (Whatsapp), ou diretamente a um policial da confian\u00e7a. (Informa\u00e7\u00f5es: PMMG).<\/p>\n","protected":false},"excerpt":{"rendered":"<p>A Pol\u00edcia Militar foi acionada no s\u00e1bado (12\/7), com informa\u00e7\u00f5es de uma ocorr\u00eancia de homic\u00eddio na zona rural de Frei Gaspar, uma equipe foi ao local, na Fazenda Floresta, C\u00f3rrego Jenipapo, aproximadamente 5 quil\u00f4metros do per\u00edmetro urbano, onde deparou com Jos\u00e9 Marques Ferreira, de 64, anos, ca\u00eddo no quintal da resid\u00eancia do suspeito de autoria [&hellip;]<\/p>\n","protected":false},"author":1,"featured_media":30520,"comment_status":"open","ping_status":"open","sticky":false,"template":"","format":"standard","meta":{"rop_custom_images_group":[],"rop_custom_messages_group":[],"rop_publish_now":"initial","rop_publish_now_accounts":[],"rop_publish_now_history":[],"rop_publish_now_status":"pending","footnotes":""},"categories":[25,20],"tags":[1055,293,107,7243,76],"class_list":["post-30519","post","type-post","status-publish","format-standard","has-post-thumbnail","hentry","category-destaque","category-policia","tag-arma-de-fogo","tag-frei-gaspar","tag-homicidio","tag-jose-marques","tag-policia-militar"],"_links":{"self":[{"href":"https:\/\/diariotribuna.com.br\/index.php?rest_route=\/wp\/v2\/posts\/30519"}],"collection":[{"href":"https:\/\/diariotribuna.com.br\/index.php?rest_route=\/wp\/v2\/posts"}],"about":[{"href":"https:\/\/diariotribuna.com.br\/index.php?rest_route=\/wp\/v2\/types\/post"}],"author":[{"embeddable":true,"href":"https:\/\/diariotribuna.com.br\/index.php?rest_route=\/wp\/v2\/users\/1"}],"replies":[{"embeddable":true,"href":"https:\/\/diariotribuna.com.br\/index.php?rest_route=%2Fwp%2Fv2%2Fcomments&post=30519"}],"version-history":[{"count":5,"href":"https:\/\/diariotribuna.com.br\/index.php?rest_route=\/wp\/v2\/posts\/30519\/revisions"}],"predecessor-version":[{"id":30527,"href":"https:\/\/diariotribuna.com.br\/index.php?rest_route=\/wp\/v2\/posts\/30519\/revisions\/30527"}],"wp:featuredmedia":[{"embeddable":true,"href":"https:\/\/diariotribuna.com.br\/index.php?rest_route=\/wp\/v2\/media\/30520"}],"wp:attachment":[{"href":"https:\/\/diariotribuna.com.br\/index.php?rest_route=%2Fwp%2Fv2%2Fmedia&parent=30519"}],"wp:term":[{"taxonomy":"category","embeddable":true,"href":"https:\/\/diariotribuna.com.br\/index.php?rest_route=%2Fwp%2Fv2%2Fcategories&post=30519"},{"taxonomy":"post_tag","embeddable":true,"href":"https:\/\/diariotribuna.com.br\/index.php?rest_route=%2Fwp%2Fv2%2Ftags&post=30519"}],"curies":[{"name":"wp","href":"https:\/\/api.w.org\/{rel}","templated":true}]}}