{"id":30540,"date":"2025-07-15T12:46:00","date_gmt":"2025-07-15T15:46:00","guid":{"rendered":"https:\/\/diariotribuna.com.br\/?p=30540"},"modified":"2025-07-15T12:46:00","modified_gmt":"2025-07-15T15:46:00","slug":"queijeiros-do-norte-de-minas-celebram-conquistas-em-concursos-internacionais","status":"publish","type":"post","link":"https:\/\/diariotribuna.com.br\/?p=30540","title":{"rendered":"Queijeiros do Norte de Minas celebram conquistas em concursos internacionais\u00a0"},"content":{"rendered":"<p class=\"MsoNormal\"><span>FAEMG SENAR | Divulga\u00e7\u00e3o<\/span><\/p>\n<p><span><\/span><span><\/span><span><\/span><span><\/span><span><\/span><span><\/span><span><\/span><\/p>\n<p>As \u00faltimas semanas foram de comemora\u00e7\u00e3o para os produtores de queijo do <strong>Norte de Minas<\/strong>, que conquistaram <strong>mais de 20 medalhas<\/strong> em duas das mais importantes premia\u00e7\u00f5es do pa\u00eds: a <strong>ExpoQueijo Arax\u00e1<\/strong> e o <strong>Pr\u00eamio Queijo Brasil \/ Festival Nacional do Queijo<\/strong>, realizado em <strong>Blumenau (SC)<\/strong>.<\/p>\n<p>Os destaques vieram de produtores dos munic\u00edpios de <strong>Porteirinha<\/strong>, <strong>Manga<\/strong> e <strong>Catuti<\/strong> \u2013 este \u00faltimo com a maior quantidade de pr\u00eamios. A <strong>queijaria Xod\u00f3<\/strong>, comandada pelo casal <strong>Sara Manoel e Marcelo Maur\u00edcio<\/strong>, levou para casa <strong>cinco medalhas no Pr\u00eamio Queijo Brasil<\/strong>, incluindo <strong>duas de ouro<\/strong>. Com pouco mais de quatro anos de atividade, essa foi apenas a segunda participa\u00e7\u00e3o da queijaria em concursos.<\/p>\n<p>\u201cDesde que finalizamos os cursos do <strong>Senar Minas<\/strong>, come\u00e7amos a produ\u00e7\u00e3o. Com o apoio da instrutora Luciana Godinho, fomos aperfei\u00e7oando nossos queijos. Receber cinco medalhas em um concurso com dois mil inscritos \u00e9 um sonho realizado. O Senar teve papel fundamental para iniciarmos com conhecimento, qualidade e profissionalismo\u201d, afirmou o casal.<\/p>\n<h3><strong>Medalha de ouro tamb\u00e9m em Manga<\/strong><\/h3>\n<p>Tamb\u00e9m premiados com <strong>dois ouros in\u00e9ditos<\/strong> na ExpoQueijo Arax\u00e1, <strong>Edivaldo L\u00f4po de Alkimin<\/strong> e <strong>Jo\u00e3o Vitor Alkimin<\/strong>, gestores do <strong>Latic\u00ednios Vista Alegre<\/strong> (Manga), comemoraram a conquista. A empresa familiar se destaca pela sustentabilidade e integra\u00e7\u00e3o na fazenda. A participa\u00e7\u00e3o no concurso foi incentivada por consumidores e especialistas, que reconhecem a qualidade do produto.<\/p>\n<p>\u201cIniciamos nossos processos produtivos com os cursos do <strong>Senar<\/strong>, ainda no ano 2000, e desde ent\u00e3o buscamos aperfei\u00e7oamento. Os queijos premiados s\u00e3o produzidos com a mesma receita h\u00e1 anos. Essa conquista vai muito al\u00e9m das medalhas \u2013 representa o reconhecimento de um trabalho s\u00e9rio, feito com dedica\u00e7\u00e3o e responsabilidade\u201d, ressaltou Jo\u00e3o Vitor.<\/p>\n<h3><strong>Premia\u00e7\u00f5es<\/strong><\/h3>\n<p><strong>ExpoQueijo Arax\u00e1 (junho\/2025)<\/strong><br \/><em>Premia\u00e7\u00f5es do Norte de Minas:<\/em><\/p>\n<p><strong>Latic\u00ednios Vista Alegre (Manga)<\/strong><\/p>\n<p>Ouro \u2013 Queijo de leite pasteurizado, casca lisa (at\u00e9 15 dias) \u2013 <em>Queijo Minas padr\u00e3o<\/em><\/p>\n<p>Ouro \u2013 Queijo de leite pasteurizado, casca lisa (acima de 181 dias) \u2013 <em>Queijo parmes\u00e3o<\/em><\/p>\n<p><strong>Queijaria Estrela da Serra (Porteirinha)<\/strong><\/p>\n<p>Prata \u2013 Queijo de leite cru, massa filada \u2013 <em>Queijo tipo nozinho<\/em><\/p>\n<p><strong>Queijaria Dona Sa\u00fade (Porteirinha)<\/strong><\/p>\n<p>Bronze \u2013 Categoria Queijo de leite cru<\/p>\n<p><strong>Pr\u00eamio Queijo Brasil (10 a 13 de julho, Blumenau\/SC)<\/strong><br \/><em>Premia\u00e7\u00f5es do Norte de Minas:<\/em><\/p>\n\n<p><strong>Queijaria Xod\u00f3 (Catuti)<\/strong><\/p>\n<p>Ouro \u2013 <em>Queijo palito condimentado<\/em> e <em>Doce de leite tradicional<\/em><\/p>\n<p>Prata \u2013 <em>Queijo Minas padr\u00e3o<\/em> e <em>Doce de leite com caf\u00e9<\/em><\/p>\n<p>Bronze \u2013 <em>Queijo palito<\/em><\/p>\n<p><strong>Requeij\u00e3o V\u00f3 Luzia (Porteirinha)<\/strong><\/p>\n<p>Ouro \u2013 <em>Requeij\u00e3o moreno<\/em><\/p>\n<p><strong>Queijaria MJ (Porteirinha)<\/strong><\/p>\n<p>Ouro \u2013 <em>Requeij\u00e3o moreno<\/em> e <em>Manteiga de garrafa<\/em><\/p>\n<p><strong>Requeij\u00e3o Toko (Porteirinha)<\/strong><\/p>\n<p>Ouro \u2013 <em>Requeij\u00e3o<\/em><\/p>\n<p><strong>Queijaria Dona Sa\u00fade (Porteirinha)<\/strong><\/p>\n<p>Prata \u2013 <em>Queijo cozido palito<\/em>, <em>Queijo nozinho<\/em> e <em>Queijo trancinha<\/em><\/p>\n<p><strong>Queijaria Rubi (Porteirinha)<\/strong><\/p>\n<p>Prata \u2013 <em>Queijo trancinha<\/em><\/p>\n<p>Bronze \u2013 <em>Queijo de massa cozida<\/em><\/p>\n<p><strong>Fazenda 3J (Porteirinha)<\/strong><\/p>\n<p>Prata \u2013 <em>Queijo Minas Artesanal<\/em><\/p>\n<p><strong>Recanto do Queijo (Porteirinha)<\/strong><\/p>\n<p>Bronze \u2013 <em>Queijo Minas Artesanal<\/em><\/p>\n\n<p>\u00a0<\/p>","protected":false},"excerpt":{"rendered":"<p>FAEMG SENAR | Divulga\u00e7\u00e3o As \u00faltimas semanas foram de comemora\u00e7\u00e3o para os produtores de queijo do Norte de Minas, que conquistaram mais de 20 medalhas em duas das mais importantes premia\u00e7\u00f5es do pa\u00eds: a ExpoQueijo Arax\u00e1 e o Pr\u00eamio Queijo Brasil \/ Festival Nacional do Queijo, realizado em Blumenau (SC). Os destaques vieram de produtores [&hellip;]<\/p>\n","protected":false},"author":0,"featured_media":30541,"comment_status":"open","ping_status":"open","sticky":false,"template":"","format":"standard","meta":{"rop_custom_images_group":[],"rop_custom_messages_group":[],"rop_publish_now":"initial","rop_publish_now_accounts":[],"rop_publish_now_history":[],"rop_publish_now_status":"pending","footnotes":""},"categories":[6745],"tags":[],"class_list":["post-30540","post","type-post","status-publish","format-standard","has-post-thumbnail","hentry","category-coluna-sindijori"],"_links":{"self":[{"href":"https:\/\/diariotribuna.com.br\/index.php?rest_route=\/wp\/v2\/posts\/30540"}],"collection":[{"href":"https:\/\/diariotribuna.com.br\/index.php?rest_route=\/wp\/v2\/posts"}],"about":[{"href":"https:\/\/diariotribuna.com.br\/index.php?rest_route=\/wp\/v2\/types\/post"}],"replies":[{"embeddable":true,"href":"https:\/\/diariotribuna.com.br\/index.php?rest_route=%2Fwp%2Fv2%2Fcomments&post=30540"}],"version-history":[{"count":0,"href":"https:\/\/diariotribuna.com.br\/index.php?rest_route=\/wp\/v2\/posts\/30540\/revisions"}],"wp:featuredmedia":[{"embeddable":true,"href":"https:\/\/diariotribuna.com.br\/index.php?rest_route=\/wp\/v2\/media\/30541"}],"wp:attachment":[{"href":"https:\/\/diariotribuna.com.br\/index.php?rest_route=%2Fwp%2Fv2%2Fmedia&parent=30540"}],"wp:term":[{"taxonomy":"category","embeddable":true,"href":"https:\/\/diariotribuna.com.br\/index.php?rest_route=%2Fwp%2Fv2%2Fcategories&post=30540"},{"taxonomy":"post_tag","embeddable":true,"href":"https:\/\/diariotribuna.com.br\/index.php?rest_route=%2Fwp%2Fv2%2Ftags&post=30540"}],"curies":[{"name":"wp","href":"https:\/\/api.w.org\/{rel}","templated":true}]}}