{"id":30560,"date":"2025-07-17T23:07:04","date_gmt":"2025-07-18T02:07:04","guid":{"rendered":"https:\/\/diariotribuna.com.br\/?p=30560"},"modified":"2025-07-17T23:07:05","modified_gmt":"2025-07-18T02:07:05","slug":"suspeito-de-abusar-da-sobrinha-por-tres-anos-em-nanuque-e-preso-pela-pcmg","status":"publish","type":"post","link":"https:\/\/diariotribuna.com.br\/?p=30560","title":{"rendered":"Suspeito de abusar da sobrinha por tr\u00eas anos em Nanuque \u00e9 preso pela PCMG"},"content":{"rendered":"\n<figure class=\"wp-block-image size-full is-resized\"><img loading=\"lazy\" decoding=\"async\" width=\"700\" height=\"393\" src=\"https:\/\/diariotribuna.com.br\/wp-content\/uploads\/2025\/07\/12ea914f606d205764807cdbdf4f4e18.jpg\" alt=\"\" class=\"wp-image-30561\" style=\"width:467px;height:auto\" srcset=\"https:\/\/diariotribuna.com.br\/wp-content\/uploads\/2025\/07\/12ea914f606d205764807cdbdf4f4e18.jpg 700w, https:\/\/diariotribuna.com.br\/wp-content\/uploads\/2025\/07\/12ea914f606d205764807cdbdf4f4e18-300x168.jpg 300w, https:\/\/diariotribuna.com.br\/wp-content\/uploads\/2025\/07\/12ea914f606d205764807cdbdf4f4e18-696x391.jpg 696w\" sizes=\"(max-width: 700px) 100vw, 700px\" \/><\/figure>\n\n\n\n<p>A Pol\u00edcia Civil de Minas Gerais prende um homem, de 44 anos, investigado por estupro de vulner\u00e1vel, na quarta-feira (16\/7), em Linhares, no Esp\u00edrito Santo. O crime ocorreu em Nanuque, no Vale do Jequitinhonha, tendo como v\u00edtima a sobrinha do suspeito. De acordo com as investiga\u00e7\u00f5es da Delegacia Especializada de Atendimento \u00e0 Mulher (Deam), epis\u00f3dios de viol\u00eancia sexual teriam ocorrido desde que a menina tinha 9 anos, por pelo menos sete vezes, entre 2021 e 2024.<\/p>\n\n\n\n<p>Os levantamentos indicam que os abusos eram cometidos na casa do suspeito, no quarto onde a v\u00edtima dormia com a prima (filha do investigado), ambas da mesma idade. Ainda segundo apurado, a menina era amea\u00e7ada, de que algo pior pudesse acontecer com ela, caso relatasse a situa\u00e7\u00e3o a algu\u00e9m. Ap\u00f3s o in\u00edcio do trabalho investigativo, o homem deixou a cidade e foi preso no estado capixaba. Ele est\u00e1 \u00e0 disposi\u00e7\u00e3o da Justi\u00e7a no sistema prisional. (Informa\u00e7\u00f5es: assessoria de comunica\u00e7\u00e3o\/ PCMG).<\/p>\n","protected":false},"excerpt":{"rendered":"<p>A Pol\u00edcia Civil de Minas Gerais prende um homem, de 44 anos, investigado por estupro de vulner\u00e1vel, na quarta-feira (16\/7), em Linhares, no Esp\u00edrito Santo. O crime ocorreu em Nanuque, no Vale do Jequitinhonha, tendo como v\u00edtima a sobrinha do suspeito. De acordo com as investiga\u00e7\u00f5es da Delegacia Especializada de Atendimento \u00e0 Mulher (Deam), epis\u00f3dios [&hellip;]<\/p>\n","protected":false},"author":1,"featured_media":30561,"comment_status":"open","ping_status":"open","sticky":false,"template":"","format":"standard","meta":{"rop_custom_images_group":[],"rop_custom_messages_group":[],"rop_publish_now":"initial","rop_publish_now_accounts":[],"rop_publish_now_history":[],"rop_publish_now_status":"pending","footnotes":""},"categories":[25,20],"tags":[5119,6261,786,122,292,4730],"class_list":["post-30560","post","type-post","status-publish","format-standard","has-post-thumbnail","hentry","category-destaque","category-policia","tag-abuso-de-crianca","tag-es","tag-homem-preso","tag-nanuque","tag-policia-civil","tag-sobrinha"],"_links":{"self":[{"href":"https:\/\/diariotribuna.com.br\/index.php?rest_route=\/wp\/v2\/posts\/30560"}],"collection":[{"href":"https:\/\/diariotribuna.com.br\/index.php?rest_route=\/wp\/v2\/posts"}],"about":[{"href":"https:\/\/diariotribuna.com.br\/index.php?rest_route=\/wp\/v2\/types\/post"}],"author":[{"embeddable":true,"href":"https:\/\/diariotribuna.com.br\/index.php?rest_route=\/wp\/v2\/users\/1"}],"replies":[{"embeddable":true,"href":"https:\/\/diariotribuna.com.br\/index.php?rest_route=%2Fwp%2Fv2%2Fcomments&post=30560"}],"version-history":[{"count":1,"href":"https:\/\/diariotribuna.com.br\/index.php?rest_route=\/wp\/v2\/posts\/30560\/revisions"}],"predecessor-version":[{"id":30562,"href":"https:\/\/diariotribuna.com.br\/index.php?rest_route=\/wp\/v2\/posts\/30560\/revisions\/30562"}],"wp:featuredmedia":[{"embeddable":true,"href":"https:\/\/diariotribuna.com.br\/index.php?rest_route=\/wp\/v2\/media\/30561"}],"wp:attachment":[{"href":"https:\/\/diariotribuna.com.br\/index.php?rest_route=%2Fwp%2Fv2%2Fmedia&parent=30560"}],"wp:term":[{"taxonomy":"category","embeddable":true,"href":"https:\/\/diariotribuna.com.br\/index.php?rest_route=%2Fwp%2Fv2%2Fcategories&post=30560"},{"taxonomy":"post_tag","embeddable":true,"href":"https:\/\/diariotribuna.com.br\/index.php?rest_route=%2Fwp%2Fv2%2Ftags&post=30560"}],"curies":[{"name":"wp","href":"https:\/\/api.w.org\/{rel}","templated":true}]}}