{"id":30566,"date":"2025-07-17T23:33:55","date_gmt":"2025-07-18T02:33:55","guid":{"rendered":"https:\/\/diariotribuna.com.br\/?p=30566"},"modified":"2025-07-25T14:24:22","modified_gmt":"2025-07-25T17:24:22","slug":"policia-civil-prende-mais-um-envolvido-na-morte-do-empresario-lucas-baldow","status":"publish","type":"post","link":"https:\/\/diariotribuna.com.br\/?p=30566","title":{"rendered":"Pol\u00edcia Civil prende mais um envolvido na morte do empres\u00e1rio Lucas Baldow"},"content":{"rendered":"\n<figure class=\"wp-block-image size-full is-resized\"><img loading=\"lazy\" decoding=\"async\" width=\"700\" height=\"457\" src=\"https:\/\/diariotribuna.com.br\/wp-content\/uploads\/2025\/07\/Imagem-do-WhatsApp-de-2025-04-24-as-11.32.11_1360e024.jpg\" alt=\"\" class=\"wp-image-30567\" style=\"width:459px;height:auto\" srcset=\"https:\/\/diariotribuna.com.br\/wp-content\/uploads\/2025\/07\/Imagem-do-WhatsApp-de-2025-04-24-as-11.32.11_1360e024.jpg 700w, https:\/\/diariotribuna.com.br\/wp-content\/uploads\/2025\/07\/Imagem-do-WhatsApp-de-2025-04-24-as-11.32.11_1360e024-300x196.jpg 300w, https:\/\/diariotribuna.com.br\/wp-content\/uploads\/2025\/07\/Imagem-do-WhatsApp-de-2025-04-24-as-11.32.11_1360e024-696x454.jpg 696w, https:\/\/diariotribuna.com.br\/wp-content\/uploads\/2025\/07\/Imagem-do-WhatsApp-de-2025-04-24-as-11.32.11_1360e024-643x420.jpg 643w\" sizes=\"(max-width: 700px) 100vw, 700px\" \/><figcaption class=\"wp-element-caption\"><strong>Lucas Baldow foi encontrado morto a tiros na zona rural de Pot\u00e9<\/strong><\/figcaption><\/figure>\n\n\n\n<p>A Pol\u00edcia Civil de Minas Gerais, por meio da Delegacia de Homic\u00eddios de Te\u00f3filo Otoni, realizou uma opera\u00e7\u00e3o nesta quinta-feira (17\/7), para dar cumprimento a um mandado de pris\u00e3o contra um dos investigados na morte de Lucas Baldow, crime ocorrido em abril deste ano, na zona rural de Pot\u00e9. O alvo do mandado judicial foi preso em sua resid\u00eancia, no bairro Vila Esperan\u00e7a.<\/p>\n\n\n\n<p>A delegada que est\u00e1 \u00e0 frente das investiga\u00e7\u00f5es, dra. H\u00e9rika Ribeiro Sena, disse que Lucas foi levado de carro at\u00e9 a zona rural de Pot\u00e9, e esse alvo da opera\u00e7\u00e3o, junto com outro que est\u00e1 foragido, mataram Lucas que n\u00e3o teve nenhuma chance de defesa. Lucas, de 30 anos \u00e0 \u00e9poca do crime, morava no bairro S\u00e3o Jacinto, e atuava no ramo de compra e venda de ve\u00edculos.<\/p>\n\n\n\n<p>\u201cDurante as investiga\u00e7\u00f5es identificamos todos os autores, e nesta data foi cumprido o mandado de pris\u00e3o contra esse indiv\u00edduo que foi pago, segundo a investiga\u00e7\u00e3o, para ir at\u00e9 o local da execu\u00e7\u00e3o\u201d, disse a delegada, informando que os trabalhos continuam para prender outro envolvido que est\u00e1 foragido. Um envolvido j\u00e1 estava preso desde \u00e0 \u00e9poca do crime.<\/p>\n","protected":false},"excerpt":{"rendered":"<p>A Pol\u00edcia Civil de Minas Gerais, por meio da Delegacia de Homic\u00eddios de Te\u00f3filo Otoni, realizou uma opera\u00e7\u00e3o nesta quinta-feira (17\/7), para dar cumprimento a um mandado de pris\u00e3o contra um dos investigados na morte de Lucas Baldow, crime ocorrido em abril deste ano, na zona rural de Pot\u00e9. O alvo do mandado judicial foi [&hellip;]<\/p>\n","protected":false},"author":1,"featured_media":30567,"comment_status":"open","ping_status":"open","sticky":false,"template":"","format":"standard","meta":{"rop_custom_images_group":[],"rop_custom_messages_group":[],"rop_publish_now":"initial","rop_publish_now_accounts":[],"rop_publish_now_history":[],"rop_publish_now_status":"pending","footnotes":""},"categories":[20],"tags":[107,7249,7250,292,119,75],"class_list":["post-30566","post","type-post","status-publish","format-standard","has-post-thumbnail","hentry","category-policia","tag-homicidio","tag-lucas-baldow","tag-mais-um-preso","tag-policia-civil","tag-pote","tag-teofilo-otoni"],"_links":{"self":[{"href":"https:\/\/diariotribuna.com.br\/index.php?rest_route=\/wp\/v2\/posts\/30566"}],"collection":[{"href":"https:\/\/diariotribuna.com.br\/index.php?rest_route=\/wp\/v2\/posts"}],"about":[{"href":"https:\/\/diariotribuna.com.br\/index.php?rest_route=\/wp\/v2\/types\/post"}],"author":[{"embeddable":true,"href":"https:\/\/diariotribuna.com.br\/index.php?rest_route=\/wp\/v2\/users\/1"}],"replies":[{"embeddable":true,"href":"https:\/\/diariotribuna.com.br\/index.php?rest_route=%2Fwp%2Fv2%2Fcomments&post=30566"}],"version-history":[{"count":3,"href":"https:\/\/diariotribuna.com.br\/index.php?rest_route=\/wp\/v2\/posts\/30566\/revisions"}],"predecessor-version":[{"id":30571,"href":"https:\/\/diariotribuna.com.br\/index.php?rest_route=\/wp\/v2\/posts\/30566\/revisions\/30571"}],"wp:featuredmedia":[{"embeddable":true,"href":"https:\/\/diariotribuna.com.br\/index.php?rest_route=\/wp\/v2\/media\/30567"}],"wp:attachment":[{"href":"https:\/\/diariotribuna.com.br\/index.php?rest_route=%2Fwp%2Fv2%2Fmedia&parent=30566"}],"wp:term":[{"taxonomy":"category","embeddable":true,"href":"https:\/\/diariotribuna.com.br\/index.php?rest_route=%2Fwp%2Fv2%2Fcategories&post=30566"},{"taxonomy":"post_tag","embeddable":true,"href":"https:\/\/diariotribuna.com.br\/index.php?rest_route=%2Fwp%2Fv2%2Ftags&post=30566"}],"curies":[{"name":"wp","href":"https:\/\/api.w.org\/{rel}","templated":true}]}}