{"id":30574,"date":"2025-07-18T14:32:43","date_gmt":"2025-07-18T17:32:43","guid":{"rendered":"https:\/\/diariotribuna.com.br\/?p=30574"},"modified":"2025-07-18T14:32:43","modified_gmt":"2025-07-18T17:32:43","slug":"intercambio-quer-impulsionar-formalizacao-das-queijarias-do-vale-do-suacui","status":"publish","type":"post","link":"https:\/\/diariotribuna.com.br\/?p=30574","title":{"rendered":"Interc\u00e2mbio quer impulsionar formaliza\u00e7\u00e3o das queijarias do Vale do Sua\u00e7u\u00ed\u00a0"},"content":{"rendered":"<p class=\"MsoNormal\"><span>FAEMG SENAR | Divulga\u00e7\u00e3o<\/span><\/p>\n<p><span><\/span><span><\/span><span><\/span><span><\/span><span><\/span><span><\/span><span><\/span><span><\/span><\/p>\n<p><strong><a href=\"https:\/\/www.sistemafaemg.org.br\/senar\">Sistema Faemg Senar<\/a> leva produtores para trocar experi\u00eancias e conhecer propriedades em regi\u00f5es refer\u00eancia na produ\u00e7\u00e3o de queijos artesanais regularizados<\/strong><\/p>\n<p>O <strong>Sistema Faemg Senar<\/strong>, em parceria com o <strong>Sebrae Minas<\/strong>, realiza, entre os dias <strong>21 e 24 de julho de 2025<\/strong>, a miss\u00e3o t\u00e9cnica <strong>\u201cNas Trilhas do Queijo Artesanal\u201d<\/strong>. A iniciativa levar\u00e1 produtores e t\u00e9cnicos do <strong>Vale do Sua\u00e7u\u00ed<\/strong> \u00e0s cidades mineiras de <strong>Itamonte e Alagoa<\/strong>, reconhecidas pela excel\u00eancia na produ\u00e7\u00e3o de <strong>queijos artesanais regularizados<\/strong>. O objetivo \u00e9 <strong>promover o interc\u00e2mbio de experi\u00eancias<\/strong>, fortalecer a cadeia produtiva e <strong>fomentar a regulariza\u00e7\u00e3o das agroind\u00fastrias familiares<\/strong> da regi\u00e3o.<\/p>\n<p>Minas Gerais \u00e9 o <strong>maior produtor de leite do Brasil<\/strong>, com <strong>9,42 bilh\u00f5es de litros em 2023<\/strong> \u2014 cerca de <strong>26,6% da produ\u00e7\u00e3o nacional<\/strong>, segundo o IBGE. No estado, h\u00e1 aproximadamente <strong>11,4 mil agroind\u00fastrias familiares de leite<\/strong>, das quais <strong>7,3 mil<\/strong> produzem queijos artesanais, conforme dados da Emater. Apesar da relev\u00e2ncia do setor, <strong>a formaliza\u00e7\u00e3o das queijarias ainda \u00e9 um desafio<\/strong>, especialmente em regi\u00f5es como o Vale do Sua\u00e7u\u00ed.<\/p>\n<p>\u201cA miss\u00e3o t\u00e9cnica surgiu como resposta a esse cen\u00e1rio. O queijo artesanal da regi\u00e3o j\u00e1 \u00e9 reconhecido oficialmente, mas ainda necessita de regulamenta\u00e7\u00e3o sanit\u00e1ria, o que dificulta o acesso ao mercado formal. Por isso, a proposta desta miss\u00e3o \u00e9 <strong>capacitar os produtores<\/strong> por meio de <strong>visitas pr\u00e1ticas a propriedades que s\u00e3o refer\u00eancia em gest\u00e3o, produ\u00e7\u00e3o e regulariza\u00e7\u00e3o<\/strong>\u201d, explica <strong>Paula Lobato<\/strong>, analista de Assist\u00eancia T\u00e9cnica e Gerencial do Sistema Faemg Senar.<\/p>\n<h3>Programa\u00e7\u00e3o<\/h3>\n<p>Durante a miss\u00e3o, <strong>15 produtores do Vale do Sua\u00e7u\u00ed<\/strong>, acompanhados de t\u00e9cnicos e equipe de apoio, visitar\u00e3o <strong>cinco queijarias<\/strong> nos munic\u00edpios de Itamonte e Alagoa. A atividade incluir\u00e1 <strong>semin\u00e1rio t\u00e9cnico<\/strong>, <strong>oficinas de degusta\u00e7\u00e3o comentada<\/strong> e <strong>rodas de conversa<\/strong> entre produtores, fiscais, sindicatos e institui\u00e7\u00f5es parceiras, como a <strong>Associa\u00e7\u00e3o de Produtores de Queijo Artesanal da Mantiqueira (APROMAN)<\/strong>.<\/p>\n<p>\u201cAl\u00e9m de estimular o aprimoramento das pr\u00e1ticas produtivas e de gest\u00e3o, o interc\u00e2mbio visa <strong>inspirar os participantes com hist\u00f3rias de sucesso<\/strong> de produtores que j\u00e1 passaram pelos processos de regulamenta\u00e7\u00e3o e valoriza\u00e7\u00e3o dos seus produtos\u201d, acrescenta Paula.<\/p>\n<p>A miss\u00e3o contar\u00e1 ainda com a participa\u00e7\u00e3o do <strong>Cons\u00f3rcio Intermunicipal de Inspe\u00e7\u00e3o Sanit\u00e1ria<\/strong>, refor\u00e7ando a import\u00e2ncia da <strong>padroniza\u00e7\u00e3o e qualifica\u00e7\u00e3o da fiscaliza\u00e7\u00e3o agroindustrial<\/strong>.<\/p>\n<p>Entre os resultados esperados est\u00e3o:<\/p>\n<p><strong>Fortalecimento t\u00e9cnico e motivacional<\/strong> dos produtores;<\/p>\n<p>Ado\u00e7\u00e3o de <strong>pr\u00e1ticas mais sustent\u00e1veis<\/strong>;<\/p>\n<p><strong>Estreitamento de parcerias institucionais<\/strong>;<\/p>\n<p>Aumento do interesse pela <strong>regulariza\u00e7\u00e3o ambiental e sanit\u00e1ria<\/strong>.<\/p>\n<p>\u201cA partir do levantamento que ser\u00e1 feito ao longo da atividade, vamos propor um <strong>plano de a\u00e7\u00e3o<\/strong>, com o apoio do Sebrae, para <strong>fortalecer a marca do queijo artesanal do Sua\u00e7u\u00ed<\/strong>\u201d, afirma Paula.<\/p>\n<h3>Regulamenta\u00e7\u00e3o<\/h3>\n<p>Neste m\u00eas de julho, o <strong>Instituto Mineiro de Agropecu\u00e1ria (IMA)<\/strong> abriu <strong>consulta p\u00fablica<\/strong> sobre a proposta de <strong>regulamenta\u00e7\u00e3o t\u00e9cnica do Queijo Artesanal do Vale do Sua\u00e7u\u00ed<\/strong>, produto tradicional da microrregi\u00e3o, reconhecida por suas pr\u00e1ticas peculiares de produ\u00e7\u00e3o.<\/p>\n<p>O regulamento define as <strong>especifica\u00e7\u00f5es de identidade e qualidade<\/strong>, incluindo crit\u00e9rios sobre:<\/p>\n<p>Mat\u00e9ria-prima<\/p>\n<p>Modo de preparo<\/p>\n<p>Condi\u00e7\u00f5es de higiene<\/p>\n<p>Matura\u00e7\u00e3o e conserva\u00e7\u00e3o<\/p>\n<p>Essas diretrizes garantem <strong>seguran\u00e7a alimentar ao consumidor<\/strong> e <strong>valoriza\u00e7\u00e3o cultural<\/strong> do produto.<\/p>\n\n<p>A <strong>consulta p\u00fablica est\u00e1 aberta at\u00e9 27 de julho<\/strong> e permite que produtores, especialistas, representantes do setor e cidad\u00e3os interessados <strong>enviem sugest\u00f5es<\/strong> e colaborem com a constru\u00e7\u00e3o dessa nova legisla\u00e7\u00e3o estadual.<\/p>\n\n<p>\u00a0<\/p>","protected":false},"excerpt":{"rendered":"<p>FAEMG SENAR | Divulga\u00e7\u00e3o Sistema Faemg Senar leva produtores para trocar experi\u00eancias e conhecer propriedades em regi\u00f5es refer\u00eancia na produ\u00e7\u00e3o de queijos artesanais regularizados O Sistema Faemg Senar, em parceria com o Sebrae Minas, realiza, entre os dias 21 e 24 de julho de 2025, a miss\u00e3o t\u00e9cnica \u201cNas Trilhas do Queijo Artesanal\u201d. A iniciativa [&hellip;]<\/p>\n","protected":false},"author":0,"featured_media":30575,"comment_status":"open","ping_status":"open","sticky":false,"template":"","format":"standard","meta":{"rop_custom_images_group":[],"rop_custom_messages_group":[],"rop_publish_now":"initial","rop_publish_now_accounts":[],"rop_publish_now_history":[],"rop_publish_now_status":"pending","footnotes":""},"categories":[6745],"tags":[],"class_list":["post-30574","post","type-post","status-publish","format-standard","has-post-thumbnail","hentry","category-coluna-sindijori"],"_links":{"self":[{"href":"https:\/\/diariotribuna.com.br\/index.php?rest_route=\/wp\/v2\/posts\/30574"}],"collection":[{"href":"https:\/\/diariotribuna.com.br\/index.php?rest_route=\/wp\/v2\/posts"}],"about":[{"href":"https:\/\/diariotribuna.com.br\/index.php?rest_route=\/wp\/v2\/types\/post"}],"replies":[{"embeddable":true,"href":"https:\/\/diariotribuna.com.br\/index.php?rest_route=%2Fwp%2Fv2%2Fcomments&post=30574"}],"version-history":[{"count":0,"href":"https:\/\/diariotribuna.com.br\/index.php?rest_route=\/wp\/v2\/posts\/30574\/revisions"}],"wp:featuredmedia":[{"embeddable":true,"href":"https:\/\/diariotribuna.com.br\/index.php?rest_route=\/wp\/v2\/media\/30575"}],"wp:attachment":[{"href":"https:\/\/diariotribuna.com.br\/index.php?rest_route=%2Fwp%2Fv2%2Fmedia&parent=30574"}],"wp:term":[{"taxonomy":"category","embeddable":true,"href":"https:\/\/diariotribuna.com.br\/index.php?rest_route=%2Fwp%2Fv2%2Fcategories&post=30574"},{"taxonomy":"post_tag","embeddable":true,"href":"https:\/\/diariotribuna.com.br\/index.php?rest_route=%2Fwp%2Fv2%2Ftags&post=30574"}],"curies":[{"name":"wp","href":"https:\/\/api.w.org\/{rel}","templated":true}]}}