{"id":30583,"date":"2025-07-19T07:52:22","date_gmt":"2025-07-19T10:52:22","guid":{"rendered":"https:\/\/diariotribuna.com.br\/?p=30583"},"modified":"2025-07-19T07:52:22","modified_gmt":"2025-07-19T10:52:22","slug":"empresa-mineira-conquista-mais-mercado","status":"publish","type":"post","link":"https:\/\/diariotribuna.com.br\/?p=30583","title":{"rendered":"Empresa mineira conquista mais mercado\u00a0"},"content":{"rendered":"<p><em><span>Foto: Divulga\u00e7\u00e3o\/JA<\/span><\/em><\/p>\n<p><strong><span>COLUNA MG<\/span><\/strong><br \/><span>Principais destaques dos jornais e portais integrantes da rede Sindijori MG\u00a0<\/span><br \/><span><a href=\"http:\/\/www.sindijorimg.com.br\/\">www.sindijorimg.com.br<\/a><\/span><\/p>\n<p><strong><span>Empresa mineira conquista mais mercado<\/span><\/strong><br \/><span>A Avivar Alimentos conquistou mais um marco em sua trajet\u00f3ria de expans\u00e3o internacional. Pela primeira vez, a empresa realiza exporta\u00e7\u00f5es para o Benin, pa\u00eds localizado na costa oeste da \u00c1frica Ocidental, consolidando sua presen\u00e7a em 39 mercados ao redor do mundo. Esse embarque representa n\u00e3o apenas o fortalecimento da presen\u00e7a da marca no continente africano, mas tamb\u00e9m um passo estrat\u00e9gico para ampliar parcerias comerciais em novos territ\u00f3rios. (Jornal Agora \u2013 Divin\u00f3polis)<\/span><br \/><span><a href=\"https:\/\/www.agoracomvoce.com.br\/2025\/07\/18\/avivar-alimentos-inicia-exportacoes-para-benin-e-amplia-presenca-internacional-para-39-paises\/\">https:\/\/www.agoracomvoce.com.br\/2025\/07\/18\/avivar-alimentos-inicia-exportacoes-para-benin-e-amplia-presenca-internacional-para-39-paises\/<\/a><\/span><\/p>\n<p><strong><span>Vi\u00e7osa ter\u00e1 servi\u00e7os para doen\u00e7as raras<\/span><\/strong><br \/><span>O Governo de Minas anunciou, na \u00faltima quarta-feira, 16 de julho, que Vi\u00e7osa receber\u00e1 novos servi\u00e7os para doen\u00e7as raras atrav\u00e9s da Unidade de Aten\u00e7\u00e3o Especializada (Uaes) da Universidade Federal de Vi\u00e7osa (UFV). A medida faz parte da amplia\u00e7\u00e3o da Pol\u00edtica Estadual de Doen\u00e7as Raras, que contempla mais quatro cidades. Segundo o governo estadual, 794 moradores vi\u00e7osenses ser\u00e3o beneficiados pelos servi\u00e7os. Os atendimentos incluir\u00e3o avalia\u00e7\u00e3o cl\u00ednica, aconselhamento gen\u00e9tico e exames especializados. (Folha da Mata \u2013 Vi\u00e7osa)<\/span><br \/><span><a href=\"https:\/\/www.folhadamata.com.br\/vicosa-tera-novos-servicos-para-doencas-raras\">https:\/\/www.folhadamata.com.br\/vicosa-tera-novos-servicos-para-doencas-raras<\/a><\/span><\/p>\n<p><strong><span>Sete Lagoas lan\u00e7a mascote<\/span><\/strong><br \/><span>A fachada do Casar\u00e3o Nh\u00f4 Quim Drummond se transformou em uma grande tela de cinema na noite da \u00faltima ter\u00e7a-feira, 15 de julho, para marcar o lan\u00e7amento oficial do mascote Zaca, criado pela Prefeitura de Sete Lagoas em homenagem ao inesquec\u00edvel trapalh\u00e3o Zacarias &#8211; um emocionante tributo ao humorista Mauro Faccio Gon\u00e7alves, sete-lagoano que ganhou proje\u00e7\u00e3o nacional ao integrar o grupo Os Trapalh\u00f5es. \u201cCom muito or- gulho, apresentamos o Zaca, mascote oficial da Prefeitura de Sete Lagoas! Ele chega para ser o embaixador oficial de Sete Lagoas\u201d, destacou o prefeito Douglas Melo. (Di\u00e1rio de Sete Lagoas)<\/span><br \/><span><a href=\"https:\/\/www.diariosetelagoas.com.br\/sete-lagoas\">https:\/\/www.diariosetelagoas.com.br\/sete-lagoas<\/a><\/span><\/p>\n<p><strong><span>Circuito de Dan\u00e7a no Festival de Mariana<\/span><\/strong><br \/><span>O Circuito Mineiro de Dan\u00e7a integra, at\u00e9 20 de julho, o tradicional Festival de Inverno de Mariana. O projeto leva oficinas e apresenta\u00e7\u00f5es gratuitas \u00e0 Pra\u00e7a Gomes Freire, ao Cine Teatro Municipal e a escolas municipais da cidade, buscando envolver todas as faixas et\u00e1rias em atividades que exercitam a express\u00e3o corporal e apresentam a for\u00e7a e diversidade da cultura local. Al\u00e9m de Mariana, o Circuito Mineiro de Dan\u00e7a ainda chega neste ano em Belo Horizonte, 27 e 28 de setembro; Nova Lima, 11 e 12 de outubro; e Jeceaba, 25 e 26 de outubro. (Portal RCWTV \u2013 Juiz de Fora)<\/span><br \/><span><a href=\"https:\/\/www.rcwtv.com.br\/noticia\/circuito-mineiro-de-danca-integra-o-festival-de-inverno-de-mariana\">https:\/\/www.rcwtv.com.br\/noticia\/circuito-mineiro-de-danca-integra-o-festival-de-inverno-de-mariana<\/a><\/span><\/p>\n<p><strong><span>Arax\u00e1 ter\u00e1 atendimento pioneiro em MG<\/span><\/strong><br \/><span>Arax\u00e1 ser\u00e1 o primeiro munic\u00edpio de Minas Gerais a implantar um Centro Integrado de Atendimento (CAI) voltado \u00e0 prote\u00e7\u00e3o de crian\u00e7as e adolescentes v\u00edtimas ou testemunhas de viol\u00eancia. O projeto, pioneiro no estado, foi oficialmente apresentado durante reuni\u00e3o na sede da Prefeitura, com a presen\u00e7a de representantes do Executivo, Judici\u00e1rio, Minist\u00e9rio P\u00fablico e institui\u00e7\u00f5es da rede de prote\u00e7\u00e3o. Em conformidade com Lei Federal, o CAI reunir\u00e1, em um \u00fanico espa\u00e7o, uma equipe multidisciplinar capacitada para prestar atendimento humanizado. (Jornal Integra\u00e7\u00e3o \u2013 Arax\u00e1)<\/span><br \/><span><a href=\"https:\/\/www.jornalinteracao.com.br\/araxa-sera-pioneira-em-minas-com-criacao-de-centro-integrado-de-atendimento-a-infancia\">https:\/\/www.jornalinteracao.com.br\/araxa-sera-pioneira-em-minas-com-criacao-de-centro-integrado-de-atendimento-a-infancia<\/a><\/span><\/p>\n<p><strong><span>Brumadinho doa cestas nas f\u00e9rias<\/span><\/strong><br \/><span>Com o objetivo de assegurar o cuidado aos alunos e a seguran\u00e7a alimentar durante o per\u00edodo de recesso escolar, a Prefeitura de Brumadinho vem realizando a entrega de cestas b\u00e1sicas completas em todas as escolas do munic\u00edpio, desde a sede at\u00e9 a zona rural. No total ser\u00e3o distribu\u00eddos mais de 6 mil kits de alimenta\u00e7\u00e3o de forma gratuita. Cada cesta \u00e9 composta por mais de 21 itens essenciais, como arroz, feij\u00e3o, a\u00e7\u00facar, \u00f3leo, macarr\u00e3o, biscoitos e sal, pensados estrategicamente para\u00a0 atender todas as fam\u00edlias. (Portal MG News \u2013 Brumadinho)<\/span><br \/><span><a href=\"https:\/\/www.portalmgnews.com\/prefeitura-distribui-cestas-basicas-aos-alunos-durante-recesso-escolar\">https:\/\/www.portalmgnews.com\/prefeitura-distribui-cestas-basicas-aos-alunos-durante-recesso-escolar<\/a><\/span><\/p>\n<p><strong><span>Circuito dos Escritores em Formiga<\/span><\/strong><br \/><span>A Prefeitura, por meio das Bibliotecas P\u00fablicas Municipais, divulgou nesta quinta-feira, dia 17, a programa\u00e7\u00e3o do Circuito dos Escritores Formiguenses deste ano. O evento come\u00e7ar\u00e1 na pr\u00f3xima segunda-feira, dia 21, com o lan\u00e7amento do livro \u201cMinhas lembran\u00e7as n\u00e3o s\u00e3o s\u00f3 de inf\u00e2ncia\u201d, de Fabr\u00edcia Ribeiro Gontijo, e ser\u00e1 encerrado no dia 27, com o Projeto Cantando a Vida, que ter\u00e1 show do Padre F\u00e1bio de Melo. Segundo a programa\u00e7\u00e3o, durante a semana, outras obras liter\u00e1rias ser\u00e3o lan\u00e7adas, todas em solenidade na Biblioteca Dr. S\u00f3crates Bezerra de Menezes. (O Pergaminho \u2013 Formiga)<\/span><br \/><span><a href=\"https:\/\/www.opergaminho.com.br\/circuito-dos-escritores-formiguenses-comecara-na-proxima-segunda-19664\">https:\/\/www.opergaminho.com.br\/circuito-dos-escritores-formiguenses-comecara-na-proxima-segunda-19664<\/a><\/span><\/p>\n<p><span><\/span><\/p>\n<p>\u00a0<\/p>","protected":false},"excerpt":{"rendered":"<p>Foto: Divulga\u00e7\u00e3o\/JA COLUNA MGPrincipais destaques dos jornais e portais integrantes da rede Sindijori MG\u00a0www.sindijorimg.com.br Empresa mineira conquista mais mercadoA Avivar Alimentos conquistou mais um marco em sua trajet\u00f3ria de expans\u00e3o internacional. Pela primeira vez, a empresa realiza exporta\u00e7\u00f5es para o Benin, pa\u00eds localizado na costa oeste da \u00c1frica Ocidental, consolidando sua presen\u00e7a em 39 mercados [&hellip;]<\/p>\n","protected":false},"author":0,"featured_media":30584,"comment_status":"open","ping_status":"open","sticky":false,"template":"","format":"standard","meta":{"rop_custom_images_group":[],"rop_custom_messages_group":[],"rop_publish_now":"initial","rop_publish_now_accounts":[],"rop_publish_now_history":[],"rop_publish_now_status":"pending","footnotes":""},"categories":[6745],"tags":[],"class_list":["post-30583","post","type-post","status-publish","format-standard","has-post-thumbnail","hentry","category-coluna-sindijori"],"_links":{"self":[{"href":"https:\/\/diariotribuna.com.br\/index.php?rest_route=\/wp\/v2\/posts\/30583"}],"collection":[{"href":"https:\/\/diariotribuna.com.br\/index.php?rest_route=\/wp\/v2\/posts"}],"about":[{"href":"https:\/\/diariotribuna.com.br\/index.php?rest_route=\/wp\/v2\/types\/post"}],"replies":[{"embeddable":true,"href":"https:\/\/diariotribuna.com.br\/index.php?rest_route=%2Fwp%2Fv2%2Fcomments&post=30583"}],"version-history":[{"count":0,"href":"https:\/\/diariotribuna.com.br\/index.php?rest_route=\/wp\/v2\/posts\/30583\/revisions"}],"wp:featuredmedia":[{"embeddable":true,"href":"https:\/\/diariotribuna.com.br\/index.php?rest_route=\/wp\/v2\/media\/30584"}],"wp:attachment":[{"href":"https:\/\/diariotribuna.com.br\/index.php?rest_route=%2Fwp%2Fv2%2Fmedia&parent=30583"}],"wp:term":[{"taxonomy":"category","embeddable":true,"href":"https:\/\/diariotribuna.com.br\/index.php?rest_route=%2Fwp%2Fv2%2Fcategories&post=30583"},{"taxonomy":"post_tag","embeddable":true,"href":"https:\/\/diariotribuna.com.br\/index.php?rest_route=%2Fwp%2Fv2%2Ftags&post=30583"}],"curies":[{"name":"wp","href":"https:\/\/api.w.org\/{rel}","templated":true}]}}