{"id":30585,"date":"2025-07-19T09:24:41","date_gmt":"2025-07-19T12:24:41","guid":{"rendered":"https:\/\/diariotribuna.com.br\/?p=30585"},"modified":"2025-07-19T09:24:41","modified_gmt":"2025-07-19T12:24:41","slug":"sistema-recebe-homenagem-por-contribuicao-ambiental","status":"publish","type":"post","link":"https:\/\/diariotribuna.com.br\/?p=30585","title":{"rendered":"Sistema recebe homenagem por contribui\u00e7\u00e3o ambiental\u00a0"},"content":{"rendered":"<p class=\"MsoNormal\"><span>FAEMG SENAR | Divulga\u00e7\u00e3o<\/span><\/p>\n<p><span><\/span><span><\/span><span><\/span><span><\/span><span><\/span><span><\/span><span><\/span><span><\/span><span><\/span><\/p>\n<p>O <a href=\"https:\/\/www.sistemafaemg.org.br\/senar\"><strong>Sistema Faemg Senar<\/strong><\/a> foi um dos agraciados na <strong>Solenidade de Homenagem aos Destaques de M\u00e9rito Ambiental de Minas Gerais \u2013 Edi\u00e7\u00e3o 2025<\/strong>, promovida pela <strong>Secretaria de Estado de Meio Ambiente e Desenvolvimento Sustent\u00e1vel (Semad)<\/strong> nesta quinta-feira (17\/7), no <strong>Audit\u00f3rio JK da Cidade Administrativa<\/strong>, em Belo Horizonte. O evento reconheceu autoridades, servidores p\u00fablicos, representantes da sociedade civil e institui\u00e7\u00f5es que se destacaram na <strong>prote\u00e7\u00e3o ambiental<\/strong> e no <strong>desenvolvimento sustent\u00e1vel<\/strong> do estado.<\/p>\n<p>Durante a cerim\u00f4nia, foram entregues a <strong>Medalha do M\u00e9rito Ambiental<\/strong> e a <strong>Moeda Comemorativa de Prote\u00e7\u00e3o Ambiental (Challenge Coin)<\/strong> a <strong>114 personalidades e institui\u00e7\u00f5es<\/strong>. Entre os homenageados, o <strong>presidente do Sistema Faemg Senar, Ant\u00f4nio de Salvo<\/strong>, recebeu a Medalha de M\u00e9rito Ambiental pelo trabalho realizado \u00e0 frente da entidade em prol do desenvolvimento sustent\u00e1vel de Minas Gerais. J\u00e1 a <strong>gerente de Sustentabilidade da institui\u00e7\u00e3o, Mariana Ramos<\/strong>, foi agraciada com a Challenge Coin \u2013 reconhecimento simb\u00f3lico que destaca iniciativas diretas de <strong>prote\u00e7\u00e3o ambiental<\/strong>.<\/p>\n<p>O presidente <strong>Ant\u00f4nio de Salvo<\/strong> recebeu a Medalha de M\u00e9rito Ambiental pelo trabalho em defesa da <strong>sustentabilidade no meio rural mineiro<\/strong>. J\u00e1 a gerente <strong>Mariana Ramos<\/strong> foi agraciada com a <strong>Challenge Coin<\/strong>.<\/p>\n<p>A solenidade teve in\u00edcio com a transmiss\u00e3o remota do pronunciamento do <strong>governador Romeu Zema<\/strong>:<br \/><strong>\u201cParab\u00e9ns a todos os homenageados. Essas honrarias representam o reconhecimento de um trabalho feito com \u00e9tica, responsabilidade e compromisso com o futuro dos mineiros. Cada um de voc\u00eas representa o esfor\u00e7o da minha gest\u00e3o para proteger nossas riquezas naturais e garantir qualidade de vida para todos\u201d<\/strong>, destacou o governador.<\/p>\n<p>A <strong>secret\u00e1ria Mar\u00edlia Melo<\/strong> tamb\u00e9m enfatizou o papel das institui\u00e7\u00f5es e profissionais que atuam em prol do meio ambiente:<br \/><strong>\u201cO M\u00e9rito Ambiental de Minas Gerais simboliza o reconhecimento p\u00fablico a pessoas e institui\u00e7\u00f5es que, com dedica\u00e7\u00e3o, coragem e responsabilidade, contribuem para a preserva\u00e7\u00e3o dos nossos recursos naturais. Hoje homenageamos aqueles que efetivamente agem em defesa do meio ambiente\u201d<\/strong>, afirmou.<\/p>\n\n<p><strong>Mariana Ramos<\/strong> refor\u00e7ou o protagonismo dos produtores rurais nas a\u00e7\u00f5es ambientais:<br \/><strong>\u201cAgradecemos ao governador Zema e \u00e0 secret\u00e1ria Mar\u00edlia Melo por essa honraria. Dividimos essa premia\u00e7\u00e3o com os produtores rurais, verdadeiros guardi\u00f5es dos recursos naturais. Acreditamos no caminho do equil\u00edbrio: \u00e9 poss\u00edvel produzir com sustentabilidade e, ao mesmo tempo, garantir seguran\u00e7a alimentar, energ\u00e9tica e clim\u00e1tica para as presentes e futuras gera\u00e7\u00f5es\u201d<\/strong>, concluiu.<\/p>\n<p>\u00a0<\/p>","protected":false},"excerpt":{"rendered":"<p>FAEMG SENAR | Divulga\u00e7\u00e3o O Sistema Faemg Senar foi um dos agraciados na Solenidade de Homenagem aos Destaques de M\u00e9rito Ambiental de Minas Gerais \u2013 Edi\u00e7\u00e3o 2025, promovida pela Secretaria de Estado de Meio Ambiente e Desenvolvimento Sustent\u00e1vel (Semad) nesta quinta-feira (17\/7), no Audit\u00f3rio JK da Cidade Administrativa, em Belo Horizonte. O evento reconheceu autoridades, [&hellip;]<\/p>\n","protected":false},"author":0,"featured_media":30586,"comment_status":"open","ping_status":"open","sticky":false,"template":"","format":"standard","meta":{"rop_custom_images_group":[],"rop_custom_messages_group":[],"rop_publish_now":"initial","rop_publish_now_accounts":[],"rop_publish_now_history":[],"rop_publish_now_status":"pending","footnotes":""},"categories":[6745],"tags":[],"class_list":["post-30585","post","type-post","status-publish","format-standard","has-post-thumbnail","hentry","category-coluna-sindijori"],"_links":{"self":[{"href":"https:\/\/diariotribuna.com.br\/index.php?rest_route=\/wp\/v2\/posts\/30585"}],"collection":[{"href":"https:\/\/diariotribuna.com.br\/index.php?rest_route=\/wp\/v2\/posts"}],"about":[{"href":"https:\/\/diariotribuna.com.br\/index.php?rest_route=\/wp\/v2\/types\/post"}],"replies":[{"embeddable":true,"href":"https:\/\/diariotribuna.com.br\/index.php?rest_route=%2Fwp%2Fv2%2Fcomments&post=30585"}],"version-history":[{"count":0,"href":"https:\/\/diariotribuna.com.br\/index.php?rest_route=\/wp\/v2\/posts\/30585\/revisions"}],"wp:featuredmedia":[{"embeddable":true,"href":"https:\/\/diariotribuna.com.br\/index.php?rest_route=\/wp\/v2\/media\/30586"}],"wp:attachment":[{"href":"https:\/\/diariotribuna.com.br\/index.php?rest_route=%2Fwp%2Fv2%2Fmedia&parent=30585"}],"wp:term":[{"taxonomy":"category","embeddable":true,"href":"https:\/\/diariotribuna.com.br\/index.php?rest_route=%2Fwp%2Fv2%2Fcategories&post=30585"},{"taxonomy":"post_tag","embeddable":true,"href":"https:\/\/diariotribuna.com.br\/index.php?rest_route=%2Fwp%2Fv2%2Ftags&post=30585"}],"curies":[{"name":"wp","href":"https:\/\/api.w.org\/{rel}","templated":true}]}}