{"id":30590,"date":"2025-07-19T17:16:13","date_gmt":"2025-07-19T20:16:13","guid":{"rendered":"https:\/\/diariotribuna.com.br\/?p=30590"},"modified":"2025-07-24T01:06:25","modified_gmt":"2025-07-24T04:06:25","slug":"justica-federal-em-teofilo-otoni-crescimento-com-sensibilidade-e-tecnica","status":"publish","type":"post","link":"https:\/\/diariotribuna.com.br\/?p=30590","title":{"rendered":"Justi\u00e7a Federal em Te\u00f3filo Otoni: Crescimento com Sensibilidade e T\u00e9cnica"},"content":{"rendered":"\n<figure class=\"wp-block-image size-full is-resized\"><img loading=\"lazy\" decoding=\"async\" width=\"660\" height=\"746\" src=\"https:\/\/diariotribuna.com.br\/wp-content\/uploads\/2025\/07\/Captura-de-tela-2025-07-17-151131.png\" alt=\"\" class=\"wp-image-30591\" style=\"width:346px;height:auto\" srcset=\"https:\/\/diariotribuna.com.br\/wp-content\/uploads\/2025\/07\/Captura-de-tela-2025-07-17-151131.png 660w, https:\/\/diariotribuna.com.br\/wp-content\/uploads\/2025\/07\/Captura-de-tela-2025-07-17-151131-265x300.png 265w, https:\/\/diariotribuna.com.br\/wp-content\/uploads\/2025\/07\/Captura-de-tela-2025-07-17-151131-372x420.png 372w\" sizes=\"(max-width: 660px) 100vw, 660px\" \/><\/figure>\n\n\n\n<p>Em 2025, a Justi\u00e7a Federal registrou um avan\u00e7o expressivo na atua\u00e7\u00e3o social, na Subse\u00e7\u00e3o Judici\u00e1ria de Te\u00f3filo Otoni: foram realizadas 1.317 per\u00edcias sociais, o que representa um aumento de 52,78% em rela\u00e7\u00e3o ao ano anterior. O crescimento quantitativo reflete a atua\u00e7\u00e3o qualificada das peritas sociais, todas mulheres, cuja dedica\u00e7\u00e3o di\u00e1ria alia conhecimento t\u00e9cnico, escuta sens\u00edvel e profundo compromisso com a efetiva\u00e7\u00e3o de direitos.<\/p>\n\n\n\n<p>A Subse\u00e7\u00e3o Judici\u00e1ria destaca que, mais do que n\u00fameros, cada per\u00edcia representa o esfor\u00e7o de traduzir contextos de vulnerabilidade em laudos fundamentados, capazes de subsidiar decis\u00f5es judiciais justas e humanizadas. Em um Judici\u00e1rio que busca n\u00e3o apenas julgar, mas compreender, essas profissionais s\u00e3o fundamentais.<\/p>\n\n\n\n<p>Com precis\u00e3o metodol\u00f3gica e olhar atento \u00e0s realidades invisibilizadas, elas promovem acesso \u00e0 justi\u00e7a por meio da escuta social qualificada, garantindo que a dimens\u00e3o humana jamais seja negligenciada nos autos. (Informa\u00e7\u00f5es\/Imagem: Justi\u00e7a Federal, Subse\u00e7\u00e3o Judici\u00e1ria de Te\u00f3filo Otoni).<\/p>\n","protected":false},"excerpt":{"rendered":"<p>Em 2025, a Justi\u00e7a Federal registrou um avan\u00e7o expressivo na atua\u00e7\u00e3o social, na Subse\u00e7\u00e3o Judici\u00e1ria de Te\u00f3filo Otoni: foram realizadas 1.317 per\u00edcias sociais, o que representa um aumento de 52,78% em rela\u00e7\u00e3o ao ano anterior. O crescimento quantitativo reflete a atua\u00e7\u00e3o qualificada das peritas sociais, todas mulheres, cuja dedica\u00e7\u00e3o di\u00e1ria alia conhecimento t\u00e9cnico, escuta sens\u00edvel [&hellip;]<\/p>\n","protected":false},"author":1,"featured_media":30591,"comment_status":"open","ping_status":"open","sticky":false,"template":"","format":"standard","meta":{"rop_custom_images_group":[],"rop_custom_messages_group":[],"rop_publish_now":"initial","rop_publish_now_accounts":[],"rop_publish_now_history":[],"rop_publish_now_status":"pending","footnotes":""},"categories":[31],"tags":[7252,4916,7253,75],"class_list":["post-30590","post","type-post","status-publish","format-standard","has-post-thumbnail","hentry","category-juridico","tag-crescimento-com-sensibilidade-e-tecnica","tag-justica-federal","tag-pericias-sociais","tag-teofilo-otoni"],"_links":{"self":[{"href":"https:\/\/diariotribuna.com.br\/index.php?rest_route=\/wp\/v2\/posts\/30590"}],"collection":[{"href":"https:\/\/diariotribuna.com.br\/index.php?rest_route=\/wp\/v2\/posts"}],"about":[{"href":"https:\/\/diariotribuna.com.br\/index.php?rest_route=\/wp\/v2\/types\/post"}],"author":[{"embeddable":true,"href":"https:\/\/diariotribuna.com.br\/index.php?rest_route=\/wp\/v2\/users\/1"}],"replies":[{"embeddable":true,"href":"https:\/\/diariotribuna.com.br\/index.php?rest_route=%2Fwp%2Fv2%2Fcomments&post=30590"}],"version-history":[{"count":1,"href":"https:\/\/diariotribuna.com.br\/index.php?rest_route=\/wp\/v2\/posts\/30590\/revisions"}],"predecessor-version":[{"id":30592,"href":"https:\/\/diariotribuna.com.br\/index.php?rest_route=\/wp\/v2\/posts\/30590\/revisions\/30592"}],"wp:featuredmedia":[{"embeddable":true,"href":"https:\/\/diariotribuna.com.br\/index.php?rest_route=\/wp\/v2\/media\/30591"}],"wp:attachment":[{"href":"https:\/\/diariotribuna.com.br\/index.php?rest_route=%2Fwp%2Fv2%2Fmedia&parent=30590"}],"wp:term":[{"taxonomy":"category","embeddable":true,"href":"https:\/\/diariotribuna.com.br\/index.php?rest_route=%2Fwp%2Fv2%2Fcategories&post=30590"},{"taxonomy":"post_tag","embeddable":true,"href":"https:\/\/diariotribuna.com.br\/index.php?rest_route=%2Fwp%2Fv2%2Ftags&post=30590"}],"curies":[{"name":"wp","href":"https:\/\/api.w.org\/{rel}","templated":true}]}}