{"id":30605,"date":"2025-07-22T21:57:25","date_gmt":"2025-07-23T00:57:25","guid":{"rendered":"https:\/\/diariotribuna.com.br\/?p=30605"},"modified":"2025-07-22T21:57:25","modified_gmt":"2025-07-23T00:57:25","slug":"infrabusiness-expo-abre-inscricoes-para-congresso-tecnico-com-foco-em-inovacao-investimentos-e-cidades-inteligentes","status":"publish","type":"post","link":"https:\/\/diariotribuna.com.br\/?p=30605","title":{"rendered":"InfraBusiness Expo abre inscri\u00e7\u00f5es para congresso t\u00e9cnico com foco em inova\u00e7\u00e3o, investimentos e cidades inteligentes\u00a0"},"content":{"rendered":"<p class=\"MsoNormal\"><span>SISTEMA FIEMG | Divulga\u00e7\u00e3o<\/span><span><\/span><\/p>\n<p><span><\/span><span><\/span><\/p>\n<h3><span>As inscri\u00e7\u00f5es para o Congresso da <\/span><strong>InfraBusiness Expo 2025<\/strong><span> j\u00e1 est\u00e3o abertas. O evento acontece entre os dias <\/span><strong>12 e 14 de agosto<\/strong><span>, no <\/span><strong>Expominas<\/strong><span>, em <\/span><strong>Belo Horizonte<\/strong><span>, e reunir\u00e1 lideran\u00e7as empresariais, especialistas, gestores p\u00fablicos e investidores para discutir os principais temas que impactam a infraestrutura brasileira e seu papel no desenvolvimento econ\u00f4mico e social do pa\u00eds.<\/span><\/h3>\n<p>A programa\u00e7\u00e3o t\u00e9cnica se estende por tr\u00eas dias e inclui <strong>pain\u00e9is tem\u00e1ticos<\/strong>, <strong>palestras magnas<\/strong> e <strong>debates<\/strong> sobre temas como <strong>inova\u00e7\u00e3o e digitaliza\u00e7\u00e3o na engenharia<\/strong>, <strong>financiamento de grandes obras<\/strong>, <strong>concess\u00f5es p\u00fablicas<\/strong>, <strong>sustentabilidade urbana<\/strong>, e o conceito de <strong>cidades inteligentes<\/strong>.<\/p>\n<h4><strong>Nomes confirmados<\/strong><\/h4>\n<p>Entre os destaques j\u00e1 confirmados est\u00e3o:<\/p>\n<p><strong>Ricardo Amorim<\/strong>, economista;<\/p>\n<p><strong>Rubens Menin<\/strong>, empres\u00e1rio (MRV, Inter, Log, CNN Brasil, R\u00e1dio Itatiaia, Urba, Resia, Conedi);<\/p>\n<p><strong>Mateus Sim\u00f5es<\/strong>, vice-governador de Minas;<\/p>\n<p><strong>Antonio Anastasia<\/strong>, ministro do TCU e ex-governador de MG;<\/p>\n<p><strong>Eug\u00eanio Mattar<\/strong>, Executive Chairman da Localiza;<\/p>\n<p><strong>Ana Sanches<\/strong>, CEO da Anglo American;<\/p>\n<p><strong>Guilherme Sampaio<\/strong>, diretor-geral da ANTT;<\/p>\n<p><strong>Henrique Salvador<\/strong>, presidente do Conselho da Rede Mater Dei.<\/p>\n<h3><strong>Destaques da programa\u00e7\u00e3o<\/strong><\/h3>\n<p><strong>Ter\u00e7a-feira \u2013 12\/08<\/strong><br \/>\u00a0Painel de abertura com <strong>Fl\u00e1vio Roscoe<\/strong> (presidente da FIEMG), reunindo <strong>Eug\u00eanio Mattar<\/strong>, <strong>Henrique Salvador<\/strong> e <strong>Rubens Menin<\/strong>, para discutir os desafios e tend\u00eancias da infraestrutura em MG, com foco nos R$ 100 bilh\u00f5es previstos em investimentos.<\/p>\n<p>\u00a0\u00c0 tarde, <strong>palestras magnas<\/strong> com:<\/p>\n<p><strong>Antonio Anastasia<\/strong> (TCU),<\/p>\n<p><strong>Marco Aur\u00e9lio de Barcelos<\/strong> (presidente da ABCR),<\/p>\n<p><strong>Guilherme Sampaio<\/strong> (ANTT).<\/p>\n<p><strong>Quarta-feira \u2013 13\/08<\/strong><br \/>Painel com:<\/p>\n<p><strong>Fernando Passalio<\/strong> (Copasa),<\/p>\n<p><strong>Rodrigo Tavares<\/strong> (DER),<\/p>\n<p><strong>Leonardo Gomes<\/strong> (Sudecap),<\/p>\n<p><strong>Ant\u00f4nio Gabriel Santos<\/strong> (Dnit-MG),<br \/>Mediado por <strong>Bruno Baetya Lig\u00f3rio<\/strong>, presidente do Sicepot-MG.<\/p>\n<p>\u00a0\u00c0 tarde, palestras magnas com:<\/p>\n<p><strong>Pedro Bruno Barros de Souza<\/strong> (secret\u00e1rio estadual de Infraestrutura, Mobilidade e Parcerias),<\/p>\n<p><strong>Mila Corr\u00eaa de Costa<\/strong> (secret\u00e1ria de Desenvolvimento Econ\u00f4mico de MG).<\/p>\n<p><strong>Quinta-feira \u2013 14\/08<\/strong><br \/>. Palestra com <strong>Hugo Tadeu<\/strong> (Funda\u00e7\u00e3o Dom Cabral) sobre inova\u00e7\u00e3o, tecnologia e competitividade.<br \/>. Apresenta\u00e7\u00e3o de <strong>Ismael Corr\u00eaa<\/strong> (Sotreq) sobre desenvolvimento de m\u00e1quinas de pavimenta\u00e7\u00e3o.<br \/>. Encerramento com <strong>Ricardo Amorim<\/strong>, considerado o economista mais influente do Brasil (segundo a Forbes) e maior influenciador brasileiro no LinkedIn.<\/p>\n<h3><strong>Sobre o evento<\/strong><\/h3>\n<p>Organizada pela <strong>Cubo Eventos<\/strong>, com apoio institucional da <strong>FIEMG<\/strong> e do <strong>Sicepot-MG<\/strong>, a InfraBusiness Expo se consolida como o principal ponto de encontro da cadeia produtiva da infraestrutura da Am\u00e9rica Latina. <strong>Minas Gerais<\/strong>, com mais de R$ 100 bilh\u00f5es previstos em investimentos at\u00e9 2031, foi escolhida estrategicamente como sede do evento.<\/p>\n<p>\u201cA InfraBusiness nasce como uma feira feita por quem vive o setor. Nosso objetivo \u00e9 gerar neg\u00f3cios reais, atrair investimentos e criar conex\u00f5es estrat\u00e9gicas entre setor p\u00fablico, mercado e ind\u00fastria\u201d, afirma <strong>Emir Cadar Filho<\/strong>, idealizador do evento e vice-presidente da FIEMG. \u201cMinas \u00e9 essencial para a constru\u00e7\u00e3o pesada. Estamos oferecendo uma plataforma in\u00e9dita de inova\u00e7\u00e3o, networking e gera\u00e7\u00e3o de neg\u00f3cios em um momento decisivo para o futuro da infraestrutura brasileira\u201d, completa.<\/p>\n<h3><strong>Feira e inscri\u00e7\u00f5es<\/strong><\/h3>\n<p>A expectativa \u00e9 que a <strong>InfraBusiness Expo 2025<\/strong> receba mais de <strong>30 mil visitantes<\/strong> e movimente cerca de <strong>R$ 1 bilh\u00e3o<\/strong> em neg\u00f3cios. A feira contar\u00e1 com mais de <strong>100 expositores<\/strong>, como <strong>Komatsu, Volvo, Scania, JCB, Banco Inter, Itaipu, XCMG e ArcelorMittal<\/strong>, ocupando <strong>30 mil m\u00b2<\/strong>, sendo <strong>16.500 m\u00b2 cobertos<\/strong>.<\/p>\n<p>As <strong>inscri\u00e7\u00f5es para o congresso<\/strong> devem ser feitas no site oficial:<br \/><a href=\"https:\/\/infrabusinessexpo.com.br\/\">www.infrabusinessexpo.com.br<\/a><\/p>\n<p>L\u00e1 tamb\u00e9m est\u00e1 dispon\u00edvel a programa\u00e7\u00e3o completa e as informa\u00e7\u00f5es sobre pacotes e modalidades de participa\u00e7\u00e3o.<\/p>\n<p><strong>Patroc\u00ednio<\/strong>: CREA-MG e Prefeitura de Belo Horizonte (via Belotur).<\/p>\n<p><strong>Informa\u00e7\u00f5es para imprensa<\/strong>:<br \/>CORP Comunica\u00e7\u00e3o<br \/>. <strong>Saulo Penaforte<\/strong> \u2013 (31) 9 9683-5270 \u2013 <a class=\"cursor-pointer\">saulo.penaforte@corpcomunicacao.com.br<\/a><br \/>. <strong>Leonardo Pessanha<\/strong> \u2013 (21) 99184-7178 \u2013 <a class=\"cursor-pointer\">leonardo.souza@corpcomunicacao.com.br<\/a><br \/>. <strong>Andrea C\u00e2ndido<\/strong> \u2013 (31) 99198-6666 \u2013 <a class=\"cursor-pointer\">andrea.candido@corpcomunicacao.com.br<\/a><\/p>\n\n<p>\u00a0<\/p>","protected":false},"excerpt":{"rendered":"<p>SISTEMA FIEMG | Divulga\u00e7\u00e3o As inscri\u00e7\u00f5es para o Congresso da InfraBusiness Expo 2025 j\u00e1 est\u00e3o abertas. O evento acontece entre os dias 12 e 14 de agosto, no Expominas, em Belo Horizonte, e reunir\u00e1 lideran\u00e7as empresariais, especialistas, gestores p\u00fablicos e investidores para discutir os principais temas que impactam a infraestrutura brasileira e seu papel no [&hellip;]<\/p>\n","protected":false},"author":0,"featured_media":30606,"comment_status":"open","ping_status":"open","sticky":false,"template":"","format":"standard","meta":{"rop_custom_images_group":[],"rop_custom_messages_group":[],"rop_publish_now":"initial","rop_publish_now_accounts":[],"rop_publish_now_history":[],"rop_publish_now_status":"pending","footnotes":""},"categories":[6745],"tags":[],"class_list":["post-30605","post","type-post","status-publish","format-standard","has-post-thumbnail","hentry","category-coluna-sindijori"],"_links":{"self":[{"href":"https:\/\/diariotribuna.com.br\/index.php?rest_route=\/wp\/v2\/posts\/30605"}],"collection":[{"href":"https:\/\/diariotribuna.com.br\/index.php?rest_route=\/wp\/v2\/posts"}],"about":[{"href":"https:\/\/diariotribuna.com.br\/index.php?rest_route=\/wp\/v2\/types\/post"}],"replies":[{"embeddable":true,"href":"https:\/\/diariotribuna.com.br\/index.php?rest_route=%2Fwp%2Fv2%2Fcomments&post=30605"}],"version-history":[{"count":0,"href":"https:\/\/diariotribuna.com.br\/index.php?rest_route=\/wp\/v2\/posts\/30605\/revisions"}],"wp:featuredmedia":[{"embeddable":true,"href":"https:\/\/diariotribuna.com.br\/index.php?rest_route=\/wp\/v2\/media\/30606"}],"wp:attachment":[{"href":"https:\/\/diariotribuna.com.br\/index.php?rest_route=%2Fwp%2Fv2%2Fmedia&parent=30605"}],"wp:term":[{"taxonomy":"category","embeddable":true,"href":"https:\/\/diariotribuna.com.br\/index.php?rest_route=%2Fwp%2Fv2%2Fcategories&post=30605"},{"taxonomy":"post_tag","embeddable":true,"href":"https:\/\/diariotribuna.com.br\/index.php?rest_route=%2Fwp%2Fv2%2Ftags&post=30605"}],"curies":[{"name":"wp","href":"https:\/\/api.w.org\/{rel}","templated":true}]}}