{"id":30607,"date":"2025-07-23T11:11:10","date_gmt":"2025-07-23T14:11:10","guid":{"rendered":"https:\/\/diariotribuna.com.br\/?p=30607"},"modified":"2025-07-23T11:11:10","modified_gmt":"2025-07-23T14:11:10","slug":"sistema-cna-senar-e-faemg-abrem-inscricoes-para-o-conacarne","status":"publish","type":"post","link":"https:\/\/diariotribuna.com.br\/?p=30607","title":{"rendered":"Sistema CNA\/Senar e Faemg abrem inscri\u00e7\u00f5es para o Conacarne\u00a0"},"content":{"rendered":"<p><strong><\/strong><\/p>\n<p class=\"MsoNormal\"><span>FAEMG SENAR | Divulga\u00e7\u00e3o<\/span><\/p>\n<p><span><\/span><span><\/span><span><\/span><span><\/span><span><\/span><span><\/span><span><\/span><span><\/span><\/p>\n<p><strong>Congresso Nacional da Carne ser\u00e1 realizado nos dias 18 e 19 de setembro, em Belo Horizonte<\/strong><\/p>\n<p>Est\u00e3o abertas as inscri\u00e7\u00f5es para a <strong>primeira edi\u00e7\u00e3o do Congresso Nacional da Carne \u2013 Conacarne<\/strong>, que acontecer\u00e1 nos dias <strong>18 e 19 de setembro<\/strong>, no centro de eventos <strong>Expominas<\/strong>, em <strong>Belo Horizonte (MG)<\/strong>.<\/p>\n<p>O evento \u00e9 promovido pelo <strong>Sistema CNA\/Senar<\/strong> e pela <strong>Federa\u00e7\u00e3o da Agricultura e Pecu\u00e1ria do Estado de Minas Gerais (Faemg)<\/strong>, com o apoio da <strong>Associa\u00e7\u00e3o Brasileira dos Criadores de Zebu (ABCZ)<\/strong>.<\/p>\n<p>O <strong>Conacarne<\/strong> reunir\u00e1 <strong>produtores, t\u00e9cnicos, representantes da ind\u00fastria e formadores de opini\u00e3o<\/strong> para discutir temas estrat\u00e9gicos do setor, como:<\/p>\n<p>Tend\u00eancias de consumo da carne bovina no mundo<\/p>\n<p>Qualidade e padr\u00f5es de produ\u00e7\u00e3o<\/p>\n<p>O futuro do mercado do boi<\/p>\n<p>Tecnologias aplicadas \u00e0 produ\u00e7\u00e3o de carne, entre outros<\/p>\n<p>Os interessados em participar devem procurar a <strong>Federa\u00e7\u00e3o de Agricultura e Pecu\u00e1ria do seu estado<\/strong>. A lista de contatos est\u00e1 dispon\u00edvel no link: <a href=\"https:\/\/www.cnabrasil.org.br\/federacoes\" target=\"_blank\" rel=\"noopener\">www.cnabrasil.org\/federacoes<\/a><br \/><strong>As vagas s\u00e3o limitadas.<\/strong><\/p>\n<p>A programa\u00e7\u00e3o completa e o formul\u00e1rio de inscri\u00e7\u00e3o est\u00e3o dispon\u00edveis no site oficial do evento: <a target=\"_new\" class=\"\" href=\"https:\/\/www.conacarne.org.br\/\" rel=\"noopener\">www.conacarne.org.br<\/a><\/p>\n<p>\u00a0<\/p>","protected":false},"excerpt":{"rendered":"<p>FAEMG SENAR | Divulga\u00e7\u00e3o Congresso Nacional da Carne ser\u00e1 realizado nos dias 18 e 19 de setembro, em Belo Horizonte Est\u00e3o abertas as inscri\u00e7\u00f5es para a primeira edi\u00e7\u00e3o do Congresso Nacional da Carne \u2013 Conacarne, que acontecer\u00e1 nos dias 18 e 19 de setembro, no centro de eventos Expominas, em Belo Horizonte (MG). O evento [&hellip;]<\/p>\n","protected":false},"author":0,"featured_media":30608,"comment_status":"open","ping_status":"open","sticky":false,"template":"","format":"standard","meta":{"rop_custom_images_group":[],"rop_custom_messages_group":[],"rop_publish_now":"initial","rop_publish_now_accounts":[],"rop_publish_now_history":[],"rop_publish_now_status":"pending","footnotes":""},"categories":[6745],"tags":[],"class_list":["post-30607","post","type-post","status-publish","format-standard","has-post-thumbnail","hentry","category-coluna-sindijori"],"_links":{"self":[{"href":"https:\/\/diariotribuna.com.br\/index.php?rest_route=\/wp\/v2\/posts\/30607"}],"collection":[{"href":"https:\/\/diariotribuna.com.br\/index.php?rest_route=\/wp\/v2\/posts"}],"about":[{"href":"https:\/\/diariotribuna.com.br\/index.php?rest_route=\/wp\/v2\/types\/post"}],"replies":[{"embeddable":true,"href":"https:\/\/diariotribuna.com.br\/index.php?rest_route=%2Fwp%2Fv2%2Fcomments&post=30607"}],"version-history":[{"count":0,"href":"https:\/\/diariotribuna.com.br\/index.php?rest_route=\/wp\/v2\/posts\/30607\/revisions"}],"wp:featuredmedia":[{"embeddable":true,"href":"https:\/\/diariotribuna.com.br\/index.php?rest_route=\/wp\/v2\/media\/30608"}],"wp:attachment":[{"href":"https:\/\/diariotribuna.com.br\/index.php?rest_route=%2Fwp%2Fv2%2Fmedia&parent=30607"}],"wp:term":[{"taxonomy":"category","embeddable":true,"href":"https:\/\/diariotribuna.com.br\/index.php?rest_route=%2Fwp%2Fv2%2Fcategories&post=30607"},{"taxonomy":"post_tag","embeddable":true,"href":"https:\/\/diariotribuna.com.br\/index.php?rest_route=%2Fwp%2Fv2%2Ftags&post=30607"}],"curies":[{"name":"wp","href":"https:\/\/api.w.org\/{rel}","templated":true}]}}