{"id":30619,"date":"2025-07-24T12:32:22","date_gmt":"2025-07-24T15:32:22","guid":{"rendered":"https:\/\/diariotribuna.com.br\/?p=30619"},"modified":"2025-07-24T12:32:22","modified_gmt":"2025-07-24T15:32:22","slug":"transporte-e-reajustado-em-uberlandia","status":"publish","type":"post","link":"https:\/\/diariotribuna.com.br\/?p=30619","title":{"rendered":"Transporte \u00e9 reajustado em Uberl\u00e2ndia\u00a0"},"content":{"rendered":"<p><em><span>Foto: Mateus Zerbini\/Arquivo Di\u00e1rio<\/span><\/em><\/p>\n<p><strong><span>COLUNA MG<\/span><\/strong><br \/><span>Principais destaques dos jornais e portais integrantes da rede Sindijori MG\u00a0<\/span><br \/><span><a href=\"http:\/\/www.sindijorimg.com.br\/\">www.sindijorimg.com.br<\/a><\/span><\/p>\n<p><strong><span>Transporte \u00e9 reajustado em Uberl\u00e2ndia<\/span><\/strong><br \/><span>A passagem de \u00f4nibus em Uberl\u00e2ndia ser\u00e1 reajustada para R$ 5,70 a partir do pr\u00f3ximo s\u00e1bado, 26. A nova tarifa representa um aumento de quase 27% em rela\u00e7\u00e3o ao valor atual, de R$ 4,50, que ficou congelado por cinco anos sem reajuste. De acordo com o Munic\u00edpio, o novo valor representa somente parte da tarifa t\u00e9cnica real apurada para manter a qualidade e desenvolvimento do sistema, cuja m\u00e9dia \u00e9 de R$ 9,40, em 2025. (Di\u00e1rio de Uberl\u00e2ndia)<\/span><br \/><span><a href=\"https:\/\/diariodeuberlandia.com.br\/noticia\/38499\/passagem-de-onibus-reajustada-r-570-uberlandia\">https:\/\/diariodeuberlandia.com.br\/noticia\/38499\/passagem-de-onibus-reajustada-r-570-uberlandia<\/a><\/span><\/p>\n<p><strong><span>TJ suspende lei municipal<\/span><\/strong><br \/><span>O Tribunal de Justi\u00e7a de Minas Gerais declarou a inconstitucionalidade da Lei Municipal e a Prefeitura Municipal de Patroc\u00ednio n\u00e3o poder\u00e1 mais negar servi\u00e7os ou atendimento a contribuintes que n\u00e3o estejam em dia com suas obriga\u00e7\u00f5es fiscais. At\u00e9 ent\u00e3o, era vedado o direito do contribuinte de receber valores do Munic\u00edpio caso estivesse em d\u00e9bito, impedindo at\u00e9 mesmo a participa\u00e7\u00e3o em preg\u00f5es ou processos licitat\u00f3rios. Esta proibi\u00e7\u00e3o foi agora declarada inconstitucional. (Jornal de Patroc\u00ednio)<\/span><br \/><span><a href=\"https:\/\/www.jornaldepatrocinio.com\/vitoria-para-o-contribuinte-patrocinense-lei-150-que-bloqueava-servicos-municipais-por-divida-e-declarada-inconstitucional\">https:\/\/www.jornaldepatrocinio.com\/vitoria-para-o-contribuinte-patrocinense-lei-150-que-bloqueava-servicos-municipais-por-divida-e-declarada-inconstitucional<\/a><\/span><\/p>\n<p><strong><span>Capit\u00f3lio recebe Sal\u00e3o N\u00e1utico<\/span><\/strong><br \/><span>Come\u00e7a nesta quinta-feira, 24, e prossegue at\u00e9 domingo, 27 de julho, o Sal\u00e3o N\u00e1utico Capit\u00f3lio 2025, evento que promete reunir apaixonados por n\u00e1utica, turismo e inova\u00e7\u00e3o no cora\u00e7\u00e3o do Mar de Minas. Com expectativa de receber 10 mil visitantes e movimentar mais de R$ 30 milh\u00f5es em neg\u00f3cios, o Sal\u00e3o apresentar\u00e1 mais de 50 embarca\u00e7\u00f5es em exposi\u00e7\u00e3o, desde lanchas de alta performance, ve\u00edculos, aeronaves e at\u00e9 solu\u00e7\u00f5es inovadoras para o mercado n\u00e1utico. (Observo \u2013 Passos)<\/span><br \/><span><a href=\"https:\/\/www.observo.com.br\/evento-em-capitolio-espera-10-mil-visitantes-e-movimento-de-mais-de-r-30-milhoes\">https:\/\/www.observo.com.br\/evento-em-capitolio-espera-10-mil-visitantes-e-movimento-de-mais-de-r-30-milhoes<\/a><\/span><\/p>\n<p><strong><span>Fabriciano lidera ranking<\/span><\/strong><br \/><span>Coronel Fabriciano celebra mais um marco hist\u00f3rico no setor cultural. Com 17,03 pontos, a cidade alcan\u00e7ou a maior pontua\u00e7\u00e3o da regi\u00e3o, superando munic\u00edpios vizinhos como Ipatinga (13,70), Santana do Para\u00edso (12,47) e Tim\u00f3teo (10,85). A pontua\u00e7\u00e3o foi divulgada em car\u00e1ter provis\u00f3rio pelo Instituto Estadual do Patrim\u00f4nio Hist\u00f3rico e Art\u00edstico de Minas Gerais, o Iepha\/MG, e reflete o fortalecimento das pol\u00edticas p\u00fablicas de preserva\u00e7\u00e3o e valoriza\u00e7\u00e3o do patrim\u00f4nio cultural promovidas pela Diretoria de Cultura. (Jornal Classivale)<\/span><br \/><span><a href=\"https:\/\/jornalclassivale.com.br\/noticia\/4574\/cel-fabriciano-lidera-ranking-regional-com-nota-recorde-no-icms-cultural-2026\">https:\/\/jornalclassivale.com.br\/noticia\/4574\/cel-fabriciano-lidera-ranking-regional-com-nota-recorde-no-icms-cultural-2026<\/a><\/span><\/p>\n<p><strong><span>Po\u00e7os combate planta parasita<\/span><\/strong><br \/><span>A Secretaria de Servi\u00e7os P\u00fablicos iniciou uma a\u00e7\u00e3o intensiva de poda e manuten\u00e7\u00e3o das \u00e1rvores da cidade, aproveitando o per\u00edodo mais prop\u00edcio do ano para esse tipo de trabalho. As equipes est\u00e3o espalhadas por diversos setores de Po\u00e7os de Caldas, realizando a retirada de ervas daninhas, ervas-de-passarinho e outras plantas parasitas que comprometem a sa\u00fade das \u00e1rvores urbanas. (Jornal Mantiqueira \u2013 Po\u00e7os de Caldas)<\/span><br \/><span><a href=\"https:\/\/www.jornalmantiqueira.com.br\/2025\/07\/23\/prefeitura-realiza-acao-intensiva-para-combater-as-plantas-parasitas-na-arborizacao-urbana\/\">https:\/\/www.jornalmantiqueira.com.br\/2025\/07\/23\/prefeitura-realiza-acao-intensiva-para-combater-as-plantas-parasitas-na-arborizacao-urbana\/<\/a><\/span><\/p>\n<p><strong><span>Pres\u00eddio ganha extens\u00e3o de escola<\/span><\/strong><br \/><span>A Secretaria de Estado de Justi\u00e7a e Seguran\u00e7a P\u00fablica inaugurou no Pres\u00eddio de Varginha o segundo endere\u00e7o da Escola Estadual Professora Aracy Miranda, constru\u00eddo dentro da unidade prisional. O local tem capacidade para atender 80 presos e recebeu um investimento de R$ 87,5 mil. De acordo com o secret\u00e1rio de Estado de Justi\u00e7a e Seguran\u00e7a P\u00fablica, Rog\u00e9rio Greco, a disponibilidade de estudo dentro das unidades prisionais \u00e9 um dos principais eixos da ressocializa\u00e7\u00e3o em Minas Gerais. (Gazeta de Varginha)<\/span><br \/><span><a href=\"https:\/\/www.gazetadevarginha.com.br\/post\/pres%C3%ADdio-de-varginha-inaugura-extens%C3%A3o-da-escola-estadual-para-detentos\">https:\/\/www.gazetadevarginha.com.br\/post\/pres%C3%ADdio-de-varginha-inaugura-extens%C3%A3o-da-escola-estadual-para-detentos<\/a><\/span><\/p>\n<p><span><\/span><\/p>\n<p>\u00a0<\/p>","protected":false},"excerpt":{"rendered":"<p>Foto: Mateus Zerbini\/Arquivo Di\u00e1rio COLUNA MGPrincipais destaques dos jornais e portais integrantes da rede Sindijori MG\u00a0www.sindijorimg.com.br Transporte \u00e9 reajustado em Uberl\u00e2ndiaA passagem de \u00f4nibus em Uberl\u00e2ndia ser\u00e1 reajustada para R$ 5,70 a partir do pr\u00f3ximo s\u00e1bado, 26. A nova tarifa representa um aumento de quase 27% em rela\u00e7\u00e3o ao valor atual, de R$ 4,50, que [&hellip;]<\/p>\n","protected":false},"author":0,"featured_media":30620,"comment_status":"open","ping_status":"open","sticky":false,"template":"","format":"standard","meta":{"rop_custom_images_group":[],"rop_custom_messages_group":[],"rop_publish_now":"initial","rop_publish_now_accounts":[],"rop_publish_now_history":[],"rop_publish_now_status":"pending","footnotes":""},"categories":[6745],"tags":[],"class_list":["post-30619","post","type-post","status-publish","format-standard","has-post-thumbnail","hentry","category-coluna-sindijori"],"_links":{"self":[{"href":"https:\/\/diariotribuna.com.br\/index.php?rest_route=\/wp\/v2\/posts\/30619"}],"collection":[{"href":"https:\/\/diariotribuna.com.br\/index.php?rest_route=\/wp\/v2\/posts"}],"about":[{"href":"https:\/\/diariotribuna.com.br\/index.php?rest_route=\/wp\/v2\/types\/post"}],"replies":[{"embeddable":true,"href":"https:\/\/diariotribuna.com.br\/index.php?rest_route=%2Fwp%2Fv2%2Fcomments&post=30619"}],"version-history":[{"count":0,"href":"https:\/\/diariotribuna.com.br\/index.php?rest_route=\/wp\/v2\/posts\/30619\/revisions"}],"wp:featuredmedia":[{"embeddable":true,"href":"https:\/\/diariotribuna.com.br\/index.php?rest_route=\/wp\/v2\/media\/30620"}],"wp:attachment":[{"href":"https:\/\/diariotribuna.com.br\/index.php?rest_route=%2Fwp%2Fv2%2Fmedia&parent=30619"}],"wp:term":[{"taxonomy":"category","embeddable":true,"href":"https:\/\/diariotribuna.com.br\/index.php?rest_route=%2Fwp%2Fv2%2Fcategories&post=30619"},{"taxonomy":"post_tag","embeddable":true,"href":"https:\/\/diariotribuna.com.br\/index.php?rest_route=%2Fwp%2Fv2%2Ftags&post=30619"}],"curies":[{"name":"wp","href":"https:\/\/api.w.org\/{rel}","templated":true}]}}