{"id":30621,"date":"2025-07-24T17:15:19","date_gmt":"2025-07-24T20:15:19","guid":{"rendered":"https:\/\/diariotribuna.com.br\/?p=30621"},"modified":"2025-07-24T17:15:19","modified_gmt":"2025-07-24T20:15:19","slug":"amm-e-codemge-abrem-inscricoes-para-curso-de-capacitacao-em-ppps-e-concessoes","status":"publish","type":"post","link":"https:\/\/diariotribuna.com.br\/?p=30621","title":{"rendered":"AMM e Codemge abrem inscri\u00e7\u00f5es para curso de capacita\u00e7\u00e3o em PPPs e Concess\u00f5es\u00a0"},"content":{"rendered":"<p class=\"MsoNormal\"><span>AMM | Divulga\u00e7\u00e3o<\/span><span><\/span><\/p>\n<p><span><\/span><\/p>\n<p>A Associa\u00e7\u00e3o Mineira de Munic\u00edpios (AMM), em parceria com a Companhia de Desenvolvimento de Minas Gerais (Codemge), publicou nesta ter\u00e7a-feira (22\/7) o edital para sele\u00e7\u00e3o de <strong>85 servidores p\u00fablicos municipais<\/strong> interessados em participar do <strong>Curso de Capacita\u00e7\u00e3o T\u00e9cnica em Parcerias P\u00fablico-Privadas (PPPs) e Concess\u00f5es<\/strong>.<\/p>\n<p>A iniciativa tem como objetivo <strong>qualificar gestores p\u00fablicos municipais<\/strong> para atuarem no planejamento, estrutura\u00e7\u00e3o e gest\u00e3o de projetos de PPPs e Concess\u00f5es. O conte\u00fado abrange temas como <strong>sustentabilidade, regula\u00e7\u00e3o, gest\u00e3o contratual<\/strong> e o <strong>relacionamento com \u00f3rg\u00e3os de controle<\/strong>.<\/p>\n<p>O curso ser\u00e1 realizado na <strong>modalidade EAD<\/strong>, com <strong>60 horas-aula<\/strong> e <strong>certifica\u00e7\u00e3o conjunta<\/strong> da AMM, Codemge e FESP. O in\u00edcio das aulas est\u00e1 previsto para <strong>20 de agosto de 2025<\/strong>.<\/p>\n<h3>Inscri\u00e7\u00f5es abertas at\u00e9 12 de agosto<\/h3>\n<p>As inscri\u00e7\u00f5es podem ser feitas entre <strong>22\/07 e 12\/08\/2025<\/strong>, pelo site <a href=\"https:\/\/portalamm.com\/\">www.portalamm.com.<\/a><\/p>\n<p>Para participar do processo seletivo, o candidato dever\u00e1 enviar:<\/p>\n<p>Formul\u00e1rio de inscri\u00e7\u00e3o preenchido no site;<\/p>\n<p>Carta de indica\u00e7\u00e3o assinada pelo(a) prefeito(a) ou secret\u00e1rio(a);<\/p>\n<p>Curr\u00edculo atualizado, destacando experi\u00eancias relevantes;<\/p>\n<p>Declara\u00e7\u00e3o de participa\u00e7\u00e3o ou interesse no Programa Cidade Parceira, da Codemge\/Seinfra.<\/p>\n<p>Todos os documentos devem ser encaminhados para o e-mail: <strong>capacitacaoppp@amm-mg.org.br<\/strong>.<\/p>\n<h3>Crit\u00e9rios de sele\u00e7\u00e3o<\/h3>\n<p>A sele\u00e7\u00e3o dos candidatos seguir\u00e1 crit\u00e9rios t\u00e9cnicos definidos no edital, considerando:<\/p>\n<p>Experi\u00eancia pr\u00e9via na \u00e1rea de PPPs e Concess\u00f5es;<\/p>\n<p>Atua\u00e7\u00e3o estrat\u00e9gica na administra\u00e7\u00e3o municipal;<\/p>\n<p>V\u00ednculo com munic\u00edpios filiados \u00e0 AMM;<\/p>\n<p>Participa\u00e7\u00e3o em programas ou conv\u00eanios com a Codemge.<\/p>\n<p>O n\u00famero de vagas por munic\u00edpio ser\u00e1 proporcional ao n\u00famero de habitantes e \u00e0 ades\u00e3o ao Programa Cidade Parceira.<\/p>\n<p>\u201cA capacita\u00e7\u00e3o t\u00e9cnica dos servidores \u00e9 fundamental para ampliar a capacidade dos munic\u00edpios mineiros de estruturar projetos de qualidade em parceria com o setor privado, promovendo desenvolvimento, efici\u00eancia e inova\u00e7\u00e3o na gest\u00e3o p\u00fablica\u201d, destaca o presidente da AMM, <strong>Lu\u00eds Eduardo Falc\u00e3o<\/strong>.<\/p>\n<h3>Conte\u00fado program\u00e1tico<\/h3>\n<p>A forma\u00e7\u00e3o ser\u00e1 dividida em cinco m\u00f3dulos, com os seguintes temas:<\/p>\n<p>Aspectos estrat\u00e9gicos das PPPs e Concess\u00f5es;<\/p>\n<p>Planejamento e estrutura\u00e7\u00e3o de projetos;<\/p>\n<p>Regula\u00e7\u00e3o e execu\u00e7\u00e3o contratual;<\/p>\n<p>Sustentabilidade, ESG e atua\u00e7\u00e3o dos \u00f3rg\u00e3os de controle.<\/p>\n<p>A programa\u00e7\u00e3o inclui ainda <strong>estudos de caso<\/strong>, <strong>palestras<\/strong> e uma <strong>atividade de encerramento presencial<\/strong>.<\/p>\n<p><strong>Inscreva-se aqui:<\/strong><br \/><a href=\"https:\/\/central.amm-mg.org.br\/\">https:\/\/central.amm-mg.org.br\/cent_seg_Login\/<\/a><\/p>\n\n<p><strong>Mais informa\u00e7\u00f5es:<\/strong><br \/><a class=\"cursor-pointer\">capacitacaoppp@amm-mg.org.br<\/a><\/p>\n<p>\u00a0<\/p>","protected":false},"excerpt":{"rendered":"<p>AMM | Divulga\u00e7\u00e3o A Associa\u00e7\u00e3o Mineira de Munic\u00edpios (AMM), em parceria com a Companhia de Desenvolvimento de Minas Gerais (Codemge), publicou nesta ter\u00e7a-feira (22\/7) o edital para sele\u00e7\u00e3o de 85 servidores p\u00fablicos municipais interessados em participar do Curso de Capacita\u00e7\u00e3o T\u00e9cnica em Parcerias P\u00fablico-Privadas (PPPs) e Concess\u00f5es. A iniciativa tem como objetivo qualificar gestores p\u00fablicos [&hellip;]<\/p>\n","protected":false},"author":0,"featured_media":30622,"comment_status":"open","ping_status":"open","sticky":false,"template":"","format":"standard","meta":{"rop_custom_images_group":[],"rop_custom_messages_group":[],"rop_publish_now":"initial","rop_publish_now_accounts":[],"rop_publish_now_history":[],"rop_publish_now_status":"pending","footnotes":""},"categories":[6745],"tags":[],"class_list":["post-30621","post","type-post","status-publish","format-standard","has-post-thumbnail","hentry","category-coluna-sindijori"],"_links":{"self":[{"href":"https:\/\/diariotribuna.com.br\/index.php?rest_route=\/wp\/v2\/posts\/30621"}],"collection":[{"href":"https:\/\/diariotribuna.com.br\/index.php?rest_route=\/wp\/v2\/posts"}],"about":[{"href":"https:\/\/diariotribuna.com.br\/index.php?rest_route=\/wp\/v2\/types\/post"}],"replies":[{"embeddable":true,"href":"https:\/\/diariotribuna.com.br\/index.php?rest_route=%2Fwp%2Fv2%2Fcomments&post=30621"}],"version-history":[{"count":0,"href":"https:\/\/diariotribuna.com.br\/index.php?rest_route=\/wp\/v2\/posts\/30621\/revisions"}],"wp:featuredmedia":[{"embeddable":true,"href":"https:\/\/diariotribuna.com.br\/index.php?rest_route=\/wp\/v2\/media\/30622"}],"wp:attachment":[{"href":"https:\/\/diariotribuna.com.br\/index.php?rest_route=%2Fwp%2Fv2%2Fmedia&parent=30621"}],"wp:term":[{"taxonomy":"category","embeddable":true,"href":"https:\/\/diariotribuna.com.br\/index.php?rest_route=%2Fwp%2Fv2%2Fcategories&post=30621"},{"taxonomy":"post_tag","embeddable":true,"href":"https:\/\/diariotribuna.com.br\/index.php?rest_route=%2Fwp%2Fv2%2Ftags&post=30621"}],"curies":[{"name":"wp","href":"https:\/\/api.w.org\/{rel}","templated":true}]}}