{"id":30628,"date":"2025-07-25T00:10:47","date_gmt":"2025-07-25T03:10:47","guid":{"rendered":"https:\/\/diariotribuna.com.br\/?p=30628"},"modified":"2025-07-25T00:10:48","modified_gmt":"2025-07-25T03:10:48","slug":"70o-batalhao-de-policia-militar-recebe-tres-novos-tenentes","status":"publish","type":"post","link":"https:\/\/diariotribuna.com.br\/?p=30628","title":{"rendered":"70\u00ba Batalh\u00e3o de Pol\u00edcia Militar recebe tr\u00eas novos tenentes"},"content":{"rendered":"\n<figure class=\"wp-block-image size-full is-resized\"><img loading=\"lazy\" decoding=\"async\" width=\"700\" height=\"403\" src=\"https:\/\/diariotribuna.com.br\/wp-content\/uploads\/2025\/07\/Imagem-do-WhatsApp-de-2025-07-21-as-12.03.10_f06d1164.jpg\" alt=\"\" class=\"wp-image-30629\" style=\"width:481px;height:auto\" srcset=\"https:\/\/diariotribuna.com.br\/wp-content\/uploads\/2025\/07\/Imagem-do-WhatsApp-de-2025-07-21-as-12.03.10_f06d1164.jpg 700w, https:\/\/diariotribuna.com.br\/wp-content\/uploads\/2025\/07\/Imagem-do-WhatsApp-de-2025-07-21-as-12.03.10_f06d1164-300x173.jpg 300w, https:\/\/diariotribuna.com.br\/wp-content\/uploads\/2025\/07\/Imagem-do-WhatsApp-de-2025-07-21-as-12.03.10_f06d1164-696x401.jpg 696w\" sizes=\"(max-width: 700px) 100vw, 700px\" \/><\/figure>\n\n\n\n<p>O 70\u00ba Batalh\u00e3o de Pol\u00edcia Militar recebeu, na segunda-feira (21\/7), tr\u00eas novos oficiais que passam a integrar a unidade: <strong>o tenente Fabiano, o tenente Jo\u00e1s e a tenente Ido\u00edla.<\/strong> A recep\u00e7\u00e3o aconteceu na sede do batalh\u00e3o em Ara\u00e7ua\u00ed, em um momento marcado por cordialidade, integra\u00e7\u00e3o e esp\u00edrito de compromisso com a miss\u00e3o institucional.<\/p>\n\n\n\n<p>Durante a visita de apresenta\u00e7\u00e3o, os tenentes conheceram as se\u00e7\u00f5es administrativas e operacionais que comp\u00f5em a estrutura organizacional do batalh\u00e3o. Foram repassadas as diretrizes estrat\u00e9gicas, o funcionamento das equipes t\u00e1ticas e o alinhamento das a\u00e7\u00f5es que visam a promo\u00e7\u00e3o da seguran\u00e7a p\u00fablica e o bem-estar da comunidade.<\/p>\n\n\n\n<p>A chegada dos novos tenentes fortalece o efetivo e representa um importante refor\u00e7o para as a\u00e7\u00f5es de policiamento ostensivo e preventivo na regi\u00e3o. Respondendo pelo comando do 70\u00ba BPM, o major Tancredo destacou a relev\u00e2ncia do entrosamento entre os profissionais e desejou sucesso na trajet\u00f3ria dos rec\u00e9m-chegados, reafirmando o compromisso da corpora\u00e7\u00e3o com a \u00e9tica, a disciplina e a prote\u00e7\u00e3o social. (Assessoria de comunica\u00e7\u00e3o do 70\u00ba BPM\/ Ara\u00e7ua\u00ed).<\/p>\n","protected":false},"excerpt":{"rendered":"<p>O 70\u00ba Batalh\u00e3o de Pol\u00edcia Militar recebeu, na segunda-feira (21\/7), tr\u00eas novos oficiais que passam a integrar a unidade: o tenente Fabiano, o tenente Jo\u00e1s e a tenente Ido\u00edla. A recep\u00e7\u00e3o aconteceu na sede do batalh\u00e3o em Ara\u00e7ua\u00ed, em um momento marcado por cordialidade, integra\u00e7\u00e3o e esp\u00edrito de compromisso com a miss\u00e3o institucional. Durante a [&hellip;]<\/p>\n","protected":false},"author":1,"featured_media":30629,"comment_status":"open","ping_status":"open","sticky":false,"template":"","format":"standard","meta":{"rop_custom_images_group":[],"rop_custom_messages_group":[],"rop_publish_now":"initial","rop_publish_now_accounts":[],"rop_publish_now_history":[],"rop_publish_now_status":"pending","footnotes":""},"categories":[25,20],"tags":[4257,1900,7259,76],"class_list":["post-30628","post","type-post","status-publish","format-standard","has-post-thumbnail","hentry","category-destaque","category-policia","tag-70o-bpm","tag-aracuai-2","tag-novos-tenentes","tag-policia-militar"],"_links":{"self":[{"href":"https:\/\/diariotribuna.com.br\/index.php?rest_route=\/wp\/v2\/posts\/30628"}],"collection":[{"href":"https:\/\/diariotribuna.com.br\/index.php?rest_route=\/wp\/v2\/posts"}],"about":[{"href":"https:\/\/diariotribuna.com.br\/index.php?rest_route=\/wp\/v2\/types\/post"}],"author":[{"embeddable":true,"href":"https:\/\/diariotribuna.com.br\/index.php?rest_route=\/wp\/v2\/users\/1"}],"replies":[{"embeddable":true,"href":"https:\/\/diariotribuna.com.br\/index.php?rest_route=%2Fwp%2Fv2%2Fcomments&post=30628"}],"version-history":[{"count":1,"href":"https:\/\/diariotribuna.com.br\/index.php?rest_route=\/wp\/v2\/posts\/30628\/revisions"}],"predecessor-version":[{"id":30630,"href":"https:\/\/diariotribuna.com.br\/index.php?rest_route=\/wp\/v2\/posts\/30628\/revisions\/30630"}],"wp:featuredmedia":[{"embeddable":true,"href":"https:\/\/diariotribuna.com.br\/index.php?rest_route=\/wp\/v2\/media\/30629"}],"wp:attachment":[{"href":"https:\/\/diariotribuna.com.br\/index.php?rest_route=%2Fwp%2Fv2%2Fmedia&parent=30628"}],"wp:term":[{"taxonomy":"category","embeddable":true,"href":"https:\/\/diariotribuna.com.br\/index.php?rest_route=%2Fwp%2Fv2%2Fcategories&post=30628"},{"taxonomy":"post_tag","embeddable":true,"href":"https:\/\/diariotribuna.com.br\/index.php?rest_route=%2Fwp%2Fv2%2Ftags&post=30628"}],"curies":[{"name":"wp","href":"https:\/\/api.w.org\/{rel}","templated":true}]}}