{"id":30644,"date":"2025-07-26T20:22:22","date_gmt":"2025-07-26T23:22:22","guid":{"rendered":"https:\/\/diariotribuna.com.br\/?p=30644"},"modified":"2025-07-26T20:30:55","modified_gmt":"2025-07-26T23:30:55","slug":"governo-de-minas-emite-nota-apos-teofilo-otoni-ser-colocada-entre-as-cidades-mais-violentas-do-pais","status":"publish","type":"post","link":"https:\/\/diariotribuna.com.br\/?p=30644","title":{"rendered":"Governo de Minas emite nota ap\u00f3s Te\u00f3filo Otoni ser colocada entre as cidades mais violentas do pa\u00eds"},"content":{"rendered":"\n<figure class=\"wp-block-image size-full is-resized\"><img loading=\"lazy\" decoding=\"async\" width=\"700\" height=\"385\" src=\"https:\/\/diariotribuna.com.br\/wp-content\/uploads\/2025\/07\/0.jpg\" alt=\"\" class=\"wp-image-30645\" style=\"width:498px;height:auto\" srcset=\"https:\/\/diariotribuna.com.br\/wp-content\/uploads\/2025\/07\/0.jpg 700w, https:\/\/diariotribuna.com.br\/wp-content\/uploads\/2025\/07\/0-300x165.jpg 300w, https:\/\/diariotribuna.com.br\/wp-content\/uploads\/2025\/07\/0-696x383.jpg 696w\" sizes=\"(max-width: 700px) 100vw, 700px\" \/><figcaption class=\"wp-element-caption\"><strong>O F\u00f3rum Brasileiro de Seguran\u00e7a P\u00fablica incluiu as 39 mortes ocorridas no acidente na BR-116, regi\u00e3o da Lajinha, em Te\u00f3filo Otoni<\/strong><\/figcaption><\/figure>\n\n\n\n<p>Gerou grande repercuss\u00e3o nesta semana, a divulga\u00e7\u00e3o pelo F\u00f3rum Brasileiro de Seguran\u00e7a P\u00fablica (FBSP), colocando Te\u00f3filo Otoni, no Vale do Mucuri, entre as 20 cidades mais violentas do pa\u00eds, num levantamento sobre mortes violentas. O Governo de Minas reagiu emitindo nota \u00e0 imprensa, na sexta-feira (25\/7), explicando que o F\u00f3rum Brasileiro de Seguran\u00e7a P\u00fablica incluiu as 39 mortes ocorridas no acidente de tr\u00e2nsito, na BR-116, regi\u00e3o da Lajinha, no dia 21 de dezembro de 2024, elevando significativamente os n\u00fameros. Nesse fato espec\u00edfico, os \u00f3bitos foram enquadrados como homic\u00eddio doloso \u2013 ou seja \u2013 \u201cocorre quando o autor tem a inten\u00e7\u00e3o de matar ou assume o risco de causar a morte de outra pessoa\u201d. O motorista da carreta e um empres\u00e1rio foram indiciados.<\/p>\n\n\n\n<p><strong>Nota do Governo de Minas:<\/strong> \u201cO \u00edndice de 58,2 mortes violentas por 100 mil habitantes no munic\u00edpio de Te\u00f3filo Otoni, em 2024, divulgado \u00e0 imprensa pelo F\u00f3rum Brasileiro de Seguran\u00e7a P\u00fablica, n\u00e3o reflete com precis\u00e3o a din\u00e2mica da criminalidade urbana do munic\u00edpio. Esse n\u00famero foi impactado diretamente pela inclus\u00e3o das 39 v\u00edtimas fatais do acidente rodovi\u00e1rio, ocorrido em 21 de dezembro de 2024, na rodovia BR 116. O registro das v\u00edtimas foi enquadrado dentro de Homic\u00eddio Doloso \u2013 crime que faz parte do rol de Mortes Violentas Intencionais (MVI).<\/p>\n\n\n\n<p>Considerando exclusivamente os registros de MVI ocorridas no contexto urbano do munic\u00edpio ao longo de 2024, foram contabilizados 41 casos. Com base na popula\u00e7\u00e3o estimada de 137.418 habitantes, a taxa real \u00e9 de aproximadamente 29,84 mortes por 100 mil habitantes \u2013 muito distante de um poss\u00edvel ranking dos 20 munic\u00edpios mais violentos.<\/p>\n\n\n\n<p>A diferen\u00e7a entre essa taxa e a apontada no ranking nacional (58,2) evidencia a import\u00e2ncia de contextualizar os dados para que eles representem, de fato, a realidade da seguran\u00e7a p\u00fablica local. A utiliza\u00e7\u00e3o de um evento isolado e de grande propor\u00e7\u00e3o, como o mencionado acidente, em um c\u00e1lculo que deveria refletir a viol\u00eancia cotidiana, pode causar interpreta\u00e7\u00f5es equivocadas, al\u00e9m de comprometer a percep\u00e7\u00e3o social sobre a efetividade das a\u00e7\u00f5es de seguran\u00e7a que v\u00eam sendo implementadas no munic\u00edpio. O Governo de Minas reafirma seu compromisso com a transpar\u00eancia dos dados, com o enfrentamento qualificado \u00e0 criminalidade e com o respeito\u00a0\u00e0\u00a0vida\u201d. (Foto: Thiago Cardoso).<\/p>\n","protected":false},"excerpt":{"rendered":"<p>Gerou grande repercuss\u00e3o nesta semana, a divulga\u00e7\u00e3o pelo F\u00f3rum Brasileiro de Seguran\u00e7a P\u00fablica (FBSP), colocando Te\u00f3filo Otoni, no Vale do Mucuri, entre as 20 cidades mais violentas do pa\u00eds, num levantamento sobre mortes violentas. O Governo de Minas reagiu emitindo nota \u00e0 imprensa, na sexta-feira (25\/7), explicando que o F\u00f3rum Brasileiro de Seguran\u00e7a P\u00fablica incluiu [&hellip;]<\/p>\n","protected":false},"author":1,"featured_media":30645,"comment_status":"open","ping_status":"open","sticky":false,"template":"","format":"standard","meta":{"rop_custom_images_group":[],"rop_custom_messages_group":[],"rop_publish_now":"initial","rop_publish_now_accounts":[],"rop_publish_now_history":[],"rop_publish_now_status":"pending","footnotes":""},"categories":[25,19],"tags":[7262,2277,93,75,867],"class_list":["post-30644","post","type-post","status-publish","format-standard","has-post-thumbnail","hentry","category-destaque","category-gerais","tag-cidades-mais-violentas","tag-forum-brasileiro-de-seguranca-publica","tag-ranking","tag-teofilo-otoni","tag-vale-do-mucuri"],"_links":{"self":[{"href":"https:\/\/diariotribuna.com.br\/index.php?rest_route=\/wp\/v2\/posts\/30644"}],"collection":[{"href":"https:\/\/diariotribuna.com.br\/index.php?rest_route=\/wp\/v2\/posts"}],"about":[{"href":"https:\/\/diariotribuna.com.br\/index.php?rest_route=\/wp\/v2\/types\/post"}],"author":[{"embeddable":true,"href":"https:\/\/diariotribuna.com.br\/index.php?rest_route=\/wp\/v2\/users\/1"}],"replies":[{"embeddable":true,"href":"https:\/\/diariotribuna.com.br\/index.php?rest_route=%2Fwp%2Fv2%2Fcomments&post=30644"}],"version-history":[{"count":3,"href":"https:\/\/diariotribuna.com.br\/index.php?rest_route=\/wp\/v2\/posts\/30644\/revisions"}],"predecessor-version":[{"id":30649,"href":"https:\/\/diariotribuna.com.br\/index.php?rest_route=\/wp\/v2\/posts\/30644\/revisions\/30649"}],"wp:featuredmedia":[{"embeddable":true,"href":"https:\/\/diariotribuna.com.br\/index.php?rest_route=\/wp\/v2\/media\/30645"}],"wp:attachment":[{"href":"https:\/\/diariotribuna.com.br\/index.php?rest_route=%2Fwp%2Fv2%2Fmedia&parent=30644"}],"wp:term":[{"taxonomy":"category","embeddable":true,"href":"https:\/\/diariotribuna.com.br\/index.php?rest_route=%2Fwp%2Fv2%2Fcategories&post=30644"},{"taxonomy":"post_tag","embeddable":true,"href":"https:\/\/diariotribuna.com.br\/index.php?rest_route=%2Fwp%2Fv2%2Ftags&post=30644"}],"curies":[{"name":"wp","href":"https:\/\/api.w.org\/{rel}","templated":true}]}}