{"id":30660,"date":"2025-07-29T12:05:08","date_gmt":"2025-07-29T15:05:08","guid":{"rendered":"https:\/\/diariotribuna.com.br\/?p=30660"},"modified":"2025-07-29T12:05:08","modified_gmt":"2025-07-29T15:05:08","slug":"sistema-faemg-senar-orienta-produtores-afetados-por-granizo","status":"publish","type":"post","link":"https:\/\/diariotribuna.com.br\/?p=30660","title":{"rendered":"Sistema Faemg Senar orienta produtores afetados por granizo\u00a0"},"content":{"rendered":"<h3><span>Cr\u00e9dito da imagem: T\u00e9cnicos de Campo ATeG<\/span><\/h3>\n<p class=\"MsoNormal\"><span>FAEMG SENAR | Divulga\u00e7\u00e3o<\/span><\/p>\n<p><span><\/span><span><\/span><span><\/span><span><\/span><span><\/span><span><\/span><span><\/span><span><\/span><span><\/span><\/p>\n<p><span>As <\/span><strong>chuvas de granizo causaram preju\u00edzos significativos<\/strong><span> a produtores rurais na \u00faltima sexta-feira (25\/7), <\/span><strong>danificando lavouras e pastagens<\/strong><span> e comprometendo tanto a colheita quanto a produ\u00e7\u00e3o futura. O <\/span><strong>Sistema Faemg Senar<\/strong><span> est\u00e1 atuando no <\/span><strong>levantamento das \u00e1reas impactadas<\/strong><span>, identificando as culturas afetadas e estimando os preju\u00edzos em curto, m\u00e9dio e longo prazos, al\u00e9m de oferecer <\/span><strong>orienta\u00e7\u00f5es t\u00e9cnicas aos produtores<\/strong><span>.<\/span><\/p>\n<p>\u201c<strong>Estamos muito preocupados com as chuvas de granizo no Sul de Minas<\/strong>, que afetaram diversos setores produtivos. Estamos atentos a isso e trabalhando em iniciativas que possam <strong>solucionar ou atenuar os impactos<\/strong>,\u201d afirmou o presidente do Sistema Faemg Senar, <strong>Ant\u00f4nio de Salvo<\/strong>.<\/p>\n<p>O <strong>mapeamento dos danos<\/strong> est\u00e1 sendo realizado com o apoio dos <strong>Sindicatos dos Produtores Rurais<\/strong>, associa\u00e7\u00f5es regionais e dos grupos atendidos pelo <strong>Programa de Assist\u00eancia T\u00e9cnica e Gerencial (ATeG)<\/strong>.<\/p>\n<h3><strong>Cafeicultura<\/strong><\/h3>\n<p>Est\u00e1 marcada, para esta semana, uma <strong>reuni\u00e3o da Comiss\u00e3o T\u00e9cnica de Caf\u00e9<\/strong> do Sistema Faemg Senar para discutir a situa\u00e7\u00e3o, com a participa\u00e7\u00e3o de <strong>presidentes de Sindicatos<\/strong> e representantes de outras comiss\u00f5es, como as de <strong>fruticultura<\/strong> e de <strong>hortali\u00e7as e flores<\/strong>.<\/p>\n<p>\u201c<strong>O Sul de Minas \u00e9 o maior produtor de caf\u00e9s do estado<\/strong>, e a cafeicultura foi fortemente impactada\u201d, destacou o presidente da comiss\u00e3o, <strong>Arnaldo Bottrel<\/strong>, que tamb\u00e9m preside o <strong>Sindicato dos Produtores Rurais de Varginha<\/strong>.<\/p>\n<h3><strong>Orienta\u00e7\u00f5es ao produtor rural<\/strong><\/h3>\n<p>O Sistema Faemg Senar orienta os produtores sobre <strong>medidas para mitigar os preju\u00edzos econ\u00f4micos<\/strong>, como emiss\u00e3o de <strong>laudos t\u00e9cnicos, acionamento do seguro rural, renegocia\u00e7\u00e3o de custeio<\/strong> e <strong>recomenda\u00e7\u00f5es agron\u00f4micas espec\u00edficas<\/strong>.<\/p>\n\n<p><a href=\"https:\/\/www.sistemafaemg.org.br\/Content\/uploads\/noticias\/35tu1753731423050.pdf\"><strong>Clique aqui e veja todas as recomenda\u00e7\u00f5es<\/strong><\/a><\/p>\n\n<p>Em caso de d\u00favidas, o produtor deve procurar o <strong>Sindicato dos Produtores Rurais de sua regi\u00e3o<\/strong> ou entrar em contato com o <strong>Sistema Faemg Senar<\/strong>, por meio da <strong>Ger\u00eancia do Agroneg\u00f3cio (GDA)<\/strong>, pelo telefone <strong>(31) 3074-3050<\/strong>.<\/p>\n<p>\u00a0<\/p>","protected":false},"excerpt":{"rendered":"<p>Cr\u00e9dito da imagem: T\u00e9cnicos de Campo ATeG FAEMG SENAR | Divulga\u00e7\u00e3o As chuvas de granizo causaram preju\u00edzos significativos a produtores rurais na \u00faltima sexta-feira (25\/7), danificando lavouras e pastagens e comprometendo tanto a colheita quanto a produ\u00e7\u00e3o futura. O Sistema Faemg Senar est\u00e1 atuando no levantamento das \u00e1reas impactadas, identificando as culturas afetadas e estimando [&hellip;]<\/p>\n","protected":false},"author":0,"featured_media":30661,"comment_status":"open","ping_status":"open","sticky":false,"template":"","format":"standard","meta":{"rop_custom_images_group":[],"rop_custom_messages_group":[],"rop_publish_now":"initial","rop_publish_now_accounts":[],"rop_publish_now_history":[],"rop_publish_now_status":"pending","footnotes":""},"categories":[6745],"tags":[],"class_list":["post-30660","post","type-post","status-publish","format-standard","has-post-thumbnail","hentry","category-coluna-sindijori"],"_links":{"self":[{"href":"https:\/\/diariotribuna.com.br\/index.php?rest_route=\/wp\/v2\/posts\/30660"}],"collection":[{"href":"https:\/\/diariotribuna.com.br\/index.php?rest_route=\/wp\/v2\/posts"}],"about":[{"href":"https:\/\/diariotribuna.com.br\/index.php?rest_route=\/wp\/v2\/types\/post"}],"replies":[{"embeddable":true,"href":"https:\/\/diariotribuna.com.br\/index.php?rest_route=%2Fwp%2Fv2%2Fcomments&post=30660"}],"version-history":[{"count":0,"href":"https:\/\/diariotribuna.com.br\/index.php?rest_route=\/wp\/v2\/posts\/30660\/revisions"}],"wp:featuredmedia":[{"embeddable":true,"href":"https:\/\/diariotribuna.com.br\/index.php?rest_route=\/wp\/v2\/media\/30661"}],"wp:attachment":[{"href":"https:\/\/diariotribuna.com.br\/index.php?rest_route=%2Fwp%2Fv2%2Fmedia&parent=30660"}],"wp:term":[{"taxonomy":"category","embeddable":true,"href":"https:\/\/diariotribuna.com.br\/index.php?rest_route=%2Fwp%2Fv2%2Fcategories&post=30660"},{"taxonomy":"post_tag","embeddable":true,"href":"https:\/\/diariotribuna.com.br\/index.php?rest_route=%2Fwp%2Fv2%2Ftags&post=30660"}],"curies":[{"name":"wp","href":"https:\/\/api.w.org\/{rel}","templated":true}]}}