{"id":30679,"date":"2025-07-30T11:00:05","date_gmt":"2025-07-30T14:00:05","guid":{"rendered":"https:\/\/diariotribuna.com.br\/?p=30679"},"modified":"2025-08-06T23:31:35","modified_gmt":"2025-08-07T02:31:35","slug":"teofilo-otoni-na-polemica-do-ranking-dos-municipios-mais-violentos-do-brasil","status":"publish","type":"post","link":"https:\/\/diariotribuna.com.br\/?p=30679","title":{"rendered":"Te\u00f3filo Otoni na pol\u00eamica do ranking dos munic\u00edpios mais violentos do Brasil"},"content":{"rendered":"\n<figure class=\"wp-block-image size-full is-resized\"><img loading=\"lazy\" decoding=\"async\" width=\"700\" height=\"942\" src=\"https:\/\/diariotribuna.com.br\/wp-content\/uploads\/2025\/07\/Imagem-do-WhatsApp-de-2025-01-19-as-09.25.00_23934bde.jpg\" alt=\"\" class=\"wp-image-30680\" style=\"width:292px;height:auto\" srcset=\"https:\/\/diariotribuna.com.br\/wp-content\/uploads\/2025\/07\/Imagem-do-WhatsApp-de-2025-01-19-as-09.25.00_23934bde.jpg 700w, https:\/\/diariotribuna.com.br\/wp-content\/uploads\/2025\/07\/Imagem-do-WhatsApp-de-2025-01-19-as-09.25.00_23934bde-223x300.jpg 223w, https:\/\/diariotribuna.com.br\/wp-content\/uploads\/2025\/07\/Imagem-do-WhatsApp-de-2025-01-19-as-09.25.00_23934bde-696x937.jpg 696w, https:\/\/diariotribuna.com.br\/wp-content\/uploads\/2025\/07\/Imagem-do-WhatsApp-de-2025-01-19-as-09.25.00_23934bde-312x420.jpg 312w\" sizes=\"(max-width: 700px) 100vw, 700px\" \/><figcaption class=\"wp-element-caption\"><strong><strong>Juliana Lemes da Cruz.<\/strong><br><strong>Doutora em Pol\u00edtica Social (UFF).<\/strong><br>Presidente do <strong>Conselho do F\u00f3rum Brasileiro de Seguran\u00e7a P\u00fablica.<\/strong><br><strong>Contato: <\/strong><a href=\"mailto:lemes.jlc@gmail.com\">lemes.jlc@gmail.com<\/a><strong> | @julianalemesoficial<\/strong><\/strong><\/figcaption><\/figure>\n\n\n\n<pre class=\"wp-block-verse\">Com a publica\u00e7\u00e3o do Anu\u00e1rio Brasileiro de Seguran\u00e7a P\u00fablica 2025, o munic\u00edpio de Te\u00f3filo Otoni ganhou destaque por aparecer entre os 20 munic\u00edpios mais violentos do pa\u00eds em 2024, em uma mat\u00e9ria veiculada por um portal de repercuss\u00e3o nacional. A situa\u00e7\u00e3o gerou a busca por explica\u00e7\u00e3o sobre o que teria acontecido, j\u00e1 que a not\u00edcia n\u00e3o parecia representar a realidade do munic\u00edpio.<\/pre>\n\n\n\n<figure class=\"wp-block-image size-full is-resized\"><img loading=\"lazy\" decoding=\"async\" width=\"450\" height=\"703\" src=\"https:\/\/diariotribuna.com.br\/wp-content\/uploads\/2025\/07\/IMAGEM1.jpg\" alt=\"\" class=\"wp-image-30681\" style=\"width:350px;height:auto\" srcset=\"https:\/\/diariotribuna.com.br\/wp-content\/uploads\/2025\/07\/IMAGEM1.jpg 450w, https:\/\/diariotribuna.com.br\/wp-content\/uploads\/2025\/07\/IMAGEM1-192x300.jpg 192w, https:\/\/diariotribuna.com.br\/wp-content\/uploads\/2025\/07\/IMAGEM1-269x420.jpg 269w\" sizes=\"(max-width: 450px) 100vw, 450px\" \/><\/figure>\n\n\n\n<div style=\"height:4px\" aria-hidden=\"true\" class=\"wp-block-spacer\"><\/div>\n\n\n\n<p>Na condi\u00e7\u00e3o de atual presidente do Conselho do F\u00f3rum Brasileiro de Seguran\u00e7a P\u00fablica (FBSP), organiza\u00e7\u00e3o respons\u00e1vel pela publica\u00e7\u00e3o do Anu\u00e1rio, procurei desvendar o enigma e esclarecer o que havia acontecido mediante contato direto na fonte. O devido esclarecimento partiu da coordena\u00e7\u00e3o do N\u00facleo de Dados da institui\u00e7\u00e3o e em seguida, por meio de nota da sua Assessoria de Comunica\u00e7\u00e3o.<\/p>\n\n\n\n<figure class=\"wp-block-image size-full is-resized\"><img loading=\"lazy\" decoding=\"async\" width=\"558\" height=\"724\" src=\"https:\/\/diariotribuna.com.br\/wp-content\/uploads\/2025\/07\/Captura-de-tela-2025-07-30-105646.png\" alt=\"\" class=\"wp-image-30682\" style=\"width:386px;height:auto\" srcset=\"https:\/\/diariotribuna.com.br\/wp-content\/uploads\/2025\/07\/Captura-de-tela-2025-07-30-105646.png 558w, https:\/\/diariotribuna.com.br\/wp-content\/uploads\/2025\/07\/Captura-de-tela-2025-07-30-105646-231x300.png 231w, https:\/\/diariotribuna.com.br\/wp-content\/uploads\/2025\/07\/Captura-de-tela-2025-07-30-105646-324x420.png 324w\" sizes=\"(max-width: 558px) 100vw, 558px\" \/><\/figure>\n\n\n\n<div style=\"height:4px\" aria-hidden=\"true\" class=\"wp-block-spacer\"><\/div>\n\n\n\n<p>Conforme mencionado na nota de esclarecimento \u201ca apari\u00e7\u00e3o de Te\u00f3filo Otoni (MG) no ranking de cidades com maior n\u00famero de v\u00edtimas de viol\u00eancia letal no Anu\u00e1rio Brasileiro de Seguran\u00e7a P\u00fablica 2025 se deu por conta de um acidente grave com um \u00f4nibus, que resultou na morte de 39 pessoas em dezembro de 2024. [&#8230;] de acordo com os dados coletados pelo Anu\u00e1rio [&#8230;] praticamente metade das mortes violentas intencionais atribu\u00eddas \u00e0 cidade decorre desse acidente espec\u00edfico, e n\u00e3o de uma escalada da criminalidade local. Importante destacar que os dados do Anu\u00e1rio Brasileiro de Seguran\u00e7a P\u00fablica s\u00e3o coletados junto \u00e0s secretarias estaduais de seguran\u00e7a p\u00fablica, a partir de pedidos via Lei de Acesso \u00e0 Informa\u00e7\u00e3o, e t\u00eam como base boletins de ocorr\u00eancia (BOs). No caso espec\u00edfico de Te\u00f3filo Otoni, as mortes no acidente foram registradas como homic\u00eddio qualificado, o que levou a cidade a aparecer entre as 20 mais violentas do pa\u00eds\u201d.<\/p>\n\n\n\n<p>O FBSP ainda refor\u00e7a que a metodologia empregada no Anu\u00e1rio [&#8230;] reflete fielmente os dados oficiais fornecidos pelos entes estaduais e que varia\u00e7\u00f5es pontuais \u2014 como a registrada em Te\u00f3filo Otoni \u2014 podem ocorrer em decorr\u00eancia de eventos isolados\u201d. Desse modo, vale considerar os limites do avan\u00e7o da \u201cnot\u00edcia\u201d \u00e0 categoria de \u201cinforma\u00e7\u00e3o qualificada\u201d e o quanto custa a falta de investimento em an\u00e1lise e certifica\u00e7\u00e3o do que se pretende dar \u00eanfase. Sob pena da desqualifica\u00e7\u00e3o da informa\u00e7\u00e3o e descredibiliza\u00e7\u00e3o da parte que divulga, tivemos o mais n\u00edtido dos exemplos com o presente epis\u00f3dio.<\/p>\n\n\n\n<p>Se a not\u00edcia responde, t\u00e3o somente, ao imediatismo das redes sociais e canais de comunica\u00e7\u00e3o, corre-se o risco de n\u00e3o se dar a devida aten\u00e7\u00e3o \u00e0 origem do dado ou \u00e0 metodologia empregada. Conhecendo-se a origem, se conhece tamb\u00e9m os poss\u00edveis desdobramentos at\u00e9 a chegada ao destinat\u00e1rio final \u2013 ouvinte, leitor, telespectador, seguidor. No caso de Te\u00f3filo Otoni, apesar da guerra entre fac\u00e7\u00f5es que assustou a popula\u00e7\u00e3o e exigiu esfor\u00e7o redobrado das for\u00e7as policiais em 2024, aquela realidade n\u00e3o seria capaz de elevar o munic\u00edpio ao n\u00edvel de destaque nacional. Assim, a exposi\u00e7\u00e3o das taxas de homic\u00eddio por 100 mil habitantes vista a olho nu e inicialmente, sem nota explicativa sobre o fen\u00f4meno ocorrido no munic\u00edpio mineiro, deixou o dado sujeito a interpreta\u00e7\u00f5es que n\u00e3o condizem com a realidade.<\/p>\n\n\n\n<p>Difundida por um segmento de comunica\u00e7\u00e3o mais amplo, ocorreram, rapidamente, in\u00fameras reprodu\u00e7\u00f5es de conte\u00fado alardeando Te\u00f3filo Otoni como \u00fanico munic\u00edpio mineiro a aparecer no ranking nacional de forma escandalosamente negativa. Como reflexo, parte da popula\u00e7\u00e3o posicionou-se nas redes sociais como incr\u00e9dula, e parte, assustada. O assunto tomou o destaque das discuss\u00f5es populares desde a \u00faltima quinta-feira, 24 de julho, mas, finalmente foi esclarecido. O que se espera \u00e9 que o contexto de crise gerado por essa apari\u00e7\u00e3o at\u00edpica do munic\u00edpio em cen\u00e1rio nacional de forma t\u00e3o negativa, sirva de li\u00e7\u00e3o para que busquemos, com serenidade, aprender a distinguir not\u00edcia, de informa\u00e7\u00e3o qualificada.<\/p>\n","protected":false},"excerpt":{"rendered":"<p>Com a publica\u00e7\u00e3o do Anu\u00e1rio Brasileiro de Seguran\u00e7a P\u00fablica 2025, o munic\u00edpio de Te\u00f3filo Otoni ganhou destaque por aparecer entre os 20 munic\u00edpios mais violentos do pa\u00eds em 2024, em uma mat\u00e9ria veiculada por um portal de repercuss\u00e3o nacional. A situa\u00e7\u00e3o gerou a busca por explica\u00e7\u00e3o sobre o que teria acontecido, j\u00e1 que a not\u00edcia [&hellip;]<\/p>\n","protected":false},"author":1,"featured_media":30680,"comment_status":"open","ping_status":"open","sticky":false,"template":"","format":"standard","meta":{"rop_custom_images_group":[],"rop_custom_messages_group":[],"rop_publish_now":"initial","rop_publish_now_accounts":[],"rop_publish_now_history":[],"rop_publish_now_status":"pending","footnotes":""},"categories":[24],"tags":[7267,1194,7266,75,867,180],"class_list":["post-30679","post","type-post","status-publish","format-standard","has-post-thumbnail","hentry","category-opiniao","tag-anuario-brasileiro-seguranca-publica","tag-juliana-lemes","tag-polemica","tag-teofilo-otoni","tag-vale-do-mucuri","tag-violencia"],"_links":{"self":[{"href":"https:\/\/diariotribuna.com.br\/index.php?rest_route=\/wp\/v2\/posts\/30679"}],"collection":[{"href":"https:\/\/diariotribuna.com.br\/index.php?rest_route=\/wp\/v2\/posts"}],"about":[{"href":"https:\/\/diariotribuna.com.br\/index.php?rest_route=\/wp\/v2\/types\/post"}],"author":[{"embeddable":true,"href":"https:\/\/diariotribuna.com.br\/index.php?rest_route=\/wp\/v2\/users\/1"}],"replies":[{"embeddable":true,"href":"https:\/\/diariotribuna.com.br\/index.php?rest_route=%2Fwp%2Fv2%2Fcomments&post=30679"}],"version-history":[{"count":3,"href":"https:\/\/diariotribuna.com.br\/index.php?rest_route=\/wp\/v2\/posts\/30679\/revisions"}],"predecessor-version":[{"id":30685,"href":"https:\/\/diariotribuna.com.br\/index.php?rest_route=\/wp\/v2\/posts\/30679\/revisions\/30685"}],"wp:featuredmedia":[{"embeddable":true,"href":"https:\/\/diariotribuna.com.br\/index.php?rest_route=\/wp\/v2\/media\/30680"}],"wp:attachment":[{"href":"https:\/\/diariotribuna.com.br\/index.php?rest_route=%2Fwp%2Fv2%2Fmedia&parent=30679"}],"wp:term":[{"taxonomy":"category","embeddable":true,"href":"https:\/\/diariotribuna.com.br\/index.php?rest_route=%2Fwp%2Fv2%2Fcategories&post=30679"},{"taxonomy":"post_tag","embeddable":true,"href":"https:\/\/diariotribuna.com.br\/index.php?rest_route=%2Fwp%2Fv2%2Ftags&post=30679"}],"curies":[{"name":"wp","href":"https:\/\/api.w.org\/{rel}","templated":true}]}}