{"id":30690,"date":"2025-07-30T12:01:39","date_gmt":"2025-07-30T15:01:39","guid":{"rendered":"https:\/\/diariotribuna.com.br\/?p=30690"},"modified":"2025-07-30T12:01:39","modified_gmt":"2025-07-30T15:01:39","slug":"uberaba-recebera-gasoduto","status":"publish","type":"post","link":"https:\/\/diariotribuna.com.br\/?p=30690","title":{"rendered":"Uberaba receber\u00e1 gasoduto\u00a0"},"content":{"rendered":"<p><em><span>Foto: Reprodu\u00e7\u00e3o JM<\/span><\/em><\/p>\n<p><strong><span>COLUNA MG<\/span><\/strong><br \/><span>Principais destaques dos jornais e portais integrantes da rede Sindijori MG\u00a0<\/span><br \/><span><a href=\"http:\/\/www.sindijorimg.com.br\/\">www.sindijorimg.com.br<\/a><\/span><\/p>\n<p><strong><span>Uberaba receber\u00e1 gasoduto\u00a0<\/span><\/strong><br \/><span>Constru\u00e7\u00e3o do duto entre Iacanga at\u00e9 Uberaba deve ficar pronto em 2030, no plano em andamento que tornar\u00e1 Uberaba projeto piloto do programa G\u00e1s para Empregar. O Minist\u00e9rio de Minas e Energia j\u00e1 possui o 1\u00ba Plano Coordenado de Desenvolvimento do Sistema de Transporte de G\u00e1s Natural, que prop\u00f5e, ao todo, 30 projetos na malha de gasodutos do pa\u00eds. O gasoduto, deve ser constru\u00eddo pela empresa TBG, com 300 quil\u00f4metros de extens\u00e3o at\u00e9 chegar a Uberaba, com perspectiva de atender \u00e0 demanda de uma f\u00e1brica de fertilizantes e ind\u00fastrias qu\u00edmicas com potencial de produ\u00e7\u00e3o de 6 milh\u00f5es de metros c\u00fabicos por dia. (Jornal da Manh\u00e3 \u2013 Uberaba)<\/span><br \/><span><a href=\"https:\/\/jmonline.com.br\/politica\/gasoduto-de-uberaba-deve-ter-extens-o-de-300-km-e-pode-ficar-pronto-ate-o-ano-de-2030-1.529048\">https:\/\/jmonline.com.br\/politica\/gasoduto-de-uberaba-deve-ter-extens-o-de-300-km-e-pode-ficar-pronto-ate-o-ano-de-2030-1.529048<\/a><\/span><\/p>\n<p><strong><span>Hipotecas ter\u00e3o que ser baixadas<\/span><\/strong><br \/><span>O Minist\u00e9rio P\u00fablico Federal (MPF) obteve uma decis\u00e3o liminar que obriga a Caixa Econ\u00f4mica Federal a emitir cartas de baixa de hipoteca para consumidores finais que j\u00e1 quitaram seus im\u00f3veis em Uberl\u00e2ndia. A decis\u00e3o, concedida pela 2\u00aa Vara Federal da cidade, tamb\u00e9m determina que o banco publique a medida em seu site e em jornal de grande circula\u00e7\u00e3o local, a fim de garantir que os consumidores tenham acesso \u00e0 informa\u00e7\u00e3o e que a liminar seja efetivamente cumprida. (Regionalz\u00e3o \u2013 Uberl\u00e2ndia)<\/span><br \/><span><a href=\"https:\/\/regionalzao.com.br\/cotidiano\/uberlandia-justica-determina-que-caixa-baixe-hipotecas-de-imoveis-ja-quitados\/\">https:\/\/regionalzao.com.br\/cotidiano\/uberlandia-justica-determina-que-caixa-baixe-hipotecas-de-imoveis-ja-quitados\/<\/a><\/span><\/p>\n<p><strong><span>Grupo de Vi\u00e7osa inicia turn\u00ea<\/span><\/strong><br \/><span>Com uma bagagem de apresenta\u00e7\u00e3o recheada de pa\u00edses europeus, como B\u00e9lgica, Holanda e Portugal, o Grupo Impacto de Dan\u00e7a de Vi\u00e7osa atingir\u00e1 mais uma marca importante desde sua cria\u00e7\u00e3o, em 1990: a 4\u00aa turn\u00ea internacional, que, dessa vez, tem como destino o Festival Sziget, na Hungria, considerado um dos maiores eventos multiculturais da Europa e que re\u00fane 80 mil pessoas por dia. Os artistas vi\u00e7osenses embarcam para o pa\u00eds h\u00fangaro j\u00e1 nesta segunda-feira, 4 de agosto, e apresentam o espet\u00e1culo Tr\u00eas Gritos durante o festival, que acontece entre os dias 6 e 11 do mesmo m\u00eas. (Folha da Mata \u2013 Vi\u00e7osa)<\/span><br \/><span><a href=\"https:\/\/folhadamata.com.br\/grupo-de-danca-vicosense-embarca-para-4a-turne-internacional-nesta-segunda\">https:\/\/folhadamata.com.br\/grupo-de-danca-vicosense-embarca-para-4a-turne-internacional-nesta-segunda<\/a><\/span><\/p>\n<p><strong><span>Minas T\u00eanis comemora 90 anos<\/span><\/strong><br \/><span>As comemora\u00e7\u00f5es n\u00e3o param no Minas T\u00eanis Clube que est\u00e1 completando 90 anos com motivos de sobra para celebrar. Foi inaugurado, na \u00faltima ter\u00e7a-feira (22\/7), espa\u00e7o tem\u00e1tico na The House Food &amp; Fun, que est\u00e1 localizada na Savassi, no cora\u00e7\u00e3o de Belo Horizonte. Trata-se de um local com ambienta\u00e7\u00e3o preparada para celebrar a tradi\u00e7\u00e3o do Minas no v\u00f4lei, contando sua hist\u00f3ria de gl\u00f3rias por meio de uma vitrine expositiva e a reprodu\u00e7\u00e3o de um vesti\u00e1rio simb\u00f3lico, abertos \u00e0 visita\u00e7\u00e3o dos clientes do restaurante durante todo o per\u00edodo comemorativo. (Minas Conex\u00e3o \u2013 Belo Horizonte)<\/span><br \/><span><a href=\"https:\/\/minasconexao.com.br\/minas-tenis-clube-comemora-90-anos-com-espacos-tematicos-na-the-house\/\">https:\/\/minasconexao.com.br\/minas-tenis-clube-comemora-90-anos-com-espacos-tematicos-na-the-house\/<\/a><\/span><\/p>\n<p><strong><span>Com\u00e9rcio do Vale com hor\u00e1rio especial<\/span><\/strong><br \/><span>Nos dias que antecedem o Dia dos Pais, os lojistas de Coronel Fabriciano, Ipatinga e Tim\u00f3teo est\u00e3o autorizados a funcionar em hor\u00e1rio estendido. A medida vale para os dias 8 e 9 de agosto e tem como objetivo oferecer mais tempo para que os consumidores presenteiem seus pais, al\u00e9m de estimular as vendas no setor. Na sexta-feira (8\/8), o com\u00e9rcio poder\u00e1 abrir das 9h \u00e0s 20h. J\u00e1 no s\u00e1bado (9\/8), o funcionamento ser\u00e1 das 9h \u00e0s 15h. (Portal Silmara Freitas \u2013 Ipatinga)<\/span><br \/><span><a href=\"https:\/\/www.silmaradefreitas.com.br\/lojas-do-vale-do-aco-funcionarao-em-horario-especial-na-vespera-do-dia-dos-pais\/\">https:\/\/www.silmaradefreitas.com.br\/lojas-do-vale-do-aco-funcionarao-em-horario-especial-na-vespera-do-dia-dos-pais\/<\/a><\/span><\/p>\n<p><strong><span>Queimadas caem no sistema MG050<\/span><\/strong><br \/><span>As a\u00e7\u00f5es de preven\u00e7\u00e3o adotadas pela Via Nascentes t\u00eam contribu\u00eddo para a redu\u00e7\u00e3o das queimadas ao longo das rodovias do Sistema MG-050\/BR-265\/BR-491, trecho que liga Juatuba, na Regi\u00e3o Metropolitana de Belo Horizonte, a S\u00e3o Sebasti\u00e3o do Para\u00edso, na divisa com o Estado de S\u00e3o Paulo. Segundo a concession\u00e1ria, no primeiro semestre de 2025, foram registrados 29 focos de inc\u00eandio \u00e0s margens da rodovia, contra 66 ocorr\u00eancias no mesmo per\u00edodo de 2024, uma queda de aproximadamente 56%. (O Pergaminho \u2013 Formiga)<\/span><br \/><span><a href=\"https:\/\/www.opergaminho.com.br\/focos-de-incendio-caem-56-em-rodovias-do-sistema-mg-050\">https:\/\/www.opergaminho.com.br\/focos-de-incendio-caem-56-em-rodovias-do-sistema-mg-050<\/a><\/span><\/p>\n<p><span><\/span><\/p>\n<p>\u00a0<\/p>","protected":false},"excerpt":{"rendered":"<p>Foto: Reprodu\u00e7\u00e3o JM COLUNA MGPrincipais destaques dos jornais e portais integrantes da rede Sindijori MG\u00a0www.sindijorimg.com.br Uberaba receber\u00e1 gasoduto\u00a0Constru\u00e7\u00e3o do duto entre Iacanga at\u00e9 Uberaba deve ficar pronto em 2030, no plano em andamento que tornar\u00e1 Uberaba projeto piloto do programa G\u00e1s para Empregar. O Minist\u00e9rio de Minas e Energia j\u00e1 possui o 1\u00ba Plano Coordenado [&hellip;]<\/p>\n","protected":false},"author":0,"featured_media":30691,"comment_status":"open","ping_status":"open","sticky":false,"template":"","format":"standard","meta":{"rop_custom_images_group":[],"rop_custom_messages_group":[],"rop_publish_now":"initial","rop_publish_now_accounts":[],"rop_publish_now_history":[],"rop_publish_now_status":"pending","footnotes":""},"categories":[6745],"tags":[],"class_list":["post-30690","post","type-post","status-publish","format-standard","has-post-thumbnail","hentry","category-coluna-sindijori"],"_links":{"self":[{"href":"https:\/\/diariotribuna.com.br\/index.php?rest_route=\/wp\/v2\/posts\/30690"}],"collection":[{"href":"https:\/\/diariotribuna.com.br\/index.php?rest_route=\/wp\/v2\/posts"}],"about":[{"href":"https:\/\/diariotribuna.com.br\/index.php?rest_route=\/wp\/v2\/types\/post"}],"replies":[{"embeddable":true,"href":"https:\/\/diariotribuna.com.br\/index.php?rest_route=%2Fwp%2Fv2%2Fcomments&post=30690"}],"version-history":[{"count":0,"href":"https:\/\/diariotribuna.com.br\/index.php?rest_route=\/wp\/v2\/posts\/30690\/revisions"}],"wp:featuredmedia":[{"embeddable":true,"href":"https:\/\/diariotribuna.com.br\/index.php?rest_route=\/wp\/v2\/media\/30691"}],"wp:attachment":[{"href":"https:\/\/diariotribuna.com.br\/index.php?rest_route=%2Fwp%2Fv2%2Fmedia&parent=30690"}],"wp:term":[{"taxonomy":"category","embeddable":true,"href":"https:\/\/diariotribuna.com.br\/index.php?rest_route=%2Fwp%2Fv2%2Fcategories&post=30690"},{"taxonomy":"post_tag","embeddable":true,"href":"https:\/\/diariotribuna.com.br\/index.php?rest_route=%2Fwp%2Fv2%2Ftags&post=30690"}],"curies":[{"name":"wp","href":"https:\/\/api.w.org\/{rel}","templated":true}]}}