{"id":30698,"date":"2025-07-31T10:15:30","date_gmt":"2025-07-31T13:15:30","guid":{"rendered":"https:\/\/diariotribuna.com.br\/?p=30698"},"modified":"2025-07-31T10:15:32","modified_gmt":"2025-07-31T13:15:32","slug":"investigado-por-homicidio-ocorrido-em-malacacheta-e-preso-pela-policia-civil","status":"publish","type":"post","link":"https:\/\/diariotribuna.com.br\/?p=30698","title":{"rendered":"Investigado por homic\u00eddio ocorrido em Malacacheta \u00e9 preso pela Pol\u00edcia Civil"},"content":{"rendered":"\n<figure class=\"wp-block-image size-full is-resized\"><img loading=\"lazy\" decoding=\"async\" width=\"700\" height=\"393\" src=\"https:\/\/diariotribuna.com.br\/wp-content\/uploads\/2025\/07\/12ea914f606d205764807cdbdf4f4e18-1.jpg\" alt=\"\" class=\"wp-image-30701\" style=\"width:478px;height:auto\" srcset=\"https:\/\/diariotribuna.com.br\/wp-content\/uploads\/2025\/07\/12ea914f606d205764807cdbdf4f4e18-1.jpg 700w, https:\/\/diariotribuna.com.br\/wp-content\/uploads\/2025\/07\/12ea914f606d205764807cdbdf4f4e18-1-300x168.jpg 300w, https:\/\/diariotribuna.com.br\/wp-content\/uploads\/2025\/07\/12ea914f606d205764807cdbdf4f4e18-1-696x391.jpg 696w\" sizes=\"(max-width: 700px) 100vw, 700px\" \/><\/figure>\n\n\n\n<p>Na tarde de quarta-feira (30\/7), um homem de 31 anos foi preso preventivamente em a\u00e7\u00e3o da Pol\u00edcia Civil de Minas Gerais pelo crime de homic\u00eddio, ocorrido na zona rural de Malacacheta, no Vale do Mucuri. Conforme apurado, no dia 29 de junho deste ano, a v\u00edtima, um homem de 47 anos, foi surpreendida pelo suspeito, sendo alvo de disparos de arma de fogo e golpes de arma branca.<\/p>\n\n\n\n<p>Por meio de levantamentos periciais, incluindo exame no local do crime, necropsia e an\u00e1lise da motocicleta da v\u00edtima, al\u00e9m de depoimentos e minucioso exame topogr\u00e1fico da \u00e1rea, a equipe da Delegacia em Malacacheta reconstruiu a din\u00e2mica do fato, afastando a alega\u00e7\u00e3o de leg\u00edtima defesa apresentada pelo investigado. Diante dos ind\u00edcios reunidos, foi representado judicialmente pela pris\u00e3o preventiva do investigado, detido nesta quarta (30). (Assessoria de comunica\u00e7\u00e3o da PCMG).<\/p>\n","protected":false},"excerpt":{"rendered":"<p>Na tarde de quarta-feira (30\/7), um homem de 31 anos foi preso preventivamente em a\u00e7\u00e3o da Pol\u00edcia Civil de Minas Gerais pelo crime de homic\u00eddio, ocorrido na zona rural de Malacacheta, no Vale do Mucuri. Conforme apurado, no dia 29 de junho deste ano, a v\u00edtima, um homem de 47 anos, foi surpreendida pelo suspeito, [&hellip;]<\/p>\n","protected":false},"author":1,"featured_media":30701,"comment_status":"open","ping_status":"open","sticky":false,"template":"","format":"standard","meta":{"rop_custom_images_group":[],"rop_custom_messages_group":[],"rop_publish_now":"initial","rop_publish_now_accounts":[],"rop_publish_now_history":[],"rop_publish_now_status":"pending","footnotes":""},"categories":[25,20],"tags":[786,107,444,292],"class_list":["post-30698","post","type-post","status-publish","format-standard","has-post-thumbnail","hentry","category-destaque","category-policia","tag-homem-preso","tag-homicidio","tag-malacacheta","tag-policia-civil"],"_links":{"self":[{"href":"https:\/\/diariotribuna.com.br\/index.php?rest_route=\/wp\/v2\/posts\/30698"}],"collection":[{"href":"https:\/\/diariotribuna.com.br\/index.php?rest_route=\/wp\/v2\/posts"}],"about":[{"href":"https:\/\/diariotribuna.com.br\/index.php?rest_route=\/wp\/v2\/types\/post"}],"author":[{"embeddable":true,"href":"https:\/\/diariotribuna.com.br\/index.php?rest_route=\/wp\/v2\/users\/1"}],"replies":[{"embeddable":true,"href":"https:\/\/diariotribuna.com.br\/index.php?rest_route=%2Fwp%2Fv2%2Fcomments&post=30698"}],"version-history":[{"count":1,"href":"https:\/\/diariotribuna.com.br\/index.php?rest_route=\/wp\/v2\/posts\/30698\/revisions"}],"predecessor-version":[{"id":30702,"href":"https:\/\/diariotribuna.com.br\/index.php?rest_route=\/wp\/v2\/posts\/30698\/revisions\/30702"}],"wp:featuredmedia":[{"embeddable":true,"href":"https:\/\/diariotribuna.com.br\/index.php?rest_route=\/wp\/v2\/media\/30701"}],"wp:attachment":[{"href":"https:\/\/diariotribuna.com.br\/index.php?rest_route=%2Fwp%2Fv2%2Fmedia&parent=30698"}],"wp:term":[{"taxonomy":"category","embeddable":true,"href":"https:\/\/diariotribuna.com.br\/index.php?rest_route=%2Fwp%2Fv2%2Fcategories&post=30698"},{"taxonomy":"post_tag","embeddable":true,"href":"https:\/\/diariotribuna.com.br\/index.php?rest_route=%2Fwp%2Fv2%2Ftags&post=30698"}],"curies":[{"name":"wp","href":"https:\/\/api.w.org\/{rel}","templated":true}]}}