{"id":30706,"date":"2025-07-31T12:03:48","date_gmt":"2025-07-31T15:03:48","guid":{"rendered":"https:\/\/diariotribuna.com.br\/?p=30706"},"modified":"2025-07-31T12:03:48","modified_gmt":"2025-07-31T15:03:48","slug":"guarda-civil-de-jf-vai-usar-arma","status":"publish","type":"post","link":"https:\/\/diariotribuna.com.br\/?p=30706","title":{"rendered":"Guarda Civil de JF vai usar arma\u00a0"},"content":{"rendered":"<p><em><span>Foto: Divulga\u00e7\u00e3o PMJF<\/span><\/em><\/p>\n<p><strong><span>COLUNA MG<\/span><\/strong><br \/><span>Principais destaques dos jornais e portais integrantes da rede Sindijori MG\u00a0<\/span><br \/><span><a href=\"http:\/\/www.sindijorimg.com.br\/\">www.sindijorimg.com.br<\/a><\/span><\/p>\n<p><strong><span>Guarda de JF vai usar arma<\/span><\/strong><br \/><span>A prefeita Margarida Salom\u00e3o anunciou nesta quinta-feira, 31, que a Guarda Municipal de Juiz de Fora ser\u00e1 treinada e capacitada para usar armas de fogo em sua rotina de trabalho. A expectativa \u00e9 de que o processo seja encerrado at\u00e9 o in\u00edcio de 2026. A prefeita enfatizou que, desde o in\u00edcio do primeiro governo, a seguran\u00e7a \u00e9 prioridade, relembrando o investimento no sistema de monitoramento integrado, que hoje conta com 333 c\u00e2meras. Em paralelo a isso, ela relembrou o aumento das atividades urbanas, com mais equipamentos p\u00fablicos. (Portal Acessa \u2013 Juiz de Fora)<\/span><br \/><span><a href=\"https:\/\/www.acessa.com\/cidade\/2025\/07\/281259-guarda-municipal-de-juiz-de-fora-passa-a-usar-arma-de-fogo-em-2026.html\">https:\/\/www.acessa.com\/cidade\/2025\/07\/281259-guarda-municipal-de-juiz-de-fora-passa-a-usar-arma-de-fogo-em-2026.html<\/a><\/span><\/p>\n<p><strong><span>Divin\u00f3polis faz semana da moda<\/span><\/strong><br \/><span>O Sebrae Minas e a Prefeitura de Divin\u00f3polis, realizam, entre os dias 4 e 9 de agosto, a Semana da Moda 2025. O evento, que completa sua terceira edi\u00e7\u00e3o, \u00e9 realizado em parceria com o Sindicato da Ind\u00fastria do Vestu\u00e1rio de Divin\u00f3polis (Sinvesd), Senai, Cefet MG e Senac, com o objetivo de valorizar a produ\u00e7\u00e3o local, gerar neg\u00f3cios e fortalecer a imagem da cidade como refer\u00eancia em moda acess\u00edvel e de qualidade, al\u00e9m de atrair lojistas de Belo Horizonte e da regi\u00e3o metropolitana para conhecerem a variedade e a qualidade da produ\u00e7\u00e3o confeccionista da cidade. (Portal MPA \u2013 Divin\u00f3polis)<\/span><br \/><span><a href=\"https:\/\/www.sistemampa.com.br\/noticias\/divinopolis\/semana-da-moda-2025-impulsiona-negocios-e-inovacao-em-divinopolis\/\">https:\/\/www.sistemampa.com.br\/noticias\/divinopolis\/semana-da-moda-2025-impulsiona-negocios-e-inovacao-em-divinopolis\/<\/a><\/span><\/p>\n<p><strong><span>Norte Empreendedor avan\u00e7a em 5 cidades<\/span><\/strong><br \/><span>A 3\u00aa edi\u00e7\u00e3o do Norte Empreendedor, programa idealizado pelo Sicoob Credinor e o Sebrae, j\u00e1 capacitou dezenas de empres\u00e1rios, cooperados da Credinor. Neste ano, cinco cidades da regi\u00e3o, Montes Claros, Bocaiuva, Taiobeiras, Francisco S\u00e1 e Buen\u00f3polis est\u00e3o recebendo as atividades. Por meio de consultorias personalizadas e workshops, os participantes t\u00eam acesso a uma variedade de capacita\u00e7\u00f5es gratuitas nas \u00e1reas de marketing, vendas, finan\u00e7as, lideran\u00e7a e gest\u00e3o. (Gazeta Norte Mineira \u2013 Montes Claros)<\/span><br \/><span><a href=\"https:\/\/gazetanm.com.br\/norte-empreendedor-avanca-com-consultorias-em-cinco-cidades-da-regiao\/\">https:\/\/gazetanm.com.br\/norte-empreendedor-avanca-com-consultorias-em-cinco-cidades-da-regiao\/<\/a><\/span><\/p>\n<p><strong><span>Rio Doce tem Festival de Gastronomia<\/span><\/strong><br \/><span>Est\u00e1 chegando o aguardado Festival de Gastronomia Abrasel 2025, promovido pela Associa\u00e7\u00e3o Brasileira de Bares e Restaurantes (Abrasel) \u2013 Regional Vale do Rio Doce. O evento abre oficialmente no dia 05 de agosto, com uma cerim\u00f4nia especial no Teatro Atiaia, \u00e0s 19h. Durante 30 dias, de 06 de agosto a 06 de setembro, diferentes bairros de Governador Valadares ser\u00e3o palco de uma verdadeira celebra\u00e7\u00e3o da culin\u00e1ria local. Cerca de 70 estabelecimentos participam com a cria\u00e7\u00e3o de 84 pratos exclusivos, oferecidos com pre\u00e7os promocionais especialmente para o festival. (Jornal da Cidade \u2013 Governador Valadares)<\/span><br \/><span><a href=\"https:\/\/jornaldacidadevalesdeminas.com\/cidade\/abrasel-dara-inicio-ao-festival-de-gastronomia-2025-com-cerimonia-oficial-no-teatro-atiaia\/\">https:\/\/jornaldacidadevalesdeminas.com\/cidade\/abrasel-dara-inicio-ao-festival-de-gastronomia-2025-com-cerimonia-oficial-no-teatro-atiaia\/<\/a><\/span><\/p>\n<p><strong><span>Institui\u00e7\u00e3o banc\u00e1ria deixa Nanuque<\/span><\/strong><br \/><span>O Banco Ita\u00fa fechou definitivamente as portas de sua ag\u00eancia em Nanuque nesta quinta-feira, 31 de julho. A decis\u00e3o faz parte de uma ampla reestrutura\u00e7\u00e3o promovida pela institui\u00e7\u00e3o, que vem priorizando os canais digitais e reduzindo sua presen\u00e7a f\u00edsica em diversas cidades do pa\u00eds. Um dos motivos alegados para o encerramento das opera\u00e7\u00f5es em Nanuque \u00e9 a baixa rentabilidade da unidade, que foi agravada pelo decl\u00ednio populacional do munic\u00edpio e pela aus\u00eancia de pol\u00edticas p\u00fablicas de desenvolvimento regional. (Em Tempo \u2013 Nanuque)<\/span><br \/><span><a href=\"https:\/\/jornalemtempo.com\/itau-encerra-atividades-em-nanuque-nesta-quinta-feira-31-de-julho\">https:\/\/jornalemtempo.com\/itau-encerra-atividades-em-nanuque-nesta-quinta-feira-31-de-julho<\/a><\/span><\/p>\n<p><strong><span>Prefeitos cobram do Governo<\/span><\/strong><br \/><span>Trinta munic\u00edpios do Sudoeste Mineiro se reuniram em Passos para a 203\u00aa Assembleia Geral Ordin\u00e1ria da Associa\u00e7\u00e3o dos Munic\u00edpios da Microrregi\u00e3o do M\u00e9dio Rio Grande (Ameg) e da Associa\u00e7\u00e3o dos Munic\u00edpios da Baixa Mogiana (Amog). No evento que teve a presen\u00e7a do secret\u00e1rio de Estado de Governo, Marcelo Aro; e do diretor-geral do Departamento de Estradas de Rodagem (DER-MG), Rodrigo Tavares, eles fizeram cobran\u00e7as diretas \u00e0s autoridades estaduais sobre a situa\u00e7\u00e3o cr\u00edtica das rodovias, da infraestrutura regional e dos servi\u00e7os prestados por concession\u00e1rias estaduais. (Observo \u2013 Passos)<\/span><br \/><span><a href=\"https:\/\/www.observo.com.br\/prefeitos-da-regiao-cobram-do-governo-melhorias-em-rodovias-e-servicos-publicos\">https:\/\/www.observo.com.br\/prefeitos-da-regiao-cobram-do-governo-melhorias-em-rodovias-e-servicos-publicos<\/a><\/span><\/p>\n<p><span><\/span><\/p>\n<p>\u00a0<\/p>","protected":false},"excerpt":{"rendered":"<p>Foto: Divulga\u00e7\u00e3o PMJF COLUNA MGPrincipais destaques dos jornais e portais integrantes da rede Sindijori MG\u00a0www.sindijorimg.com.br Guarda de JF vai usar armaA prefeita Margarida Salom\u00e3o anunciou nesta quinta-feira, 31, que a Guarda Municipal de Juiz de Fora ser\u00e1 treinada e capacitada para usar armas de fogo em sua rotina de trabalho. A expectativa \u00e9 de que [&hellip;]<\/p>\n","protected":false},"author":0,"featured_media":30707,"comment_status":"open","ping_status":"open","sticky":false,"template":"","format":"standard","meta":{"rop_custom_images_group":[],"rop_custom_messages_group":[],"rop_publish_now":"initial","rop_publish_now_accounts":[],"rop_publish_now_history":[],"rop_publish_now_status":"pending","footnotes":""},"categories":[6745],"tags":[],"class_list":["post-30706","post","type-post","status-publish","format-standard","has-post-thumbnail","hentry","category-coluna-sindijori"],"_links":{"self":[{"href":"https:\/\/diariotribuna.com.br\/index.php?rest_route=\/wp\/v2\/posts\/30706"}],"collection":[{"href":"https:\/\/diariotribuna.com.br\/index.php?rest_route=\/wp\/v2\/posts"}],"about":[{"href":"https:\/\/diariotribuna.com.br\/index.php?rest_route=\/wp\/v2\/types\/post"}],"replies":[{"embeddable":true,"href":"https:\/\/diariotribuna.com.br\/index.php?rest_route=%2Fwp%2Fv2%2Fcomments&post=30706"}],"version-history":[{"count":0,"href":"https:\/\/diariotribuna.com.br\/index.php?rest_route=\/wp\/v2\/posts\/30706\/revisions"}],"wp:featuredmedia":[{"embeddable":true,"href":"https:\/\/diariotribuna.com.br\/index.php?rest_route=\/wp\/v2\/media\/30707"}],"wp:attachment":[{"href":"https:\/\/diariotribuna.com.br\/index.php?rest_route=%2Fwp%2Fv2%2Fmedia&parent=30706"}],"wp:term":[{"taxonomy":"category","embeddable":true,"href":"https:\/\/diariotribuna.com.br\/index.php?rest_route=%2Fwp%2Fv2%2Fcategories&post=30706"},{"taxonomy":"post_tag","embeddable":true,"href":"https:\/\/diariotribuna.com.br\/index.php?rest_route=%2Fwp%2Fv2%2Ftags&post=30706"}],"curies":[{"name":"wp","href":"https:\/\/api.w.org\/{rel}","templated":true}]}}