{"id":30708,"date":"2025-08-01T10:54:37","date_gmt":"2025-08-01T13:54:37","guid":{"rendered":"https:\/\/diariotribuna.com.br\/?p=30708"},"modified":"2025-08-01T10:54:37","modified_gmt":"2025-08-01T13:54:37","slug":"morango-do-amor-doce-famoso-na-internet-ajuda-a-manter-o-preco-em-alta","status":"publish","type":"post","link":"https:\/\/diariotribuna.com.br\/?p=30708","title":{"rendered":"Morango do amor: doce famoso na internet ajuda a manter o pre\u00e7o em alta\u00a0"},"content":{"rendered":"<p class=\"MsoNormal\"><span>FAEMG SENAR | Divulga\u00e7\u00e3o<\/span><\/p>\n<p><span><\/span><span><\/span><span><\/span><span><\/span><span><\/span><span><\/span><span><\/span><span><\/span><span><\/span><\/p>\n<p>Quem usa as redes sociais com certeza j\u00e1 se deparou com uma foto ou v\u00eddeo do doce que virou o queridinho do momento: <strong>o morango do amor<\/strong>. Inspirado na tradicional ma\u00e7\u00e3 do amor, a iguaria feita com morango leva, al\u00e9m da calda vermelha caramelizada, <strong>um generoso recheio de brigadeiro branco<\/strong>.<\/p>\n<p><strong>Confeiteiros profissionais e amadores adoraram a ideia<\/strong>, e o doce j\u00e1 est\u00e1 entre os mais pedidos pelos clientes. Quem comemora a novidade s\u00e3o os <strong>produtores de morango<\/strong>, que viram a demanda e os pre\u00e7os subirem.<\/p>\n<p>Julimeire Santos \u00e9 agricultora em Santos Dumont, na Zona da Mata, e diz que <strong>a procura pela fruta gra\u00fada aumentou muito<\/strong>. Ela vende a caixa com 12 unidades na feira da cidade. S\u00f3 em um dia, foram <strong>22 cartelas vendidas<\/strong> \u2014 e o que antes sa\u00eda por <strong>R$ 10 agora chega a R$ 15<\/strong>.<\/p>\n<p>\u201c<strong>Antes elas compravam o morango de cumbuca, para bombom ou decora\u00e7\u00e3o de tortas. Agora, todas querem o extra para fazer o morango do amor<\/strong>\u201d, conta Julimeire, sobre suas clientes fixas.<\/p>\n\n<p><span>(Foto: Sistema Faemg Senar\/Divulga\u00e7\u00e3o)<\/span><\/p>\n<p>Quem vende a fruta no atacado tamb\u00e9m comemora. Rodolfo Silva \u00e9 de Alfredo Vasconcelos, no Campo das Vertentes, conhecida como a <strong>\u201cterra do morango\u201d<\/strong>. O cultivo da fruta tornou-se a base da economia da cidade de pouco mais de sete mil habitantes. Hoje, s\u00e3o mais de cem produtores.<\/p>\n<p><strong>Tr\u00eas vezes por semana<\/strong>, Rodolfo leva sua produ\u00e7\u00e3o para comercializar no Ceasa em Belo Horizonte. No total, vende <strong>duas mil caixas de morangos<\/strong>, cada uma com <strong>1,2 kg<\/strong>.<\/p>\n<p>\u201c<strong>O tempo tamb\u00e9m tem ajudado. Este ano, n\u00e3o tivemos geadas nem muita umidade, o que faz a fruta estragar mais r\u00e1pido. Estamos vendendo um produto com muita qualidade e por um bom pre\u00e7o<\/strong>\u201d, explica Rodolfo.<\/p>\n<p>Ele conta que, como este \u00e9 o per\u00edodo de oferta em alta, <strong>o pre\u00e7o costuma cair<\/strong>. H\u00e1 algumas semanas, chegou a vender a caixa por <strong>R$ 12<\/strong>. Mas, com o aumento da procura, <strong>o pre\u00e7o voltou ao patamar de quando a produ\u00e7\u00e3o \u00e9 menor<\/strong>, variando de <strong>R$ 25 a R$ 30<\/strong>.<\/p>\n\n<p><span>(Foto: Sistema Faemg Senar\/Divulga\u00e7\u00e3o)<\/span><\/p>\n<p>Julimeire e Rodolfo est\u00e3o entre os produtores atendidos pelo <strong>Programa de Assist\u00eancia T\u00e9cnica e Gerencial (ATeG)<\/strong> do Sistema Faemg Senar. E \u00e9 justamente com as orienta\u00e7\u00f5es que recebem da t\u00e9cnica de campo Renata Viol que aprendem a <strong>aproveitar essas oportunidades<\/strong>.<\/p>\n<p>\u201c<strong>Essa \u00e9 a \u00e9poca em que come\u00e7a a colheita no Sul de Minas tamb\u00e9m, ent\u00e3o, normalmente, o pre\u00e7o cai muito por causa do aumento da oferta. Mas este ano isso n\u00e3o aconteceu. N\u00f3s tivemos manuten\u00e7\u00e3o e at\u00e9 pre\u00e7os maiores que os meses anteriores. Para os nossos produtores, tem sido muito bom<\/strong>\u201d, explica Renata.<\/p>\n\n<p>Se depender do <strong>gosto do brasileiro por doces e novidades<\/strong>, a tend\u00eancia \u00e9 que <strong>a demanda continue alta<\/strong> e siga at\u00e9 <strong>o pico da safra, nos meses de setembro e outubro<\/strong>.<\/p>\n<p>\u00a0<\/p>","protected":false},"excerpt":{"rendered":"<p>FAEMG SENAR | Divulga\u00e7\u00e3o Quem usa as redes sociais com certeza j\u00e1 se deparou com uma foto ou v\u00eddeo do doce que virou o queridinho do momento: o morango do amor. Inspirado na tradicional ma\u00e7\u00e3 do amor, a iguaria feita com morango leva, al\u00e9m da calda vermelha caramelizada, um generoso recheio de brigadeiro branco. Confeiteiros [&hellip;]<\/p>\n","protected":false},"author":0,"featured_media":30709,"comment_status":"open","ping_status":"open","sticky":false,"template":"","format":"standard","meta":{"rop_custom_images_group":[],"rop_custom_messages_group":[],"rop_publish_now":"initial","rop_publish_now_accounts":[],"rop_publish_now_history":[],"rop_publish_now_status":"pending","footnotes":""},"categories":[6745],"tags":[],"class_list":["post-30708","post","type-post","status-publish","format-standard","has-post-thumbnail","hentry","category-coluna-sindijori"],"_links":{"self":[{"href":"https:\/\/diariotribuna.com.br\/index.php?rest_route=\/wp\/v2\/posts\/30708"}],"collection":[{"href":"https:\/\/diariotribuna.com.br\/index.php?rest_route=\/wp\/v2\/posts"}],"about":[{"href":"https:\/\/diariotribuna.com.br\/index.php?rest_route=\/wp\/v2\/types\/post"}],"replies":[{"embeddable":true,"href":"https:\/\/diariotribuna.com.br\/index.php?rest_route=%2Fwp%2Fv2%2Fcomments&post=30708"}],"version-history":[{"count":0,"href":"https:\/\/diariotribuna.com.br\/index.php?rest_route=\/wp\/v2\/posts\/30708\/revisions"}],"wp:featuredmedia":[{"embeddable":true,"href":"https:\/\/diariotribuna.com.br\/index.php?rest_route=\/wp\/v2\/media\/30709"}],"wp:attachment":[{"href":"https:\/\/diariotribuna.com.br\/index.php?rest_route=%2Fwp%2Fv2%2Fmedia&parent=30708"}],"wp:term":[{"taxonomy":"category","embeddable":true,"href":"https:\/\/diariotribuna.com.br\/index.php?rest_route=%2Fwp%2Fv2%2Fcategories&post=30708"},{"taxonomy":"post_tag","embeddable":true,"href":"https:\/\/diariotribuna.com.br\/index.php?rest_route=%2Fwp%2Fv2%2Ftags&post=30708"}],"curies":[{"name":"wp","href":"https:\/\/api.w.org\/{rel}","templated":true}]}}