{"id":30716,"date":"2025-08-02T09:25:54","date_gmt":"2025-08-02T12:25:54","guid":{"rendered":"https:\/\/diariotribuna.com.br\/?p=30716"},"modified":"2025-08-02T09:25:54","modified_gmt":"2025-08-02T12:25:54","slug":"prazo-prorrogado-inscricoes-para-o-concurso-silemg-de-desenho-e-redacao-2025-vao-ate-1o-de-setembro","status":"publish","type":"post","link":"https:\/\/diariotribuna.com.br\/?p=30716","title":{"rendered":"Prazo prorrogado! Inscri\u00e7\u00f5es para o Concurso SILEMG de Desenho e Reda\u00e7\u00e3o 2025 v\u00e3o at\u00e9 1\u00ba de setembro\u00a0"},"content":{"rendered":"<p>O <strong>Sindicato da Ind\u00fastria de Latic\u00ednios do Estado de Minas Gerais (SILEMG)<\/strong> prorrogou o prazo de inscri\u00e7\u00f5es para a <strong>14\u00aa edi\u00e7\u00e3o do Concurso de Desenho e Reda\u00e7\u00e3o<\/strong>. Agora, <strong>escolas p\u00fablicas e privadas de todo o estado<\/strong> t\u00eam at\u00e9 o <strong>dia 1\u00ba de setembro de 2025<\/strong> para garantir a participa\u00e7\u00e3o de seus alunos.<\/p>\n<p>Com foco na <strong>valoriza\u00e7\u00e3o da cadeia produtiva do leite<\/strong> e no <strong>incentivo \u00e0 criatividade<\/strong>, a edi\u00e7\u00e3o de 2025 refor\u00e7a o compromisso com a <strong>inclus\u00e3o<\/strong>, ao contar com <strong>categorias espec\u00edficas para estudantes neurodivergentes<\/strong>.<br \/>O regulamento completo e os formul\u00e1rios de inscri\u00e7\u00e3o est\u00e3o dispon\u00edveis na p\u00e1gina oficial do concurso:<br \/><strong><a target=\"_new\" class=\"\" href=\"https:\/\/www.silemg.com.br\/concurso-redacao-desenho\" rel=\"noopener\">www.silemg.com.br\/concurso-redacao-desenho<\/a><\/strong><\/p>\n<h3><strong>Categorias e temas da edi\u00e7\u00e3o 2025:<\/strong><\/h3>\n<p>\u2022 <strong>Grupo 1 \u2013 Ensino Fundamental (1\u00ba ao 5\u00ba ano)<\/strong><br \/>Categoria: <em>Desenho<\/em><br \/>Tema: <em>O poder do leite e derivados na constru\u00e7\u00e3o de uma vida saud\u00e1vel<\/em><\/p>\n<p>\u2022 <strong>Grupo 2 \u2013 Ensino Fundamental (6\u00ba ao 9\u00ba ano)<\/strong><br \/>Categoria: <em>Reda\u00e7\u00e3o<\/em><br \/>Tema: <em>O caminho do leite e derivados: da ind\u00fastria \u00e0 mesa do consumidor<\/em><\/p>\n<p>\u2022 <strong>Grupo 3 \u2013 Ensino M\u00e9dio (1\u00ba ao 3\u00ba ano)<\/strong><br \/>Categoria: <em>Reda\u00e7\u00e3o<\/em><br \/>Tema: <em>Tecnologia e inova\u00e7\u00e3o na ind\u00fastria l\u00e1ctea: caminhos para um futuro sustent\u00e1vel<\/em><\/p>\n<p>\u2022 <strong>Grupo 4 \u2013 Alunos Neurodivergentes<\/strong><br \/>Categoria: <em>Desenho<\/em><br \/>Tema: <em>A via l\u00e1ctea do c\u00e9u de Minas Gerais<\/em><\/p>\n<p>\u2022 <strong>Grupo 5 \u2013 Alunos Neurodivergentes<\/strong><br \/>Categoria: <em>Reda\u00e7\u00e3o<\/em><br \/>Tema: <em>Leite e l\u00e1cteos todo dia: por que \u00e9 saboroso ou por que \u00e9 nutritivo?<\/em><\/p>\n<h3><strong>Premia\u00e7\u00e3o<\/strong><\/h3>\n<p>Os <strong>tr\u00eas primeiros colocados<\/strong> em cada grupo receber\u00e3o pr\u00eamios como <strong>notebooks<\/strong>, <strong>valores em dinheiro<\/strong> e <strong>bolsas t\u00e9rmicas com produtos l\u00e1cteos<\/strong>.<br \/>Al\u00e9m disso, os <strong>15 melhores trabalhos n\u00e3o premiados<\/strong> receber\u00e3o <strong>men\u00e7\u00f5es honrosas<\/strong>.<\/p>\n<p><strong>Escolas e professores orientadores<\/strong> tamb\u00e9m ser\u00e3o homenageados com <strong>bolsas de estudos<\/strong>, oferecidas pelo <strong>Centro Educacional Fl\u00e1via Rita<\/strong> e pela <strong>Faculdade Arnaldo<\/strong>.<\/p>\n<h3><strong>Apoio aos participantes<\/strong><\/h3>\n<p>Para apoiar ainda mais os alunos, o SILEMG promove <strong>videoaulas gratuitas<\/strong> com <strong>conte\u00fados interdisciplinares<\/strong> (ci\u00eancias, biologia, f\u00edsica, t\u00e9cnicas de desenho e reda\u00e7\u00e3o).<br \/>Acesse a playlist completa no canal do SILEMG no YouTube:<br \/><strong><a target=\"_new\" class=\"\" href=\"https:\/\/www.youtube.com\/watch?v=gpvbMTwwjOU&amp;list=PL811meaXCcQ9YRtMWIK8iIlAm-YTuYVzq\" rel=\"noopener\">Clique aqui para assistir<\/a><\/strong><\/p>\n\n<p>A <strong>avalia\u00e7\u00e3o dos trabalhos<\/strong> ser\u00e1 conduzida pelo time do <strong>Centro Educacional Fl\u00e1via Rita<\/strong>, que tamb\u00e9m premiar\u00e1 os <strong>professores orientadores<\/strong> com <strong>bolsas de estudo<\/strong>.<br \/>A <strong>Tetra Pak<\/strong> permanece como <strong>parceira institucional<\/strong>, refor\u00e7ando o compromisso com a <strong>sustentabilidade e a educa\u00e7\u00e3o<\/strong>.<\/p>\n<p>\u00a0<\/p>","protected":false},"excerpt":{"rendered":"<p>O Sindicato da Ind\u00fastria de Latic\u00ednios do Estado de Minas Gerais (SILEMG) prorrogou o prazo de inscri\u00e7\u00f5es para a 14\u00aa edi\u00e7\u00e3o do Concurso de Desenho e Reda\u00e7\u00e3o. Agora, escolas p\u00fablicas e privadas de todo o estado t\u00eam at\u00e9 o dia 1\u00ba de setembro de 2025 para garantir a participa\u00e7\u00e3o de seus alunos. Com foco na [&hellip;]<\/p>\n","protected":false},"author":0,"featured_media":30717,"comment_status":"open","ping_status":"open","sticky":false,"template":"","format":"standard","meta":{"rop_custom_images_group":[],"rop_custom_messages_group":[],"rop_publish_now":"initial","rop_publish_now_accounts":[],"rop_publish_now_history":[],"rop_publish_now_status":"pending","footnotes":""},"categories":[6745],"tags":[],"class_list":["post-30716","post","type-post","status-publish","format-standard","has-post-thumbnail","hentry","category-coluna-sindijori"],"_links":{"self":[{"href":"https:\/\/diariotribuna.com.br\/index.php?rest_route=\/wp\/v2\/posts\/30716"}],"collection":[{"href":"https:\/\/diariotribuna.com.br\/index.php?rest_route=\/wp\/v2\/posts"}],"about":[{"href":"https:\/\/diariotribuna.com.br\/index.php?rest_route=\/wp\/v2\/types\/post"}],"replies":[{"embeddable":true,"href":"https:\/\/diariotribuna.com.br\/index.php?rest_route=%2Fwp%2Fv2%2Fcomments&post=30716"}],"version-history":[{"count":0,"href":"https:\/\/diariotribuna.com.br\/index.php?rest_route=\/wp\/v2\/posts\/30716\/revisions"}],"wp:featuredmedia":[{"embeddable":true,"href":"https:\/\/diariotribuna.com.br\/index.php?rest_route=\/wp\/v2\/media\/30717"}],"wp:attachment":[{"href":"https:\/\/diariotribuna.com.br\/index.php?rest_route=%2Fwp%2Fv2%2Fmedia&parent=30716"}],"wp:term":[{"taxonomy":"category","embeddable":true,"href":"https:\/\/diariotribuna.com.br\/index.php?rest_route=%2Fwp%2Fv2%2Fcategories&post=30716"},{"taxonomy":"post_tag","embeddable":true,"href":"https:\/\/diariotribuna.com.br\/index.php?rest_route=%2Fwp%2Fv2%2Ftags&post=30716"}],"curies":[{"name":"wp","href":"https:\/\/api.w.org\/{rel}","templated":true}]}}